{"id":89827,"date":"2025-11-18T07:50:14","date_gmt":"2025-11-18T07:50:14","guid":{"rendered":"https:\/\/www.europesays.com\/no\/89827\/"},"modified":"2025-11-18T07:50:14","modified_gmt":"2025-11-18T07:50:14","slug":"glimt-sport-onsker-ekspressbehandling-i-haikin-saken-na-har-politikeren-tatt-opp-saken-pa-stortinget-avisa-nordland","status":"publish","type":"post","link":"https:\/\/www.europesays.com\/no\/89827\/","title":{"rendered":"Glimt, Sport | \u00d8nsker ekspressbehandling i Haikin-saken &#8211; n\u00e5 har politikeren tatt opp saken p\u00e5 Stortinget &#8211; Avisa Nordland"},"content":{"rendered":"<ol>\n<li><a href=\"https:\/\/news.google.com\/rss\/articles\/CBMivAFBVV95cUxQTG5XblItakFtRHYyZ2YxbVJuOUxhRU5xQXFxU1RJNE9wTXJ5YXZNT01KY1ZGVnJOZms2d1ZHT1g1Q2FaeWI0a3hXaENSRWFVVUhVRFh3SDlsU25rX0p2bmZPRGZNSzVMazNkcFpPd1NZNHBKcTVycVhTNFlJVXZzbHhIQXQzd1BlUXFQZUxBYlpoZXlDdGF0cjNNMHI1UjZxY0RXbWg4RzhwRmdqV002M2xpYXJoUVZYYVhTSQ?oc=5\" target=\"_blank\" rel=\"nofollow noopener\">Glimt, Sport | \u00d8nsker ekspressbehandling i Haikin-saken &#8211; n\u00e5 har politikeren tatt opp saken p\u00e5 Stortinget<\/a>&nbsp;&nbsp;Avisa Nordland<\/li>\n<li><a href=\"https:\/\/news.google.com\/rss\/articles\/CBMivAFBVV95cUxQVHh6WTFrTUN4Z1RtS0hRUHZPYmVaUS05TUNkc2NvbEdQN1AzcmEyWXlYbDl0eHZXR280VzloaHdXSzdCbFdYMmx3SzRIaUV1c0JFVHkwbGZOUVVHb0ZmWFZiWlNTXzU1RDk2OUx0by1Ncml4YTNWVXVCOTd5UTF5OEo2eGZrdTZNMzFDcTJoSzNsQ3BaMC1rSEZJN3Awdk9ycElqWmRtSjdWZXQ5VXV1VU8xSDRIRzh6Rkh5bg?oc=5\" target=\"_blank\" rel=\"nofollow noopener\">Skriftlig sp\u00f8rsm\u00e5l fra B\u00e5rd Ludvig Thorheim (H) til justis- og beredskapsministeren<\/a>&nbsp;&nbsp;Stortinget.no<\/li>\n<li><a href=\"https:\/\/news.google.com\/rss\/articles\/CBMi3AFBVV95cUxPRHhXMHBKWWxuZG1JdzAwNUVOTGNVbTA2RFZmak8yLWEwN1FLQ05uUVAxMFVsdzV2MXA1QS1PN1JDN0dyWGpmTGZEUlZPSDJ2eUloMHpYLUxaTFVLdFB0QTlHUjd1cV85SFFlMzdRa0xtVWtWOEE5Q0pyUmVLa1hOakVaWXFEMEkzV1FuYXNVbVd3dGJfa0xzaU9NRGVoMmJHT21ZbW1rY0VCOUF1NWR5RmJkVEtFWEU1OThiWFVCTzdXLTJXV2tJbGg5VzRmQmtqLXBLWmVDNi04aDVX?oc=5\" target=\"_blank\" rel=\"nofollow noopener\">(+) \u2013 Det blir meningsl\u00f8st om s\u00f8knaden blir liggende i en bunke til VM er ferdig<\/a>&nbsp;&nbsp;minerva.no<\/li>\n<\/ol>\n","protected":false},"excerpt":{"rendered":"Glimt, Sport | \u00d8nsker ekspressbehandling i Haikin-saken &#8211; n\u00e5 har politikeren tatt opp saken p\u00e5 Stortinget&nbsp;&nbsp;Avisa Nordland Skriftlig&hellip;\n","protected":false},"author":2,"featured_media":89828,"comment_status":"","ping_status":"","sticky":false,"template":"","format":"standard","meta":{"footnotes":""},"categories":[59],"tags":[30,28,29,83,82],"class_list":{"0":"post-89827","1":"post","2":"type-post","3":"status-publish","4":"format-standard","5":"has-post-thumbnail","7":"category-sport","8":"tag-no","9":"tag-norge","10":"tag-norway","11":"tag-sport","12":"tag-sports"},"share_on_mastodon":{"url":"https:\/\/pubeurope.com\/@no\/115569611418131056","error":""},"_links":{"self":[{"href":"https:\/\/www.europesays.com\/no\/wp-json\/wp\/v2\/posts\/89827","targetHints":{"allow":["GET"]}}],"collection":[{"href":"https:\/\/www.europesays.com\/no\/wp-json\/wp\/v2\/posts"}],"about":[{"href":"https:\/\/www.europesays.com\/no\/wp-json\/wp\/v2\/types\/post"}],"author":[{"embeddable":true,"href":"https:\/\/www.europesays.com\/no\/wp-json\/wp\/v2\/users\/2"}],"replies":[{"embeddable":true,"href":"https:\/\/www.europesays.com\/no\/wp-json\/wp\/v2\/comments?post=89827"}],"version-history":[{"count":0,"href":"https:\/\/www.europesays.com\/no\/wp-json\/wp\/v2\/posts\/89827\/revisions"}],"wp:featuredmedia":[{"embeddable":true,"href":"https:\/\/www.europesays.com\/no\/wp-json\/wp\/v2\/media\/89828"}],"wp:attachment":[{"href":"https:\/\/www.europesays.com\/no\/wp-json\/wp\/v2\/media?parent=89827"}],"wp:term":[{"taxonomy":"category","embeddable":true,"href":"https:\/\/www.europesays.com\/no\/wp-json\/wp\/v2\/categories?post=89827"},{"taxonomy":"post_tag","embeddable":true,"href":"https:\/\/www.europesays.com\/no\/wp-json\/wp\/v2\/tags?post=89827"}],"curies":[{"name":"wp","href":"https:\/\/api.w.org\/{rel}","templated":true}]}}