{"id":9000,"date":"2025-08-15T15:01:11","date_gmt":"2025-08-15T15:01:11","guid":{"rendered":"https:\/\/www.europesays.com\/no\/9000\/"},"modified":"2025-08-15T15:01:11","modified_gmt":"2025-08-15T15:01:11","slug":"ensomhetspartiet-krevde-40-000-kr-for-fattigdoms-prat-med-else-kass-furuseth","status":"publish","type":"post","link":"https:\/\/www.europesays.com\/no\/9000\/","title":{"rendered":"Ensomhetspartiet krevde 40.000 kr for fattigdoms-prat med Else K\u00e5ss Furuseth"},"content":{"rendered":"\n<p class=\"_lead_1bvmi_2 _lead_xtcu6_50 layout-component text-serif-m layout-normal text-serif-l layout-component layout-wide layout-padded _wide_17hqh_1 layout-padded\">Else K\u00e5ss Furuseths parti krevde penger for at hun skulle snakke til ideelle fattigdomsorganisasjoner om egen politikk. N\u00e5 legger hun seg flat.<\/p>\n<p><img alt=\"PARTILEDER: Komiker Else K\u00e5ss Furuseth grunnla i \u00e5r partiet Ensomhetspartiet. De stiller til valg i h\u00f8st for f\u00f8rste gang.\u00a0 Foto: Naina Hel\u00e9n J\u00e5ma \/ VG\" class=\"_image_qp4xg_65 layout-component layout-wide\" data-fullscreen- data-track-element-type=\"Article image fullscreen\" data-track-name=\"ImageFullscreen\" fetchpriority=\"high\" decoding=\"sync\" loading=\"eager\" height=\"5068\" itemprop=\"image\"  src=\"https:\/\/www.europesays.com\/no\/wp-content\/uploads\/2025\/08\/c7c4ae48-ada9-4f78-9493-161c48db812f\"  style=\"object-position:0% 0%\" width=\"7602\"\/>PARTILEDER: Komiker Else K\u00e5ss Furuseth grunnla i \u00e5r partiet Ensomhetspartiet. De stiller til valg i h\u00f8st for f\u00f8rste gang.\u00a0 Foto: Naina Hel\u00e9n J\u00e5ma \/ VG<\/p>\n<ul aria-hidden=\"true\" class=\"_images_1y6fe_106\">\n<li><a class=\"_link_1y6fe_111\" href=\"https:\/\/www.vg.no\/forfatter\/eirik-roesvik\" style=\"z-index:2\" title=\"Eirik R\u00f8svik\" rel=\"nofollow noopener\" target=\"_blank\"><img alt=\"Bilde av Eirik R\u00f8svik\" class=\"_image_1y6fe_88\" fetchpriority=\"low\" loading=\"lazy\" decoding=\"async\" itemprop=\"image\"  src=\"https:\/\/www.europesays.com\/no\/wp-content\/uploads\/2025\/08\/70a67d81-f421-451e-a350-09c2af1a54cf\"  width=\"480\"\/><\/a><\/li>\n<li><a class=\"_link_1y6fe_111\" href=\"https:\/\/www.vg.no\/forfatter\/anja-ariel-toernes-brekke\" style=\"z-index:1\" title=\"Anja A. T. Brekke\" rel=\"nofollow noopener\" target=\"_blank\"><img alt=\"Bilde av Anja A. T. Brekke\" class=\"_image_1y6fe_88\" fetchpriority=\"low\" loading=\"lazy\" decoding=\"async\" itemprop=\"image\"  src=\"https:\/\/www.europesays.com\/no\/wp-content\/uploads\/2025\/08\/1755270069_60_064db0a6-f784-4fee-a84a-81e3f5807bb6\"  width=\"480\"\/><\/a><\/li>\n<\/ul>\n<p> Oppdatert fredag 15. august kl. 16:34    <\/p>\n<ul class=\"_list_1bvmi_3 _list_1flq1_85 _unordered_1bvmi_99 text-sans-m\">\n<li class=\"_item_1bvmi_30\">Else K\u00e5ss Furuseths parti krevde penger fra Velferdsalliansen for \u00e5 snakke om fattigdom og ensomhet<\/li>\n<li class=\"_item_1bvmi_30\">Furuseth legger seg flat og sier at de n\u00e5 vil samarbeide med organisasjonen.<\/li>\n<li class=\"_item_1bvmi_30\">Politikere bruker \u00e5 stille opp gratis i Norge. Ensomhetspartiet sier at de har pr\u00f8vd \u00e5 tjene penger for \u00e5 kunne gjennomf\u00f8re tiltak mot utenforskap.<\/li>\n<\/ul>\n<p>Vis mer <\/p>\n<p class=\"_paragraph_1bvmi_4 _paragraph_xtcu6_10 layout-component text-serif-m layout-normal text-serif-m layout-padded\">I Norge er det vanlig at politikere stiller opp gratis for \u00e5 snakke med velgere og organisasjoner om egen politikk. <\/p>\n<p class=\"_paragraph_1bvmi_4 _paragraph_xtcu6_10 layout-component text-serif-m layout-normal text-serif-m layout-padded\">I mars i \u00e5r planla fattigdomsnettverket Velferdsalliansen EAPN sin \u00e5rlige samling for sine 19 medlemsorganisasjoner fra ulike deler av landet. Noen jobber spesifikt med uf\u00f8re, noen med mental helse og noen deler ut mat og hjelper fattige familier.\u00a0<\/p>\n<p><img decoding=\"async\" alt=\"Bilde av Elida Hel\u00f8y\" class=\"_image_ygndg_42\" height=\"53\" itemprop=\"image\" loading=\"lazy\"  src=\"https:\/\/www.europesays.com\/no\/wp-content\/uploads\/2025\/08\/944c638f-3b7a-4213-981f-6f2a9966353a\"  width=\"40\"\/><strong class=\"_name_ygndg_51 title-serif-xs\">Elida Hel\u00f8y<\/strong><\/p>\n<p class=\"_paragraph_1bvmi_4 text-sans-m _description_ygndg_56\">Politisk r\u00e5dgiver i Velferdsalliansen<\/p>\n<p class=\"_paragraph_1bvmi_4 _paragraph_xtcu6_10 layout-component text-serif-m layout-normal text-serif-m layout-padded\">De bruker \u00e5 invitere politikere og lurte derfor p\u00e5 om partileder og komiker <a href=\"https:\/\/www.vg.no\/tag\/else-kaass-furuseth?utm_source=vg-article&amp;utm_medium=auto-tagger&amp;utm_campaign=yEPrkg\" class=\"_link_1bvmi_39\" rel=\"nofollow noopener\" target=\"_blank\">Else K\u00e5ss Furuseth<\/a> i Ensomhetspartiet kunne ha lyst til \u00e5 delta. <\/p>\n<p class=\"_paragraph_1bvmi_4 _paragraph_xtcu6_10 layout-component text-serif-m layout-normal text-serif-m layout-padded\">\u2013 Vi pr\u00f8ver \u00e5 f\u00e5 til en fysisk samling av alle medlemsorganisasjonene i \u00e5ret. Da bruker vi \u00e5 invitere politikere for \u00e5 snakke om saker eller h\u00f8re om hvordan de jobber. Det gir medlemmene v\u00e5re mulighet til \u00e5 gi innspill, stille sp\u00f8rsm\u00e5l og l\u00e6re mer om hvordan vi kan p\u00e5virke politikken, sier politisk r\u00e5dgiver Elida Hel\u00f8y til VG. <\/p>\n<p>\u2013 Veldig glade<\/p>\n<p class=\"_paragraph_1bvmi_4 _paragraph_xtcu6_10 layout-component text-serif-m layout-normal text-serif-m layout-padded\">Hel\u00f8y sier at organisasjonene i nettverket best\u00e5r av bruker- og p\u00e5r\u00f8rendeorganisasjoner som jobber med \u00e5 bekjempe sosial og \u00f8konomisk utenforskap. Nettverket er partipolitisk uavhengig.<\/p>\n<p class=\"_paragraph_1bvmi_4 _paragraph_xtcu6_10 layout-component text-serif-m layout-normal text-serif-m layout-padded\">\u2013 Det er likevel ikke noen hemmelighet at vi ble veldig glade og positivt overrasket da vi h\u00f8rte at det ble etablert et nytt parti som skulle fokusere p\u00e5 en s\u00e5 viktig sak som ensomhet. Det er en sak som st\u00e5r v\u00e5re medlemmer n\u00e6rt, sier Hel\u00f8y. <\/p>\n<p class=\"_paragraph_1bvmi_4 _paragraph_xtcu6_10 layout-component text-serif-m layout-normal text-serif-m layout-padded\">Furuseth grunnla Ensomhetspartiet tidligere i \u00e5r og de stiller til valg i h\u00f8st for f\u00f8rste gang. NRK planla f\u00f8rst en TV-serie om partiet, men trakk TV-serien og satte Furuseths NRK-jobbing p\u00e5 vent etter kritikk om rollesammenblanding. <\/p>\n<p class=\"_paragraph_1bvmi_4 _paragraph_xtcu6_10 layout-component text-serif-m layout-normal text-serif-m layout-padded\">Furuseth har v\u00e6rt engasjert i kampen for bedre mental helse og kampen mot selvmord og ensomhet. <\/p>\n<p><img alt=\"FIKK ROASTE ERNA: Else K\u00e5ss Furseth deltok p\u00e5 VGTVs roast av H\u00f8yre-leder Erna Solberg under Arendalsuka.   Foto: G\u00f8ran Bohlin \/ VG\" class=\"_image_qp4xg_65 layout-component layout-normal\" data-fullscreen- data-track-element-type=\"Article image fullscreen\" data-track-name=\"ImageFullscreen\" decoding=\"async\" loading=\"lazy\" height=\"5504\" itemprop=\"image\"  src=\"https:\/\/www.europesays.com\/no\/wp-content\/uploads\/2025\/08\/2fff07a8-d17b-49bc-8caf-e5c01b6aa983\"  style=\"object-position:0% 0%\" width=\"8256\"\/>FIKK ROASTE ERNA: Else K\u00e5ss Furseth deltok p\u00e5 VGTVs roast av H\u00f8yre-leder Erna Solberg under Arendalsuka.   Foto: G\u00f8ran Bohlin \/ VG<\/p>\n<p class=\"_paragraph_1bvmi_4 _paragraph_xtcu6_10 layout-component text-serif-m layout-normal text-serif-m layout-padded\">Hel\u00f8y sier at fattigdom er sterkt forbundet med h\u00f8yere risiko for ensomhet. <\/p>\n<p class=\"_paragraph_1bvmi_4 _paragraph_xtcu6_10 layout-component text-serif-m layout-normal text-serif-m layout-padded\">\u2013 Nesten alt i Norge koster penger og noen kan sitte igjen med s\u00e5 lite som 1000 kroner i m\u00e5neden etter at alle n\u00f8dvendige utgifter er betalt. Da er det vanskelig \u00e5 delta fullt ut i samfunnet og v\u00e6re sosiale. Mange av v\u00e5re medlemmer er ogs\u00e5 uf\u00f8re. De er ekstra utsatt for isolasjon og ensomhet, sier hun.<\/p>\n<p>\u2013 Aldri opplevd <\/p>\n<p class=\"_paragraph_1bvmi_4 _paragraph_xtcu6_10 layout-component text-serif-m layout-normal text-serif-m layout-padded\">Velferdsalliansen sendte derfor en e-post til Ensomhetspartiet fordi de trodde dette kunne v\u00e6re relevant. Partiet takket for invitasjonen, men opplyste at Furuseth ville ta betalt for \u00e5 delta i en samtale med noen fra nettverket p\u00e5 samlingen: <\/p>\n<p><img alt=\"\" class=\"_image_qp4xg_65 layout-component layout-normal\" data-fullscreen- data-track-element-type=\"Article image fullscreen\" data-track-name=\"ImageFullscreen\" decoding=\"async\" loading=\"lazy\" height=\"486\" itemprop=\"image\"  src=\"https:\/\/www.europesays.com\/no\/wp-content\/uploads\/2025\/08\/a16aa76e-ace3-40ae-9c4b-8a784001f338\"  style=\"object-position:0% 0%\" width=\"773\"\/><\/p>\n<p class=\"_paragraph_1bvmi_4 _paragraph_xtcu6_10 layout-component text-serif-m layout-normal text-serif-m layout-padded\">Partiet opplyste at Furuseth tok 40.000 kroner i honorar pluss reise for \u00e5 delta p\u00e5 slike arrangementer. De sa videre at pengene gikk til partiet. <\/p>\n<p class=\"_paragraph_1bvmi_4 _paragraph_xtcu6_10 layout-component text-serif-m layout-normal text-serif-m layout-padded\">Hel\u00f8y svarte at de som en ideell organisasjon med begrensede midler ikke hadde r\u00e5d til \u00e5 betale dette for at politikeren skulle delta p\u00e5 samlingen. <\/p>\n<p class=\"_paragraph_1bvmi_4 _paragraph_xtcu6_10 layout-component text-serif-m layout-normal text-serif-m layout-padded\">\u2013 Vi spurte om de hadde lyst \u00e5 fortelle om hvordan de jobbet. Vi sa at vi var \u00e5pne p\u00e5 formatet, men ville h\u00f8re om det var av interesse. S\u00e5 fikk jeg svar tilbake om at de var veldig interesserte, men at det ville koste 40.000 kroner i honorar pluss reise, sier Hel\u00f8y.<\/p>\n<p class=\"_paragraph_1bvmi_4 _paragraph_xtcu6_10 layout-component text-serif-m layout-normal text-serif-m layout-padded\"><strong class=\"_strong_1bvmi_25\">\u2013 Da sa vi til hverandre: \u00aboi!\u00bb. Det har vi aldri opplevd f\u00f8r. Jeg ble veldig skuffet. Vi takket nei. Det hadde vi ikke r\u00e5d til, sier hun.<\/strong><\/p>\n<p>Furuseth snur<\/p>\n<p class=\"_paragraph_1bvmi_4 _paragraph_xtcu6_10 layout-component text-serif-m layout-normal text-serif-m layout-padded\">VG har forelagt saken til Else K\u00e5ss Furuseth. Hun er fredag p\u00e5 ArendalsukasArendalsukasPolitisk festival i Arendal siste dag.<\/p>\n<p class=\"_paragraph_1bvmi_4 _paragraph_xtcu6_10 layout-component text-serif-m layout-normal text-serif-m layout-padded\">Furuseth bekrefter at partiet har f\u00e5tt penger fra jobber hun har tatt honorar for. VG har spurt hvor mye det er snakk om, men det har hun ikke opplyst.<\/p>\n<p class=\"_paragraph_1bvmi_4 _paragraph_xtcu6_10 layout-component text-serif-m layout-normal text-serif-m layout-padded\">Hun innr\u00f8mmer at de gjorde en feil ved \u00e5 be om penger fra Velferdsalliansen.<\/p>\n<p class=\"_paragraph_1bvmi_4 _paragraph_xtcu6_10 layout-component text-serif-m layout-normal text-serif-m layout-padded\">\u2013 Velferdsalliansen gj\u00f8r en veldig god jobb, og vi jobber for mye av de samme tingene- og vi ser i ettertid at de selvf\u00f8lgelig burde f\u00e5tt et annet svar, skriver hun.<\/p>\n<p><img alt=\"FREDSPIPE: Elida Hel\u00f8y har m\u00f8ttes i Arendal fredag ettermiddag.  Foto: Privat\" class=\"_image_qp4xg_65 layout-component layout-normal\" data-fullscreen- data-track-element-type=\"Article image fullscreen\" data-track-name=\"ImageFullscreen\" decoding=\"async\" loading=\"lazy\" height=\"3088\" itemprop=\"image\"  src=\"https:\/\/www.europesays.com\/no\/wp-content\/uploads\/2025\/08\/24a7f602-7ece-437f-b36a-aadd5575dbd5\"  style=\"object-position:0% 0%\" width=\"2316\"\/>FREDSPIPE: Elida Hel\u00f8y har m\u00f8ttes i Arendal fredag ettermiddag.  Foto: Privat<\/p>\n<p class=\"_paragraph_1bvmi_4 _paragraph_xtcu6_10 layout-component text-serif-m layout-normal text-serif-m layout-padded\">Furuseth tok fredag kontakt med Hel\u00f8y p\u00e5 Arendalsuka og de tok en prat. Hel\u00f8y sier til VG at de gjerne kan invitere henne til noe senere dersom det er relevant, men at de ikke har noen konkrete planer n\u00e5.<\/p>\n<p class=\"_paragraph_1bvmi_4 _paragraph_xtcu6_10 layout-component text-serif-m layout-normal text-serif-m layout-padded\">Hun sier videre at hun h\u00e5per de tar en internrevisjon av rutiner for \u00e5 svare p\u00e5 henvendelser \u2013 og at det ikke blir slik at andre organisasjoner som ikke tar kontakt med avisen m\u00e5 betale. <\/p>\n<p class=\"_paragraph_1bvmi_4 _paragraph_xtcu6_10 layout-component text-serif-m layout-normal text-serif-m layout-padded\">Furuseth sier at partiet har lite penger og er underbemannet.<\/p>\n<p class=\"_paragraph_1bvmi_4 _paragraph_xtcu6_10 layout-component text-serif-m layout-normal text-serif-m layout-padded\">\u2013 Ensomhetspartiet har ingen annen finansiering enn medlemskontingenten, hvor medlemmene i stor grad selv velger bel\u00f8pet. For \u00e5 kunne gjennomf\u00f8re tiltak mot utenforskap har vi i noen tilfeller tatt imot honorar for oppdrag, da partiet er underbemannet og underfinansiert, skriver Furuseth og legger til:<\/p>\n<p class=\"_paragraph_1bvmi_4 _paragraph_xtcu6_10 layout-component text-serif-m layout-normal text-serif-m layout-padded\">\u2013 Jeg mottar selvf\u00f8lgelig ikke selv betaling for mitt arbeid i Ensomhetspartiet, og har hittil bidratt med rundt 300 000 kroner av egne midler for \u00e5 st\u00f8tte partiets drift. Flere andre legger ogs\u00e5 ned frivillig og ubetalt innsats. V\u00e5r tanke har hele tiden v\u00e6rt at honoraret du viser til, skulle g\u00e5 direkte til form\u00e5l som motvirker utenforskap, skriver hun. <\/p>\n","protected":false},"excerpt":{"rendered":"Else K\u00e5ss Furuseths parti krevde penger for at hun skulle snakke til ideelle fattigdomsorganisasjoner om egen politikk. N\u00e5&hellip;\n","protected":false},"author":2,"featured_media":9001,"comment_status":"","ping_status":"","sticky":false,"template":"","format":"standard","meta":{"footnotes":""},"categories":[10],"tags":[20,21,1912,1913,1017,24,25,15,22,23,13,30,28,281,29,14,16,26,27,205],"class_list":{"0":"post-9000","1":"post","2":"type-post","3":"status-publish","4":"format-standard","5":"has-post-thumbnail","7":"category-norge","8":"tag-breaking-news","9":"tag-breakingnews","10":"tag-else-kass-furuseth","11":"tag-ensomhet","12":"tag-fattigdom","13":"tag-featured-news","14":"tag-featurednews","15":"tag-headlines","16":"tag-latest-news","17":"tag-latestnews","18":"tag-news","19":"tag-no","20":"tag-norge","21":"tag-norsk-politikk","22":"tag-norway","23":"tag-nyheter","24":"tag-overskrifter","25":"tag-top-stories","26":"tag-topstories","27":"tag-vgsamfunn"},"share_on_mastodon":{"url":"","error":""},"_links":{"self":[{"href":"https:\/\/www.europesays.com\/no\/wp-json\/wp\/v2\/posts\/9000","targetHints":{"allow":["GET"]}}],"collection":[{"href":"https:\/\/www.europesays.com\/no\/wp-json\/wp\/v2\/posts"}],"about":[{"href":"https:\/\/www.europesays.com\/no\/wp-json\/wp\/v2\/types\/post"}],"author":[{"embeddable":true,"href":"https:\/\/www.europesays.com\/no\/wp-json\/wp\/v2\/users\/2"}],"replies":[{"embeddable":true,"href":"https:\/\/www.europesays.com\/no\/wp-json\/wp\/v2\/comments?post=9000"}],"version-history":[{"count":0,"href":"https:\/\/www.europesays.com\/no\/wp-json\/wp\/v2\/posts\/9000\/revisions"}],"wp:featuredmedia":[{"embeddable":true,"href":"https:\/\/www.europesays.com\/no\/wp-json\/wp\/v2\/media\/9001"}],"wp:attachment":[{"href":"https:\/\/www.europesays.com\/no\/wp-json\/wp\/v2\/media?parent=9000"}],"wp:term":[{"taxonomy":"category","embeddable":true,"href":"https:\/\/www.europesays.com\/no\/wp-json\/wp\/v2\/categories?post=9000"},{"taxonomy":"post_tag","embeddable":true,"href":"https:\/\/www.europesays.com\/no\/wp-json\/wp\/v2\/tags?post=9000"}],"curies":[{"name":"wp","href":"https:\/\/api.w.org\/{rel}","templated":true}]}}