{"id":90005,"date":"2025-11-18T11:20:07","date_gmt":"2025-11-18T11:20:07","guid":{"rendered":"https:\/\/www.europesays.com\/no\/90005\/"},"modified":"2025-11-18T11:20:07","modified_gmt":"2025-11-18T11:20:07","slug":"emirates-bestiller-fly-for-385-milliarder-kroner","status":"publish","type":"post","link":"https:\/\/www.europesays.com\/no\/90005\/","title":{"rendered":"Emirates bestiller fly for 385 milliarder kroner"},"content":{"rendered":"<p>P\u00e5 \u00e5pningsdagen av Dubai Airshow 2025 annonserte Emirates at det bestiller ytterligere 65 Boeing 777-9 til en listepris p\u00e5 38 milliarder dollar (384 milliarder kroner), melder\u00a0 flere medier.<\/p>\n<p class=\"subhead\" data-element-type=\"subhead\" data-element-label=\"Mellomtittel\">Kjempeordre<\/p>\n<p>Det fremg\u00e5r ogs\u00e5 av en pressemelding fra Boeing at avtalen \u00f8ker Emirates\u2019 samlede bestilling fra Boeing til 315 \u00abwide body\u00bb fly, inkludert 270 av modellen 777X, 10 av 777-fraktfly og 35 Dreamliner 787. I tillegg inng\u00e5r kj\u00f8p av 130 nye GE9X-motorer fra GE Aerospace, som skal v\u00e6re verdens st\u00f8rste ordre p\u00e5 flymotorer av sitt slag.<\/p>\n<p>\u2013 Vi har lenge \u00f8nsket st\u00f8rre og mer effektive flytyper som kan m\u00f8te veksten i flytrafikken og kapasitetsutfordringer p\u00e5 flyplasser, sa konsernsjef i Emirates Sheikh Ahmed bin Saeed Al Maktoum, <a href=\"https:\/\/www.forbes.com\/sites\/marisagarcia\/2025\/11\/17\/dubai-airshow-emirates-pens-38-billion-deal-for-65-more-boeing-777xs\/\" target=\"_blank\" rel=\"nofollow noopener\">if\u00f8lge Forbes<\/a>.\u00a0<\/p>\n<p>Han understreket ogs\u00e5 at selskapet st\u00f8tter Boeings planlagte 777-10-variant, som er en forlenget versjon av 777X-familien. Han la ogs\u00e5 til at hvert fly i ordren er n\u00f8ye vurdert som en del av Emirates\u2019 vekstplan, som er tett koblet til Dubais langsiktige utviklingsstrategi.<\/p>\n<p class=\"subhead\" data-element-type=\"subhead\" data-element-label=\"Mellomtittel\">Etterlengtet opptur<\/p>\n<p class=\"\">For Boeing gir bestillingen et etterlengtet l\u00f8ft til 777X-programmet, som har v\u00e6rt rammet av forsinkelser og sertifiseringsproblemer.\u00a0<\/p>\n<p>Flytypen, som opprinnelig skulle v\u00e6rt i kommersiell drift i 2020.\u00a0Den f\u00f8rste 777-9 er planlagt levert i andre kvartal 2027 og lanseringskunden Lufthansa har allerede fjernet 777X fra fl\u00e5teplanene sine f\u00f8r 2027.<\/p>\n<p>If\u00f8lge Emirates vil avtalen st\u00f8tte hundretusener av amerikanske industriarbeidsplasser gjennom produksjonen av 777X og GE9X i over et dusin delstater.<\/p>\n<p>Flyselskapet opererer i dag 269 fly og har 367 i bestilling. I tillegg til Boeing-ordren inng\u00e5r ogs\u00e5 en ordre p\u00e5 52 Airbus A350-900.<\/p>\n","protected":false},"excerpt":{"rendered":"P\u00e5 \u00e5pningsdagen av Dubai Airshow 2025 annonserte Emirates at det bestiller ytterligere 65 Boeing 777-9 til en listepris&hellip;\n","protected":false},"author":2,"featured_media":90006,"comment_status":"","ping_status":"","sticky":false,"template":"","format":"standard","meta":{"footnotes":""},"categories":[56],"tags":[60,61,62,30,28,29],"class_list":{"0":"post-90005","1":"post","2":"type-post","3":"status-publish","4":"format-standard","5":"has-post-thumbnail","7":"category-naeringsliv","8":"tag-business","9":"tag-economy","10":"tag-naeringsliv","11":"tag-no","12":"tag-norge","13":"tag-norway"},"share_on_mastodon":{"url":"https:\/\/pubeurope.com\/@no\/115570437189877612","error":""},"_links":{"self":[{"href":"https:\/\/www.europesays.com\/no\/wp-json\/wp\/v2\/posts\/90005","targetHints":{"allow":["GET"]}}],"collection":[{"href":"https:\/\/www.europesays.com\/no\/wp-json\/wp\/v2\/posts"}],"about":[{"href":"https:\/\/www.europesays.com\/no\/wp-json\/wp\/v2\/types\/post"}],"author":[{"embeddable":true,"href":"https:\/\/www.europesays.com\/no\/wp-json\/wp\/v2\/users\/2"}],"replies":[{"embeddable":true,"href":"https:\/\/www.europesays.com\/no\/wp-json\/wp\/v2\/comments?post=90005"}],"version-history":[{"count":0,"href":"https:\/\/www.europesays.com\/no\/wp-json\/wp\/v2\/posts\/90005\/revisions"}],"wp:featuredmedia":[{"embeddable":true,"href":"https:\/\/www.europesays.com\/no\/wp-json\/wp\/v2\/media\/90006"}],"wp:attachment":[{"href":"https:\/\/www.europesays.com\/no\/wp-json\/wp\/v2\/media?parent=90005"}],"wp:term":[{"taxonomy":"category","embeddable":true,"href":"https:\/\/www.europesays.com\/no\/wp-json\/wp\/v2\/categories?post=90005"},{"taxonomy":"post_tag","embeddable":true,"href":"https:\/\/www.europesays.com\/no\/wp-json\/wp\/v2\/tags?post=90005"}],"curies":[{"name":"wp","href":"https:\/\/api.w.org\/{rel}","templated":true}]}}