{"id":90009,"date":"2025-11-18T11:23:09","date_gmt":"2025-11-18T11:23:09","guid":{"rendered":"https:\/\/www.europesays.com\/no\/90009\/"},"modified":"2025-11-18T11:23:09","modified_gmt":"2025-11-18T11:23:09","slug":"kjetil-rekdal-sykmeldt-pa-ubestemt-tid-etter-kreftoperasjon","status":"publish","type":"post","link":"https:\/\/www.europesays.com\/no\/90009\/","title":{"rendered":"Kjetil Rekdal sykmeldt p\u00e5 ubestemt tid etter kreftoperasjon"},"content":{"rendered":"\n<p class=\"_lead_o9xde_2 _lead_xtcu6_50 layout-component text-serif-m layout-normal text-serif-l layout-component layout-wide layout-padded _wide_17hqh_1 layout-padded\">Kjetil Rekdal ble p\u00e5 sensommeren diagnostisert med kreft og er n\u00e5 sykmeldt fra jobben som Aalesund-trener etter en operasjon.<\/p>\n<p><img alt=\" Foto: Thomas Fure \/ NTB\" class=\"_image_qp4xg_65 layout-component layout-wide\" data-fullscreen- data-track-element-type=\"Article image fullscreen\" data-track-name=\"ImageFullscreen\" fetchpriority=\"high\" decoding=\"sync\" loading=\"eager\" height=\"4000\" itemprop=\"image\"  src=\"https:\/\/www.europesays.com\/no\/wp-content\/uploads\/2025\/11\/66327e8b-bea4-47ef-8153-69112124831c\"  style=\"object-position:0% 0%\" width=\"6000\"\/> Foto: Thomas Fure \/ NTB<\/p>\n<ul aria-hidden=\"true\" class=\"_images_18f0k_111\">\n<li><a class=\"_link_18f0k_116\" href=\"https:\/\/www.vg.no\/forfatter\/ntb\" style=\"z-index:1\" title=\"NTB\" rel=\"nofollow noopener\" target=\"_blank\"><img alt=\"Bilde av NTB\" class=\"_image_18f0k_93\" fetchpriority=\"low\" loading=\"lazy\" decoding=\"async\" itemprop=\"image\"  src=\"https:\/\/www.europesays.com\/no\/wp-content\/uploads\/2025\/11\/1763464989_766_c33980b0-5d07-4027-84a1-813f90a7c8d6\"  width=\"480\"\/><\/a><\/li>\n<\/ul>\n<p> Oppdatert tirsdag 18. november kl. 11:57     <\/p>\n<p class=\"_paragraph_o9xde_4 _paragraph_xtcu6_10 layout-component text-serif-m layout-normal text-serif-m layout-padded\">Saken oppdateres!<\/p>\n<p class=\"_paragraph_o9xde_4 _paragraph_xtcu6_10 layout-component text-serif-m layout-normal text-serif-m layout-padded\">Det opplyser klubben i en <a href=\"https:\/\/www.aafk.no\/nyheter\/kjetil-rekdal-er-sykemeldt\" class=\"_link_o9xde_39\" rel=\"nofollow noopener\" target=\"_blank\">pressemelding tirsdag<\/a>.<\/p>\n<p class=\"_paragraph_o9xde_4 _paragraph_xtcu6_10 layout-component text-serif-m layout-normal text-serif-m layout-padded\">\u00abHan har ikke \u00f8nsket noe fokus rundt sykdommen, for \u00e5 gi laget og seg selv best mulig arbeidsro og mulighet for gode prestasjoner. Rekdal er n\u00e5 operert, prognosene er gode og han h\u00e5per \u00e5 v\u00e6re tilbake til s\u00e5 fort som mulig\u00bb, skriver klubben.<\/p>\n<p class=\"_paragraph_o9xde_4 _paragraph_xtcu6_10 layout-component text-serif-m layout-normal text-serif-m layout-padded\">Rekdal ber om \u00e5 f\u00e5 ro til han er tilbake p\u00e5 jobb, heter det videre.<\/p>\n","protected":false},"excerpt":{"rendered":"Kjetil Rekdal ble p\u00e5 sensommeren diagnostisert med kreft og er n\u00e5 sykmeldt fra jobben som Aalesund-trener etter en&hellip;\n","protected":false},"author":2,"featured_media":90010,"comment_status":"","ping_status":"","sticky":false,"template":"","format":"standard","meta":{"footnotes":""},"categories":[5],"tags":[20,21,24,25,92,15,19,2951,22,23,17,18,13,30,28,29,14,16,26,27],"class_list":{"0":"post-90009","1":"post","2":"type-post","3":"status-publish","4":"format-standard","5":"has-post-thumbnail","7":"category-overskrifter","8":"tag-breaking-news","9":"tag-breakingnews","10":"tag-featured-news","11":"tag-featurednews","12":"tag-fotball","13":"tag-headlines","14":"tag-hovedoppslag","15":"tag-kjetil-rekdal","16":"tag-latest-news","17":"tag-latestnews","18":"tag-main-news","19":"tag-mainnews","20":"tag-news","21":"tag-no","22":"tag-norge","23":"tag-norway","24":"tag-nyheter","25":"tag-overskrifter","26":"tag-top-stories","27":"tag-topstories"},"share_on_mastodon":{"url":"https:\/\/pubeurope.com\/@no\/115570449185297196","error":""},"_links":{"self":[{"href":"https:\/\/www.europesays.com\/no\/wp-json\/wp\/v2\/posts\/90009","targetHints":{"allow":["GET"]}}],"collection":[{"href":"https:\/\/www.europesays.com\/no\/wp-json\/wp\/v2\/posts"}],"about":[{"href":"https:\/\/www.europesays.com\/no\/wp-json\/wp\/v2\/types\/post"}],"author":[{"embeddable":true,"href":"https:\/\/www.europesays.com\/no\/wp-json\/wp\/v2\/users\/2"}],"replies":[{"embeddable":true,"href":"https:\/\/www.europesays.com\/no\/wp-json\/wp\/v2\/comments?post=90009"}],"version-history":[{"count":0,"href":"https:\/\/www.europesays.com\/no\/wp-json\/wp\/v2\/posts\/90009\/revisions"}],"wp:featuredmedia":[{"embeddable":true,"href":"https:\/\/www.europesays.com\/no\/wp-json\/wp\/v2\/media\/90010"}],"wp:attachment":[{"href":"https:\/\/www.europesays.com\/no\/wp-json\/wp\/v2\/media?parent=90009"}],"wp:term":[{"taxonomy":"category","embeddable":true,"href":"https:\/\/www.europesays.com\/no\/wp-json\/wp\/v2\/categories?post=90009"},{"taxonomy":"post_tag","embeddable":true,"href":"https:\/\/www.europesays.com\/no\/wp-json\/wp\/v2\/tags?post=90009"}],"curies":[{"name":"wp","href":"https:\/\/api.w.org\/{rel}","templated":true}]}}