{"id":90021,"date":"2025-11-18T11:40:09","date_gmt":"2025-11-18T11:40:09","guid":{"rendered":"https:\/\/www.europesays.com\/no\/90021\/"},"modified":"2025-11-18T11:40:09","modified_gmt":"2025-11-18T11:40:09","slug":"apple-latterliggjores-for-ny-lansering-selger-avklipt-sokk-for-over-2-300-kroner","status":"publish","type":"post","link":"https:\/\/www.europesays.com\/no\/90021\/","title":{"rendered":"Apple latterliggj\u00f8res for ny lansering \u2013 selger \u00abavklipt sokk\u00bb for over 2 300 kroner"},"content":{"rendered":"<p>Den fargerike b\u00e6revesken ble lansert tirsdag som en del av et samarbeid mellom Apple og det japanske motehuset Issey Miyake. If\u00f8lge Apple er produktet inspirert av \u00abet stykke t\u00f8y\u00bb og ideen om \u00ab\u00e5 skape en ekstra lomme\u00bb.<\/p>\n<p>Reaksjonene p\u00e5 nettet lot ikke vente p\u00e5 seg. P\u00e5 X (tidligere Twitter) skriver en bruker:<\/p>\n<p>\u00ab2.300 kr for en sokk.\u00bb<\/p>\n<p>Teknologi-profilen Marques Brownlee (MKBHD) kalte lanseringen en \u00ablojalitetstest\u00bb for fans som kj\u00f8per eller forsvarer alt Apple slipper ut.<\/p>\n<p><img loading=\"lazy\" decoding=\"async\" width=\"1024\" height=\"576\" src=\"https:\/\/www.europesays.com\/no\/wp-content\/uploads\/2025\/11\/ca13b720-bfde-11f0-bbea-2df62eb90585.jpg-1.webp.webp\" alt=\"\" class=\"wp-image-20769\"  \/>Apple<\/p>\n<p>Kritikk for b\u00e5de pris og design<\/p>\n<p>Mange kommenterte at vesken \u2013 som mangler glidel\u00e5s og struktur \u2013 ser ut som en sokk med stropp, og stilte sp\u00f8rsm\u00e5l ved sikkerheten:<\/p>\n<p>\u00abIngen lukking, ingen beskyttelse \u2013 og med tanke p\u00e5 alle mobiltyverier n\u00e5 for tiden \u2026 ingen sikkerhet?\u00bb<\/p>\n<p>Andre la ut humoristiske bilder av Sacha Baron Cohen som Borat i sin gr\u00f8nne mankini, med teksten \u00abApple Pocket prototype\u00bb.<\/p>\n<p>Apple forsvarer samarbeidet<\/p>\n<p>Apple forklarer at produktet er en hyllest til designeren Issey Miyake, som tidligere samarbeidet med Steve Jobs om hans ikoniske svarte h\u00f8yhalser. Vesken leveres i \u00e5tte korte og tre lange versjoner, i farger som gult, lilla, turkis, bl\u00e5tt og svart.<\/p>\n<p>Ekspert: \u2013 Tester lojaliteten<\/p>\n<p>If\u00f8lge sosiale medier-ekspert Matt Navarra handler prisen mer om status og eksklusivitet enn funksjonalitet.<\/p>\n<p>\u2013 Dette er ikke nytt i luksusverdenen. Men for de fleste forbrukere f\u00f8les det som Apple n\u00e5 tester hvor langt lojaliteten til merkevaren faktisk strekker seg, sier han til BBC.<\/p>\n","protected":false},"excerpt":{"rendered":"Den fargerike b\u00e6revesken ble lansert tirsdag som en del av et samarbeid mellom Apple og det japanske motehuset&hellip;\n","protected":false},"author":2,"featured_media":90022,"comment_status":"","ping_status":"","sticky":false,"template":"","format":"standard","meta":{"footnotes":""},"categories":[57],"tags":[30,28,29,65,63,64,66,70,69,67,68],"class_list":{"0":"post-90021","1":"post","2":"type-post","3":"status-publish","4":"format-standard","5":"has-post-thumbnail","7":"category-vitenskap-og-teknologi","8":"tag-no","9":"tag-norge","10":"tag-norway","11":"tag-science","12":"tag-science-and-technology","13":"tag-scienceandtechnology","14":"tag-technology","15":"tag-teknologi","16":"tag-vitenskap","17":"tag-vitenskap-og-teknologi","18":"tag-vitenskapteknologi"},"share_on_mastodon":{"url":"https:\/\/pubeurope.com\/@no\/115570516114163590","error":""},"_links":{"self":[{"href":"https:\/\/www.europesays.com\/no\/wp-json\/wp\/v2\/posts\/90021","targetHints":{"allow":["GET"]}}],"collection":[{"href":"https:\/\/www.europesays.com\/no\/wp-json\/wp\/v2\/posts"}],"about":[{"href":"https:\/\/www.europesays.com\/no\/wp-json\/wp\/v2\/types\/post"}],"author":[{"embeddable":true,"href":"https:\/\/www.europesays.com\/no\/wp-json\/wp\/v2\/users\/2"}],"replies":[{"embeddable":true,"href":"https:\/\/www.europesays.com\/no\/wp-json\/wp\/v2\/comments?post=90021"}],"version-history":[{"count":0,"href":"https:\/\/www.europesays.com\/no\/wp-json\/wp\/v2\/posts\/90021\/revisions"}],"wp:featuredmedia":[{"embeddable":true,"href":"https:\/\/www.europesays.com\/no\/wp-json\/wp\/v2\/media\/90022"}],"wp:attachment":[{"href":"https:\/\/www.europesays.com\/no\/wp-json\/wp\/v2\/media?parent=90021"}],"wp:term":[{"taxonomy":"category","embeddable":true,"href":"https:\/\/www.europesays.com\/no\/wp-json\/wp\/v2\/categories?post=90021"},{"taxonomy":"post_tag","embeddable":true,"href":"https:\/\/www.europesays.com\/no\/wp-json\/wp\/v2\/tags?post=90021"}],"curies":[{"name":"wp","href":"https:\/\/api.w.org\/{rel}","templated":true}]}}