{"id":90076,"date":"2025-11-18T12:55:09","date_gmt":"2025-11-18T12:55:09","guid":{"rendered":"https:\/\/www.europesays.com\/no\/90076\/"},"modified":"2025-11-18T12:55:09","modified_gmt":"2025-11-18T12:55:09","slug":"steinkjer-ulykker-og-hendelser-stort-strombrudd-i-steinkjer","status":"publish","type":"post","link":"https:\/\/www.europesays.com\/no\/90076\/","title":{"rendered":"Steinkjer, Ulykker og hendelser | Stort str\u00f8mbrudd i Steinkjer"},"content":{"rendered":"\n<p><b>STEINKJER: <\/b>Tensios str\u00f8mkart viste like f\u00f8r klokka 11 tirsdag at 1.049 kunder var str\u00f8ml\u00f8se i Steinkjer.<\/p>\n<p>Pressevakt hos Tensio, Ingvild Asp, forklarer til Tr\u00f8nder-Avisa at de jobber med \u00e5 gjenopprette str\u00f8mforsyningen s\u00e5 raskt som mulig.<\/p>\n<p>Like etter klokka 11 opplyser Asp at 770 kunder har f\u00e5tt tilbake str\u00f8mmen.<\/p>\n<p>Kundene som er rammet bor i \u00d8vre Ogndal. \u00c5rsaken til str\u00f8mbruddet er ikke kjent.<\/p>\n<p>Like f\u00f8r klokka 12.30 opplyser Tensio at 919 av 1049 har f\u00e5tt tilbake str\u00f8mmen.<\/p>\n<p>Saken oppdateres!<\/p>\n","protected":false},"excerpt":{"rendered":"STEINKJER: Tensios str\u00f8mkart viste like f\u00f8r klokka 11 tirsdag at 1.049 kunder var str\u00f8ml\u00f8se i Steinkjer. Pressevakt hos&hellip;\n","protected":false},"author":2,"featured_media":3842,"comment_status":"","ping_status":"","sticky":false,"template":"","format":"standard","meta":{"footnotes":""},"categories":[10],"tags":[36,20,21,24,25,15,22,23,13,30,28,29,14,16,984,1510,243,8471,26,27,941],"class_list":{"0":"post-90076","1":"post","2":"type-post","3":"status-publish","4":"format-standard","5":"has-post-thumbnail","7":"category-norge","8":"tag-art","9":"tag-breaking-news","10":"tag-breakingnews","11":"tag-featured-news","12":"tag-featurednews","13":"tag-headlines","14":"tag-latest-news","15":"tag-latestnews","16":"tag-news","17":"tag-no","18":"tag-norge","19":"tag-norway","20":"tag-nyheter","21":"tag-overskrifter","22":"tag-steinkjer","23":"tag-story","24":"tag-strom","25":"tag-tensio","26":"tag-top-stories","27":"tag-topstories","28":"tag-ulykker-og-hendelser"},"share_on_mastodon":{"url":"https:\/\/pubeurope.com\/@no\/115570810922939258","error":""},"_links":{"self":[{"href":"https:\/\/www.europesays.com\/no\/wp-json\/wp\/v2\/posts\/90076","targetHints":{"allow":["GET"]}}],"collection":[{"href":"https:\/\/www.europesays.com\/no\/wp-json\/wp\/v2\/posts"}],"about":[{"href":"https:\/\/www.europesays.com\/no\/wp-json\/wp\/v2\/types\/post"}],"author":[{"embeddable":true,"href":"https:\/\/www.europesays.com\/no\/wp-json\/wp\/v2\/users\/2"}],"replies":[{"embeddable":true,"href":"https:\/\/www.europesays.com\/no\/wp-json\/wp\/v2\/comments?post=90076"}],"version-history":[{"count":0,"href":"https:\/\/www.europesays.com\/no\/wp-json\/wp\/v2\/posts\/90076\/revisions"}],"wp:featuredmedia":[{"embeddable":true,"href":"https:\/\/www.europesays.com\/no\/wp-json\/wp\/v2\/media\/3842"}],"wp:attachment":[{"href":"https:\/\/www.europesays.com\/no\/wp-json\/wp\/v2\/media?parent=90076"}],"wp:term":[{"taxonomy":"category","embeddable":true,"href":"https:\/\/www.europesays.com\/no\/wp-json\/wp\/v2\/categories?post=90076"},{"taxonomy":"post_tag","embeddable":true,"href":"https:\/\/www.europesays.com\/no\/wp-json\/wp\/v2\/tags?post=90076"}],"curies":[{"name":"wp","href":"https:\/\/api.w.org\/{rel}","templated":true}]}}