{"id":90110,"date":"2025-11-18T13:33:12","date_gmt":"2025-11-18T13:33:12","guid":{"rendered":"https:\/\/www.europesays.com\/no\/90110\/"},"modified":"2025-11-18T13:33:12","modified_gmt":"2025-11-18T13:33:12","slug":"deep-purple-med-nok-en-norsk-konsert-neste-ar","status":"publish","type":"post","link":"https:\/\/www.europesays.com\/no\/90110\/","title":{"rendered":"Deep Purple med nok en norsk konsert neste \u00e5r"},"content":{"rendered":"<p> Allerede er det kjent at Deep Purple skal spille p\u00e5 Odder\u00f8ya Amfi i Kristiansand 14. juni p\u00e5 \u00e9ndagsfestivalen <a href=\"https:\/\/allthingslive.no\/event\/deep-purple\" rel=\"noopener nofollow\" target=\"_blank\">Dirty Old Town Live<\/a>.<\/p>\n<p>N\u00e5 f\u00f8yer All Things Live til en ny dato: 28. oktober stiller Deep Purple p\u00e5 scenen i Oslo Spektrum. Med seg som oppvarmere har de sine yngre landsmenn i bandet Jayler.<\/p>\n<p>Deep Purple har if\u00f8lge arrang\u00f8ren v\u00e6rt med \u00e5 definere lyden av rock i mer enn fem ti\u00e5r med skiftende besetninger, og det er fortsatt et av verdens mest hyllede liveband.<\/p>\n<p>I et ferskt intervju med Uncut r\u00f8per vokalist Ian Gillan (80), som har v\u00e6rt med siden 1969, at han ikke er sikker p\u00e5 hvor mye lenger han vil v\u00e6re i stand til \u00e5 fortsette i bandet p\u00e5 grunn av helsen:<\/p>\n<p> \u2013 Det er slikt som skjer. Jeg har bare 30 prosent syn. Det kommer ikke til \u00e5 bli bedre. Det gj\u00f8r livet merkelig, sier han if\u00f8lge <a href=\"https:\/\/www.nme.com\/news\/music\/deep-purples-ian-gillan-reveals-he-is-losing-his-eyesight-says-retirement-is-not-far-off-3908885\" rel=\"noopener nofollow\" target=\"_blank\">NME <\/a> og r\u00f8per at det vanskeligste er \u00e5 jobbe p\u00e5 laptopen.<\/p>\n<p>\u2013 Jeg kan ikke se noe p\u00e5 skjermen med mindre jeg bruker sidesynet \u2013 jeg fanger opp en linje ved \u00e5 se p\u00e5 den sidelengs. Men du finner en m\u00e5te. Du tilpasser deg.<\/p>\n<p>Ellers hevder frontmannen at lite annet har forandret seg, annet enn at ting g\u00e5r litt saktere, men at \u00e9n ting vil v\u00e6re avgj\u00f8rende:<\/p>\n<p>\u2013 Jeg tror at hvis jeg mister energien min, kommer jeg til \u00e5 stoppe. Jeg vil ikke v\u00e6re til skam for noen. Vi er ikke langt unna det. Det sniker seg inn p\u00e5 deg \u2013 du merker det egentlig ikke.<\/p>\n<p><a href=\"https:\/\/www.fvn.no\/nyheter\/lokalt\/i\/dRgJJJ\/gaar-sammen-og-lanserer-ny-festival-med-britisk-rockelegender-paa-plakaten\" rel=\"nofollow noopener\" target=\"_blank\"> <img decoding=\"async\" src=\"data:image\/gif;base64,R0lGODlhEAAJAIAAAP\/\/\/wAAACH5BAEAAAAALAAAAAAQAAkAAAIKhI+py+0Po5yUFQA7\" alt=\"\"\/>   G\u00e5r sammen og lanserer ny festival med britiske rocke\u00adlegender p\u00e5 plakaten  <\/a> <\/p>\n","protected":false},"excerpt":{"rendered":"Allerede er det kjent at Deep Purple skal spille p\u00e5 Odder\u00f8ya Amfi i Kristiansand 14. juni p\u00e5 \u00e9ndagsfestivalen&hellip;\n","protected":false},"author":2,"featured_media":90111,"comment_status":"","ping_status":"","sticky":false,"template":"","format":"standard","meta":{"footnotes":""},"categories":[58],"tags":[71,30,28,29,72],"class_list":{"0":"post-90110","1":"post","2":"type-post","3":"status-publish","4":"format-standard","5":"has-post-thumbnail","7":"category-underholdning","8":"tag-entertainment","9":"tag-no","10":"tag-norge","11":"tag-norway","12":"tag-underholdning"},"share_on_mastodon":{"url":"https:\/\/pubeurope.com\/@no\/115570960090308160","error":""},"_links":{"self":[{"href":"https:\/\/www.europesays.com\/no\/wp-json\/wp\/v2\/posts\/90110","targetHints":{"allow":["GET"]}}],"collection":[{"href":"https:\/\/www.europesays.com\/no\/wp-json\/wp\/v2\/posts"}],"about":[{"href":"https:\/\/www.europesays.com\/no\/wp-json\/wp\/v2\/types\/post"}],"author":[{"embeddable":true,"href":"https:\/\/www.europesays.com\/no\/wp-json\/wp\/v2\/users\/2"}],"replies":[{"embeddable":true,"href":"https:\/\/www.europesays.com\/no\/wp-json\/wp\/v2\/comments?post=90110"}],"version-history":[{"count":0,"href":"https:\/\/www.europesays.com\/no\/wp-json\/wp\/v2\/posts\/90110\/revisions"}],"wp:featuredmedia":[{"embeddable":true,"href":"https:\/\/www.europesays.com\/no\/wp-json\/wp\/v2\/media\/90111"}],"wp:attachment":[{"href":"https:\/\/www.europesays.com\/no\/wp-json\/wp\/v2\/media?parent=90110"}],"wp:term":[{"taxonomy":"category","embeddable":true,"href":"https:\/\/www.europesays.com\/no\/wp-json\/wp\/v2\/categories?post=90110"},{"taxonomy":"post_tag","embeddable":true,"href":"https:\/\/www.europesays.com\/no\/wp-json\/wp\/v2\/tags?post=90110"}],"curies":[{"name":"wp","href":"https:\/\/api.w.org\/{rel}","templated":true}]}}