{"id":90112,"date":"2025-11-18T13:35:39","date_gmt":"2025-11-18T13:35:39","guid":{"rendered":"https:\/\/www.europesays.com\/no\/90112\/"},"modified":"2025-11-18T13:35:39","modified_gmt":"2025-11-18T13:35:39","slug":"ford-focus-na-er-det-slutt","status":"publish","type":"post","link":"https:\/\/www.europesays.com\/no\/90112\/","title":{"rendered":"Ford Focus: N\u00e5 er det slutt"},"content":{"rendered":"<p>        Saken oppsummert<\/p>\n<ul lang=\"nb-NO\">\n<li>Ford har avsluttet produksjonen av sin Focus etter 26 \u00e5r.<\/li>\n<li>Den siste Focus rullet av samleb\u00e5ndet i Saarlouis, Tyskland, nylig.<\/li>\n<li>Ford har investert tungt i elbilproduksjon i K\u00f8ln, men m\u00f8ter utfordringer med tregt salg.<\/li>\n<li>Bruktmarkedet er n\u00e5 stedet for \u00e5 finne en Ford Focus, med et bredt utvalg tilgjengelig.<\/li>\n<\/ul>\n<p class=\"italic ai-disclaimer\" data-lab-italic=\"italic\">Oppsummeringen er laget med kunstig intelligens (KI) fra OpenAI. Innholdet er kvalitetssikret av TV 2s journalister. <a target=\"_blank\" href=\"https:\/\/hjelp.tv2.no\/info\/artikkel\/slik-jobber-vi-med-ki-i-tv-2\" title=\"Les om hvordan vi jobber med KI\" rel=\"nofollow noopener\">Les om hvordan vi jobber med KI<\/a><\/p>\n<p>Ford har virkelig ryddet i modellutvalget sitt de siste \u00e5rene. Det er ikke mange andre som har g\u00e5tt s\u00e5 kraftig til verks, i overgangen til elbiler.<\/p>\n<p>En rekke velkjente modeller har forsvunnet ut, og ikke blitt erstattet.<\/p>\n<p>Den tidligere storselgeren Mondeo er borte. Det samme er sm\u00e5bil-legenden Fiesta. I tillegg har Ford faset ut flerbruksbilene S-Max og Galaxy, crossoveren EcoSport og den store SUV-en Edge.<\/p>\n<p>N\u00e5 er det ogs\u00e5 slutt for en annen Ford-modell mange har et forhold til: Nemlig Focus.\u00a0<\/p>\n<p>Fire generasjoner<\/p>\n<p>Den har v\u00e6rt p\u00e5 markedet helt siden 1999, da den tok over for Escort. Focus avsluttet med generasjon fire, den kom p\u00e5 markedet i 2018.<\/p>\n<p>Men n\u00e5 er det alts\u00e5 slutt. Det aller siste eksemplaret rullet av samleb\u00e5ndet i forrige uke, i\u00a0 Saarlouis, Tyskland.\u00a0<\/p>\n<p>Det kan faktisk ogs\u00e5 bety nedleggelse av hele fabrikken, hvis ikke Ford f\u00e5r solgt den eller finner andre bruksomr\u00e5der.<\/p>\n<p><a href=\"https:\/\/www.tv2.no\/2014\/06\/02\/broom\/bilen-min\/ford\/original\/5645237\" rel=\"nofollow noopener\" target=\"_blank\">Julian fant en sjelden hissigpropp p\u00e5 l\u00e5ven<\/a><\/p>\n<p>        <img class=\"image__img lazyload\" itemprop=\"image\" title=\"Foto: Ford.\" alt=\"PLASS: Focus stasjonsvogn var i mange \u00e5r et fornuftsvalg med mye bil for pengene. Men siste generasjon fikk det sv\u00e6rt t\u00f8ft i konkurransen med ladbare hybrider og elbiler. Foto: Ford.\" width=\"978\" height=\"551\" bad-src=\"https:\/\/www.europesays.com\/no\/wp-content\/uploads\/2025\/11\/15581578.webp\" fetchpriority=\"auto\" \/><\/p>\n<p>      PLASS: Focus stasjonsvogn var i mange \u00e5r et fornuftsvalg med mye bil for pengene. Men siste generasjon fikk det sv\u00e6rt t\u00f8ft i konkurransen med ladbare hybrider og elbiler.<br \/>\n         Foto: Ford.<\/p>\n<p>To tanker i hodet<\/p>\n<p>Ford har i stedet investert mer enn 20 milliarder i \u00e5 bygge om sitt gigantiske fabrikkanlegg i K\u00f8ln til \u00e5 produsere elbiler. Herfra kommer Explorer og Capri. For \u00f8vrig i betydelig mindre antall enn det Ford opprinnelig h\u00e5pet p\u00e5.<\/p>\n<p>Tregt salg av elbiler, gj\u00f8r ogs\u00e5 at Ford m\u00e5 ha to tanker i hodet samtidig. Nylig annonserte de at de vil utvikle nye biler med flere drivlinjer for det europeiske markedet, ikke bare elbiler.\u00a0<\/p>\n<p><a href=\"https:\/\/www.tv2.no\/a\/14697198\/\" rel=\"nofollow noopener\" target=\"_blank\">Slutt etter 46 \u00e5r i Norge<\/a><\/p>\n<p>        <img class=\"image__img lazyload\" itemprop=\"image\" title=\"\" alt=\"MOROBILER: Ford har tilbudt flere sporty utgaver av Focus opp gjennom \u00e5rene, de er kjennetegnet av \u00e5 gi veldig mye kj\u00f8reglede for pengene.\" width=\"978\" height=\"551\" bad-src=\"https:\/\/www.europesays.com\/no\/wp-content\/uploads\/2025\/11\/18301071.webp\" fetchpriority=\"auto\" \/><\/p>\n<p>      MOROBILER: Ford har tilbudt flere sporty utgaver av Focus opp gjennom \u00e5rene, de er kjennetegnet av \u00e5 gi veldig mye kj\u00f8reglede for pengene.<\/p>\n<p>R\u00e5skinn p\u00e5 pristoppen<\/p>\n<p>Her hjemme forsvant Focus stille og rolig ut av Fords modellutvalg for dr\u00f8yt to \u00e5r siden. Da hadde produksjonen en tid v\u00e6rt rammet av mangel p\u00e5 s\u00e5kalte halvledere. Dette var en stor hodepine for hele bilbransjen etter korona-nedstengningen. Det som da var forventet \u00e5 bli bare en pause, f\u00f8rte alts\u00e5 til at Focus ble faset ut.<\/p>\n<p>Har du lyst p\u00e5 en Focus, er det dermed bruktmarkedet som gjelder. Der er det mye \u00e5 velge mellom, til sammen over 400 biler.<\/p>\n<p>Prisene starter p\u00e5 rett over vrakpant for gamle og slitne eksemplarer. Dyrest er r\u00e5skinnet RS med 2,3-liters bensinmotor, 350 hestekrefter og 4&#215;4. 470.000 kroner er prisforlangende for det som akkurat n\u00e5 er Norges dyreste Ford Focus RS, den er fra 2017.\u00a0<\/p>\n<p><a href=\"https:\/\/www.tv2.no\/broom\/skjermen-er-problemet-na-far-du-ikke-bestille-bilen\/14970382\/\" rel=\"nofollow noopener\" target=\"_blank\">Skjermen var problemet \u2013 kunne ikke bestilles lenger<\/a><\/p>\n<p class=\"bold m-bold\" data-lab-font_weight=\"bold\">Video: Her snakker vi taxi som skiller seg ut!<\/p>\n","protected":false},"excerpt":{"rendered":"Saken oppsummert Ford har avsluttet produksjonen av sin Focus etter 26 \u00e5r. Den siste Focus rullet av samleb\u00e5ndet&hellip;\n","protected":false},"author":2,"featured_media":90113,"comment_status":"","ping_status":"","sticky":false,"template":"","format":"standard","meta":{"footnotes":""},"categories":[56],"tags":[60,61,62,30,28,29],"class_list":{"0":"post-90112","1":"post","2":"type-post","3":"status-publish","4":"format-standard","5":"has-post-thumbnail","7":"category-naeringsliv","8":"tag-business","9":"tag-economy","10":"tag-naeringsliv","11":"tag-no","12":"tag-norge","13":"tag-norway"},"share_on_mastodon":{"url":"https:\/\/pubeurope.com\/@no\/115570968062490065","error":""},"_links":{"self":[{"href":"https:\/\/www.europesays.com\/no\/wp-json\/wp\/v2\/posts\/90112","targetHints":{"allow":["GET"]}}],"collection":[{"href":"https:\/\/www.europesays.com\/no\/wp-json\/wp\/v2\/posts"}],"about":[{"href":"https:\/\/www.europesays.com\/no\/wp-json\/wp\/v2\/types\/post"}],"author":[{"embeddable":true,"href":"https:\/\/www.europesays.com\/no\/wp-json\/wp\/v2\/users\/2"}],"replies":[{"embeddable":true,"href":"https:\/\/www.europesays.com\/no\/wp-json\/wp\/v2\/comments?post=90112"}],"version-history":[{"count":0,"href":"https:\/\/www.europesays.com\/no\/wp-json\/wp\/v2\/posts\/90112\/revisions"}],"wp:featuredmedia":[{"embeddable":true,"href":"https:\/\/www.europesays.com\/no\/wp-json\/wp\/v2\/media\/90113"}],"wp:attachment":[{"href":"https:\/\/www.europesays.com\/no\/wp-json\/wp\/v2\/media?parent=90112"}],"wp:term":[{"taxonomy":"category","embeddable":true,"href":"https:\/\/www.europesays.com\/no\/wp-json\/wp\/v2\/categories?post=90112"},{"taxonomy":"post_tag","embeddable":true,"href":"https:\/\/www.europesays.com\/no\/wp-json\/wp\/v2\/tags?post=90112"}],"curies":[{"name":"wp","href":"https:\/\/api.w.org\/{rel}","templated":true}]}}