{"id":90120,"date":"2025-11-18T13:46:05","date_gmt":"2025-11-18T13:46:05","guid":{"rendered":"https:\/\/www.europesays.com\/no\/90120\/"},"modified":"2025-11-18T13:46:05","modified_gmt":"2025-11-18T13:46:05","slug":"grenser-til-det-patetiske","status":"publish","type":"post","link":"https:\/\/www.europesays.com\/no\/90120\/","title":{"rendered":"\u2013 Grenser til det patetiske"},"content":{"rendered":"\n<ul class=\"_list_o9xde_3 _list_64s2r_85 _unordered_o9xde_106 text-sans-m\">\n<li class=\"_item_o9xde_30\">Olof Lundh kritiserer Norges VM-feiring i Oslo og mener det grenser til patetisk.<\/li>\n<li class=\"_item_o9xde_30\">Lundh argumenterer for at slik feiring b\u00f8r spares til en st\u00f8rre prestasjon.<\/li>\n<li class=\"_item_o9xde_30\">St\u00e5le Solbakken forsvarer feiringen, som skjer etter at Norges f\u00f8rste VM-deltagelse siden 1998 ble sikret.<\/li>\n<\/ul>\n<p>Vis mer <\/p>\n<p class=\"_paragraph_o9xde_4 _paragraph_xtcu6_10 layout-component text-serif-m layout-normal text-serif-m layout-padded\">\u2013 \u00c5 feire avansementet foran 50.000 mennesker er ikke noe vinnere gj\u00f8r \u2013 det grenser snarere til det patetiske. <\/p>\n<p class=\"_paragraph_o9xde_4 _paragraph_xtcu6_10 layout-component text-serif-m layout-normal text-serif-m layout-padded\">Det skriver den svenske fotballjournalisten og forfatteren Olof Lundh i en kommentar i <a href=\"https:\/\/www.fotbollskanalen.se\/lundhs-kronika\/imponerande-norge-men-publikt-firande-andas-inte-vinnare\/\" class=\"_link_o9xde_39\" rel=\"nofollow noopener\" target=\"_blank\">Fotbollskanalen<\/a>.<\/p>\n<p class=\"_paragraph_o9xde_4 _paragraph_xtcu6_10 layout-component text-serif-m layout-normal text-serif-m layout-padded\">Etter \u00e5 ha rundet av en perfekt kvalik med \u00e5tte seire p\u00e5 \u00e5tte kamper, der det norske laget avsluttet med \u00e5 rive mektige San Siro i fillebiter med 4\u20131-seieren s\u00f8ndag kveld, ble de VM-klare landslagsspillerne mandag kveld hyllet med <a href=\"https:\/\/www.vg.no\/sport\/i\/dRgxwB\/landslagsheltene-hylles-med-folkefest-i-oslo\" data-track-element-type=\"Link\" data-track-id=\"link:dRgxwB\" class=\"_link_o9xde_39\" rel=\"nofollow noopener\" target=\"_blank\">folkefest i Oslo sentrum.<\/a> <\/p>\n<p><img decoding=\"async\" alt=\"Bilde av Olof Lundh\" class=\"_image_ygndg_42\" height=\"30\" itemprop=\"image\" loading=\"lazy\"  src=\"https:\/\/www.europesays.com\/no\/wp-content\/uploads\/2025\/11\/5b3cc621-0a35-4617-8d67-bce841cf6d07\"  width=\"40\"\/><strong class=\"_name_ygndg_51 title-serif-xs\">Olof Lundh<\/strong><\/p>\n<p class=\"_paragraph_o9xde_4 _paragraph_xtcu6_10 layout-component text-serif-m layout-normal text-serif-m layout-padded\">\u2013 Jeg forst\u00e5r ikke hvorfor de skal samle hele laget. Den type feiring tenker jeg at man b\u00f8r spare til man kommer hjem med medalje eller har oppn\u00e5dd noe stort. Jeg tror ikke at Petter Northug hadde feiret at han er klar for VM, utdyper svensken overfor VG omtrent idet feiringen g\u00e5r i gang p\u00e5 R\u00e5dhusplassen.<\/p>\n<p class=\"_paragraph_o9xde_4 _paragraph_xtcu6_10 layout-component text-serif-m layout-normal text-serif-m layout-padded\">Patetisk eller ikke \u2013 her er bilder fra feiringen og folkehavet i hovedstaden:<\/p>\n<p>Sander Berge og Martin \u00d8degaard ankommer R\u00e5dhusplassen. Foto: Gisle Oddstad \/ VG<\/p>\n<p class=\"_paragraph_o9xde_4 _paragraph_xtcu6_10 layout-component text-serif-m layout-normal text-serif-m layout-padded\">Programleder og komiker Erik Solbakken ledet arrangementet som konferansier.<\/p>\n<p class=\"_paragraph_o9xde_4 _paragraph_xtcu6_10 layout-component text-serif-m layout-normal text-serif-m layout-padded\">Spillerne ble ropt opp \u00e9n etter \u00e9n p\u00e5 R\u00e5dhusbalkongen \u2013 og m\u00f8tt av massiv jubel fra de fremm\u00f8tte.<\/p>\n<p class=\"_paragraph_o9xde_4 _paragraph_xtcu6_10 layout-component text-serif-m layout-normal text-serif-m layout-padded\">\u00d8rjan H\u00e5skjold Nyland beskriver feiringen som en \u00abklyp-deg-i-armen\u00bb-opplevelse.<\/p>\n<p class=\"_paragraph_o9xde_4 _paragraph_xtcu6_10 layout-component text-serif-m layout-normal text-serif-m layout-padded\">\u2013 Vi kunne ikke dr\u00f8mt om s\u00e5 mye annet, sier han til VG. <\/p>\n<p>Aron D\u00f8nnum stjal showet. Foto: Gisle Oddstad \/ VG<\/p>\n<p class=\"_paragraph_o9xde_4 _paragraph_xtcu6_10 layout-component text-serif-m layout-normal text-serif-m layout-padded\">\u2013 For meg blir det som \u00e5 ta seieren p\u00e5 forskudd. Norge har bare g\u00e5tt til VM, de har ikke prestert noe i VM \u2013 selv om de har gjort en fantastisk imponerende kvalik, fastholder Olof Lundh.<\/p>\n<p class=\"_paragraph_o9xde_4 _paragraph_xtcu6_10 layout-component text-serif-m layout-normal text-serif-m layout-padded\">Lundh mener alts\u00e5 at Norge burde spart feiringen til etter VM.<\/p>\n<p class=\"_paragraph_o9xde_4 _paragraph_xtcu6_10 layout-component text-serif-m layout-normal text-serif-m layout-padded\">\u2013 Men la oss si at det var Sverige som hadde v\u00e6rt i samme situasjon som Norge n\u00e5 \u2013 med f\u00f8rste mesterskap p\u00e5 26 \u00e5r. Hvordan ville dere feiret?<\/p>\n<p class=\"_paragraph_o9xde_4 _paragraph_xtcu6_10 layout-component text-serif-m layout-normal text-serif-m layout-padded\">\u2013 Jeg h\u00e5per faktisk ikke Sverige hadde feiret det s\u00e5nn. Det h\u00e5per jeg virkelig ikke.<\/p>\n<p class=\"_paragraph_o9xde_4 _paragraph_xtcu6_10 layout-component text-serif-m layout-normal text-serif-m layout-padded\">St\u00e5le Solbakken svarte p\u00e5 kritikken fra nabolandet p\u00e5 en pressekonferanse mandag ettermiddag. <\/p>\n<p class=\"_paragraph_o9xde_4 _paragraph_xtcu6_10 layout-component text-serif-m layout-normal text-serif-m layout-padded\">\u2013 Det er lov \u00e5 feire litt hvis det er f\u00f8rste gang siden 1998 at du er i et VM. Patetisk er \u00e5 ta i, mener landslagssjefen. <\/p>\n<p class=\"_paragraph_o9xde_4 _paragraph_xtcu6_10 layout-component text-serif-m layout-normal text-serif-m layout-padded\">\u2013 Akkurat n\u00e5 skal Sverige glede seg til \u2013 og konsentrere seg om \u2013 playoffen. Det skal Olof Lundh ogs\u00e5, kontrer Solbakken \u2013 som i motsetning til svenskene alts\u00e5 har tatt egen nasjon direkte til VM-sluttspillet i USA, Mexico og Canda neste \u00e5r.<\/p>\n<p><img decoding=\"async\" alt=\"Bilde av St\u00e5le Solbakken\" class=\"_image_ygndg_42\" height=\"27\" itemprop=\"image\" loading=\"lazy\"  src=\"https:\/\/www.europesays.com\/no\/wp-content\/uploads\/2025\/11\/23d67e6d-ad02-47c2-a1e5-218e6742dd3d\"  width=\"40\"\/><strong class=\"_name_ygndg_51 title-serif-xs\">St\u00e5le Solbakken<\/strong><\/p>\n<p class=\"_paragraph_o9xde_4 text-sans-m _description_ygndg_56\">Norges landslagssjef<\/p>\n<p class=\"_paragraph_o9xde_4 _paragraph_xtcu6_10 layout-component text-serif-m layout-normal text-serif-m layout-padded\">Lundh peker p\u00e5 at Norge mangler viktig mesterskapserfaring. Siden Norge og Sverige begge r\u00f8k i gruppespillet i EM 2000, har Sverige deltatt i tre VM og fem EM \u2013 mens Norge st\u00e5r med null.<\/p>\n<p class=\"_paragraph_o9xde_4 _paragraph_xtcu6_10 layout-component text-serif-m layout-normal text-serif-m layout-padded\">\u2013 Norges landslag burde ha opptr\u00e5dt som om VM-deltagelse var en selvf\u00f8lge, mener han.<\/p>\n<p class=\"_paragraph_o9xde_4 _paragraph_xtcu6_10 layout-component text-serif-m layout-normal text-serif-m layout-padded\">Norges herrelandslag har ikke spilt VM siden Frankrike 1998, mens siste mesterskapsdeltagelse var EM i 2000.<\/p>\n<p class=\"_paragraph_o9xde_4 _paragraph_xtcu6_10 layout-component text-serif-m layout-normal text-serif-m layout-padded\">Lundh tror Norge kan yppe seg i neste sommers mesterskap i USA, Canada og Mexico. <\/p>\n<p class=\"_paragraph_o9xde_4 _paragraph_xtcu6_10 layout-component text-serif-m layout-normal text-serif-m layout-padded\">\u2014 Norge har alle forutsetninger for \u00e5 lykkes. Erling Haaland er jo helt ekstrem. Det er ingen tvil om at Norge offensivt er et av de beste landslagene. <\/p>\n<p class=\"_paragraph_o9xde_4 _paragraph_xtcu6_10 layout-component text-serif-m layout-normal text-serif-m layout-padded\">Norge var fullstendig overlegne i sin VM-kvalifiseringsgruppe med \u00e5tte strake seire og en m\u00e5lforskjell p\u00e5 r\u00e5sterke 37\u20135. <\/p>\n<p class=\"_paragraph_o9xde_4 _paragraph_xtcu6_10 layout-component text-serif-m layout-normal text-serif-m layout-padded\">Erling Braut Haaland sto alene for 16 m\u00e5l, og Norge slo Italia b\u00e5de hjemme og borte \u2013 totalt 7\u20131 sammenlagt over den kvadruple VM-vinneren.<\/p>\n","protected":false},"excerpt":{"rendered":"Olof Lundh kritiserer Norges VM-feiring i Oslo og mener det grenser til patetisk. Lundh argumenterer for at slik&hellip;\n","protected":false},"author":2,"featured_media":90121,"comment_status":"","ping_status":"","sticky":false,"template":"","format":"standard","meta":{"footnotes":""},"categories":[5],"tags":[20,21,24,25,4472,8634,15,3163,19,22,23,17,18,13,30,28,29,14,16,1387,4551,26,27,4167],"class_list":{"0":"post-90120","1":"post","2":"type-post","3":"status-publish","4":"format-standard","5":"has-post-thumbnail","7":"category-overskrifter","8":"tag-breaking-news","9":"tag-breakingnews","10":"tag-featured-news","11":"tag-featurednews","12":"tag-fotball-vm","13":"tag-fotball-vm-2026","14":"tag-headlines","15":"tag-herrelandslaget-fotball","16":"tag-hovedoppslag","17":"tag-latest-news","18":"tag-latestnews","19":"tag-main-news","20":"tag-mainnews","21":"tag-news","22":"tag-no","23":"tag-norge","24":"tag-norway","25":"tag-nyheter","26":"tag-overskrifter","27":"tag-stale-solbakken","28":"tag-sveriges-herrelandslag-fotball","29":"tag-top-stories","30":"tag-topstories","31":"tag-vm-kvalifisering"},"share_on_mastodon":{"url":"https:\/\/pubeurope.com\/@no\/115571011718975177","error":""},"_links":{"self":[{"href":"https:\/\/www.europesays.com\/no\/wp-json\/wp\/v2\/posts\/90120","targetHints":{"allow":["GET"]}}],"collection":[{"href":"https:\/\/www.europesays.com\/no\/wp-json\/wp\/v2\/posts"}],"about":[{"href":"https:\/\/www.europesays.com\/no\/wp-json\/wp\/v2\/types\/post"}],"author":[{"embeddable":true,"href":"https:\/\/www.europesays.com\/no\/wp-json\/wp\/v2\/users\/2"}],"replies":[{"embeddable":true,"href":"https:\/\/www.europesays.com\/no\/wp-json\/wp\/v2\/comments?post=90120"}],"version-history":[{"count":0,"href":"https:\/\/www.europesays.com\/no\/wp-json\/wp\/v2\/posts\/90120\/revisions"}],"wp:featuredmedia":[{"embeddable":true,"href":"https:\/\/www.europesays.com\/no\/wp-json\/wp\/v2\/media\/90121"}],"wp:attachment":[{"href":"https:\/\/www.europesays.com\/no\/wp-json\/wp\/v2\/media?parent=90120"}],"wp:term":[{"taxonomy":"category","embeddable":true,"href":"https:\/\/www.europesays.com\/no\/wp-json\/wp\/v2\/categories?post=90120"},{"taxonomy":"post_tag","embeddable":true,"href":"https:\/\/www.europesays.com\/no\/wp-json\/wp\/v2\/tags?post=90120"}],"curies":[{"name":"wp","href":"https:\/\/api.w.org\/{rel}","templated":true}]}}