{"id":90140,"date":"2025-11-18T14:11:10","date_gmt":"2025-11-18T14:11:10","guid":{"rendered":"https:\/\/www.europesays.com\/no\/90140\/"},"modified":"2025-11-18T14:11:10","modified_gmt":"2025-11-18T14:11:10","slug":"greys-anatomy-stjerne-james-pickens-jr-avslorer-prostatakreftdiagnose","status":"publish","type":"post","link":"https:\/\/www.europesays.com\/no\/90140\/","title":{"rendered":"Grey&#8217;s Anatomy-stjerne James Pickens Jr. avsl\u00f8rer prostatakreftdiagnose"},"content":{"rendered":"<p class=\"kicker \" style=\"\">James Pickens Jr:<\/p>\n<p>  I popul\u00e6re \u00abGrey\u2019s Anatomy\u00bb\u00a0spiller han kirurg som f\u00e5r kreft. N\u00e5 \u00e5pner han opp om sin egen diagnose.<\/p>\n<p>\n    SKUESPILLER: James Pickens Jr har blitt et kjent fjes gjennom rollen sin i serien \u00abGrey\u2019s Anatomy\u00bb. Foto: Evan Agostini \/ NTB\n  <\/p>\n<p> Siden legeserien \u00abGrey\u2019s Anatomy\u00bb f\u00f8rst ble vist i 2005, har serien vunnet hjertene til millioner av seere verden over. <\/p>\n<p>    <a itemprop=\"url\" href=\"https:\/\/www.seher.no\/kjendis\/la-ut-falskt-stordalen-bilde\/83862245\" rel=\"nofollow noopener\" target=\"_blank\"><\/p>\n<p>      <img loading=\"lazy\" decoding=\"async\" src=\"https:\/\/www.europesays.com\/no\/wp-content\/uploads\/2025\/11\/83844206.webp\" width=\"980\" height=\"441\" title=\"La ut falskt Stordalen-bilde\" alt=\"\" class=\"lazyload\" style=\"--aspect-ratio-image: 2.22; \"\/><\/p>\n<p>        La ut falskt Stordalen-bilde<\/p>\n<p>    <\/a><\/p>\n<p>I serien f\u00f8lger vi\u00a0 rollefiguren Meredith Grey og fire andre turnusleger som utdanner seg til kirurger ved et fiktivt sykehus i Seattle i Washington. <\/p>\n<p>          <img loading=\"lazy\" decoding=\"async\" src=\"https:\/\/www.europesays.com\/no\/wp-content\/uploads\/2025\/11\/83862951.webp\" width=\"686\" height=\"460\" title=\"KJENTE FJES: Flere av skuespillerne var p\u00e5 plass da hovedrolle innehaver Ellen Pompeo (i midten) fikk en stjerne p\u00e5 Hollywoods \u00abWalk of Fame\u00bb, blant andre James Pickens Foto: Chris Pizzello \/ NTB\" alt=\"\" class=\"\" style=\"--aspect-ratio-image: 1.49; \"\/><\/p>\n<p>\n          KJENTE FJES: Flere av skuespillerne var p\u00e5 plass da hovedrolle innehaver Ellen Pompeo (i midten) fikk en stjerne p\u00e5 Hollywoods \u00abWalk of Fame\u00bb, blant andre James Pickens Foto: Chris Pizzello \/ NTB\n      <\/p>\n<p> N\u00e5 har skuespilleren og krakteren hans f\u00e5tt en urovekkende parallell: <\/p>\n<p> James Pickens Jr. (73), kjent som Dr. Richard Webber i den popul\u00e6re dramaserien, avsl\u00f8rer n\u00e5 at han i 2024 ble diagnostisert med prostatakreft, kort tid etter at rollefiguren hans fikk en lignende diagnose i serien.<\/p>\n<p>    <a itemprop=\"url\" href=\"https:\/\/www.seher.no\/kjendis\/veldig-glad-i-livet-mitt-na\/83831323\" rel=\"nofollow noopener\" target=\"_blank\"><\/p>\n<p>      <img loading=\"lazy\" decoding=\"async\" src=\"https:\/\/www.europesays.com\/no\/wp-content\/uploads\/2025\/11\/83831328.webp\" width=\"980\" height=\"441\" title=\"- Veldig glad i livet mitt n\u00e5\" alt=\"\" class=\"lazyload\" style=\"--aspect-ratio-image: 2.22; \"\/><\/p>\n<p>        &#8211; Veldig glad i livet mitt n\u00e5<\/p>\n<p>    <\/a><\/p>\n<p class=\"font-weight-bold m-font-weight-bold\" data-lab-font_weight=\"font-weight-bold\">&#8211; Det er aldri hyggelig \u00e5 f\u00e5 en slik beskjed, men prostatakreft har g\u00e5tt i familien min. Faren min hadde det, flere onkler hadde det, jeg ville blitt overrasket hvis jeg ikke hadde f\u00e5tt det, sier han til avisen\u00a0<a href=\"https:\/\/blackhealthmatters.com\/greys-anatomy-doc-shares-his-real-life-health-diagnosis\/\" rel=\"nofollow noopener\" target=\"_blank\">Black Health Matters<\/a>.<\/p>\n<p> Skuespilleren forteller at han alltid har v\u00e6rt n\u00f8ye med helsekontroller p\u00e5 grunn av familiehistorien.<\/p>\n<p> Det var under en rutinemessig unders\u00f8kelse at det ble p\u00e5vist forh\u00f8yede PSA-verdier, og han ble henvist til en urolog. Biopsi viste en svulst, men en PET-unders\u00f8kelse bekreftet heldigvis at kreften ikke hadde spredd seg. <\/p>\n<p>        OVERSKUDDSPROSJEKT: Jan Thomas har mange baller i luften, men n\u00e5 mener han det er p\u00e5 tide \u00e5 gi tilbake. Video: H\u00e5vard Bj\u00f8rnerem<\/p>\n<p class=\"font-weight-bold m-font-weight-bold\" data-lab-font_weight=\"font-weight-bold\">&#8211; Vi fanget det veldig tidlig, og legene mente det var det beste. Jeg har en sjelden variant som ikke sees ofte, s\u00e5 de var ekstra n\u00f8ye, forteller skuespilleren.<\/p>\n<p>Han valgte kirurgi fremfor str\u00e5lebehandling, og prosedyren ble utf\u00f8rt robotisk av to urologer.<\/p>\n<p>Selv om dette er en personlig kamp, \u00f8nsker Pickens \u00e5 oppmuntre andre menn til \u00e5 ta helse p\u00e5 alvor:<\/p>\n<p class=\"font-weight-bold m-font-weight-bold\" data-lab-font_weight=\"font-weight-bold\">&#8211; \u00c9n av \u00e5tte menn f\u00e5r prostatakreft i l\u00f8pet av livet. For svarte menn er risikoen enda h\u00f8yere. Prostatakreft er sv\u00e6rt behandlingsbart, men tidlig oppdagelse er n\u00f8kkelen, og ofte merker man ingen symptomer, forteller han.\u00a0<\/p>\n<p>I dag er James Pickens Jr. kreftfri og h\u00e5per at \u00e5 dele historien kan hjelpe andre menn til \u00e5 ta tester tidlig.<\/p>\n","protected":false},"excerpt":{"rendered":"James Pickens Jr: I popul\u00e6re \u00abGrey\u2019s Anatomy\u00bb\u00a0spiller han kirurg som f\u00e5r kreft. N\u00e5 \u00e5pner han opp om sin&hellip;\n","protected":false},"author":2,"featured_media":90141,"comment_status":"","ping_status":"","sticky":false,"template":"","format":"standard","meta":{"footnotes":""},"categories":[58],"tags":[71,5712,11831,479,2543,30,28,29,72],"class_list":{"0":"post-90140","1":"post","2":"type-post","3":"status-publish","4":"format-standard","5":"has-post-thumbnail","7":"category-underholdning","8":"tag-entertainment","9":"tag-greys-anatomy","10":"tag-james-pickens-jr","11":"tag-kjendis","12":"tag-kjendisdesken","13":"tag-no","14":"tag-norge","15":"tag-norway","16":"tag-underholdning"},"share_on_mastodon":{"url":"https:\/\/pubeurope.com\/@no\/115571109777900668","error":""},"_links":{"self":[{"href":"https:\/\/www.europesays.com\/no\/wp-json\/wp\/v2\/posts\/90140","targetHints":{"allow":["GET"]}}],"collection":[{"href":"https:\/\/www.europesays.com\/no\/wp-json\/wp\/v2\/posts"}],"about":[{"href":"https:\/\/www.europesays.com\/no\/wp-json\/wp\/v2\/types\/post"}],"author":[{"embeddable":true,"href":"https:\/\/www.europesays.com\/no\/wp-json\/wp\/v2\/users\/2"}],"replies":[{"embeddable":true,"href":"https:\/\/www.europesays.com\/no\/wp-json\/wp\/v2\/comments?post=90140"}],"version-history":[{"count":0,"href":"https:\/\/www.europesays.com\/no\/wp-json\/wp\/v2\/posts\/90140\/revisions"}],"wp:featuredmedia":[{"embeddable":true,"href":"https:\/\/www.europesays.com\/no\/wp-json\/wp\/v2\/media\/90141"}],"wp:attachment":[{"href":"https:\/\/www.europesays.com\/no\/wp-json\/wp\/v2\/media?parent=90140"}],"wp:term":[{"taxonomy":"category","embeddable":true,"href":"https:\/\/www.europesays.com\/no\/wp-json\/wp\/v2\/categories?post=90140"},{"taxonomy":"post_tag","embeddable":true,"href":"https:\/\/www.europesays.com\/no\/wp-json\/wp\/v2\/tags?post=90140"}],"curies":[{"name":"wp","href":"https:\/\/api.w.org\/{rel}","templated":true}]}}