{"id":90151,"date":"2025-11-18T14:46:34","date_gmt":"2025-11-18T14:46:34","guid":{"rendered":"https:\/\/www.europesays.com\/no\/90151\/"},"modified":"2025-11-18T14:46:34","modified_gmt":"2025-11-18T14:46:34","slug":"nyheter-posten-har-hentet-inn-roboter-og-700-ekstra-ansatte","status":"publish","type":"post","link":"https:\/\/www.europesays.com\/no\/90151\/","title":{"rendered":"Nyheter, Posten | Har hentet inn roboter og 700 ekstra ansatte"},"content":{"rendered":"\n<p>Posten venter sv\u00e6rt store pakkevolum til Brings terminaler og har hentet inn b\u00e5de mannskaper og roboter for \u00e5 ta unna pakker som skal til hele landet.<\/p>\n<p>\u2013 F\u00f8rjulstiden er den mest hektiske og artige for oss. Vi har rekordmange utleveringssteder og ekstra mannskaper b\u00e5de p\u00e5 terminalene og ute i distribusjonen. Det blir h\u00f8y aktivitet for sj\u00e5f\u00f8rer, postbud og terminalmedarbeidere i Posten Bring, sier konserndirekt\u00f8r Hans-\u00d8yvind Ryen.<\/p>\n<p>I \u00e5r har Posten hele 3700 utleveringssteder spredd over hele landet.<\/p>\n<p>Ryen sier at Posten i \u00e5r har gjort en rekke konkrete tiltak for \u00e5 sikre god flyt av pakker og julepost til inn- og utland. Blant nyvinningene er seks robotarmer p\u00e5 \u00d8stlandsterminalen i L\u00f8renskog som forer Nord-Europas st\u00f8rste sorteringsmaskin for sm\u00e5pakker. Dette frigir kapasitet som settes inn andre steder p\u00e5 terminalen.<\/p>\n<p>\u2013 Selv om robotene aldri tar ferie, trenger kaffepause eller glemmer hvor de la hanskene, s\u00e5 er det folkene v\u00e5re som f\u00e5r hjulene til \u00e5 g\u00e5 rundt. Uten dem stopper julen rett og slett opp, sier Ryen.<\/p>\n<p>  <a href=\"https:\/\/www.rb.no\/5-43-2609487\" class=\"related-teaser has-image default-story-teaser article--c-eRUmMG article--c-eRUmMG-jKCPdD-design-default\" rel=\"nofollow noopener\" target=\"_blank\"><\/p>\n<p>    <img decoding=\"async\" loading=\"lazy\"  src=\"https:\/\/www.europesays.com\/no\/wp-content\/uploads\/2025\/11\/Andrea+Rix_SpareBank+1+%C3%98stlandet.jpg\" alt=\"\" class=\"brick-c-cFOWSL\" style=\"\"\/><\/p>\n<p>\n            Les ogs\u00e5<\/p>\n<p>              Pass p\u00e5: Black week-tilbudene er kanskje ikke s\u00e5 gode som de kan se ut\n        <\/p>\n<p>  <\/a><\/p>\n<p>Han oppfordrer alle dem som f\u00e5r hentemelding, til raskt \u00e5 svinge innom et utleveringssted for \u00e5 hente pakken. Pakker m\u00e5 uansett hentes innen sju dager etter at de er ankommet hentested.<\/p>\n<p>\u2013 Hvis folk er raske, f\u00e5r vi fylt p\u00e5 med nye pakker, sier konserndirekt\u00f8ren.<\/p>\n<p>\u00c5pningstidene for kundeservice er utvidet til klokka 19 i f\u00f8rjulstiden. Tjenesten er dermed \u00e5pen fra klokka 08 til 19 p\u00e5 ukedagene og 09 til 16.30 p\u00e5 l\u00f8rdager. Kundeservice alene har hentet inn rundt 40 medarbeidere i den kommende perioden.<\/p>\n<p>  <a href=\"https:\/\/www.rb.no\/5-43-2612372\" class=\"related-teaser has-image default-story-teaser article--c-eRUmMG article--c-eRUmMG-jKCPdD-design-default\" rel=\"nofollow noopener\" target=\"_blank\"><\/p>\n<p>    <img decoding=\"async\" loading=\"lazy\"  src=\"https:\/\/www.europesays.com\/no\/wp-content\/uploads\/2025\/11\/IMG_9624.jpg\" alt=\"\" class=\"brick-c-cFOWSL\" style=\"\"\/><\/p>\n<p>\n            Les ogs\u00e5<\/p>\n<p>              Camillas julekonsept har tatt av \u2013 n\u00e5 har hun \u00e5pnet p\u00e5 Romerike\n        <\/p>\n<p>  <\/a><\/p>\n","protected":false},"excerpt":{"rendered":"Posten venter sv\u00e6rt store pakkevolum til Brings terminaler og har hentet inn b\u00e5de mannskaper og roboter for \u00e5&hellip;\n","protected":false},"author":2,"featured_media":90152,"comment_status":"","ping_status":"","sticky":false,"template":"","format":"standard","meta":{"footnotes":""},"categories":[56],"tags":[36,60,61,3143,62,30,28,29,14,11832,2498,1510],"class_list":{"0":"post-90151","1":"post","2":"type-post","3":"status-publish","4":"format-standard","5":"has-post-thumbnail","7":"category-naeringsliv","8":"tag-art","9":"tag-business","10":"tag-economy","11":"tag-mittlorenskog","12":"tag-naeringsliv","13":"tag-no","14":"tag-norge","15":"tag-norway","16":"tag-nyheter","17":"tag-ostlandsterminalen","18":"tag-posten","19":"tag-story"},"share_on_mastodon":{"url":"https:\/\/pubeurope.com\/@no\/115571247387503495","error":""},"_links":{"self":[{"href":"https:\/\/www.europesays.com\/no\/wp-json\/wp\/v2\/posts\/90151","targetHints":{"allow":["GET"]}}],"collection":[{"href":"https:\/\/www.europesays.com\/no\/wp-json\/wp\/v2\/posts"}],"about":[{"href":"https:\/\/www.europesays.com\/no\/wp-json\/wp\/v2\/types\/post"}],"author":[{"embeddable":true,"href":"https:\/\/www.europesays.com\/no\/wp-json\/wp\/v2\/users\/2"}],"replies":[{"embeddable":true,"href":"https:\/\/www.europesays.com\/no\/wp-json\/wp\/v2\/comments?post=90151"}],"version-history":[{"count":0,"href":"https:\/\/www.europesays.com\/no\/wp-json\/wp\/v2\/posts\/90151\/revisions"}],"wp:featuredmedia":[{"embeddable":true,"href":"https:\/\/www.europesays.com\/no\/wp-json\/wp\/v2\/media\/90152"}],"wp:attachment":[{"href":"https:\/\/www.europesays.com\/no\/wp-json\/wp\/v2\/media?parent=90151"}],"wp:term":[{"taxonomy":"category","embeddable":true,"href":"https:\/\/www.europesays.com\/no\/wp-json\/wp\/v2\/categories?post=90151"},{"taxonomy":"post_tag","embeddable":true,"href":"https:\/\/www.europesays.com\/no\/wp-json\/wp\/v2\/tags?post=90151"}],"curies":[{"name":"wp","href":"https:\/\/api.w.org\/{rel}","templated":true}]}}