{"id":90166,"date":"2025-11-18T15:07:13","date_gmt":"2025-11-18T15:07:13","guid":{"rendered":"https:\/\/www.europesays.com\/no\/90166\/"},"modified":"2025-11-18T15:07:13","modified_gmt":"2025-11-18T15:07:13","slug":"apnet-bagasjerommet-dette-ma-du-se","status":"publish","type":"post","link":"https:\/\/www.europesays.com\/no\/90166\/","title":{"rendered":"\u00c5pnet bagasjerommet: \u00abDette m\u00e5 du se\u00bb"},"content":{"rendered":"\n<p class=\"_paragraph_o9xde_4 _paragraph_xtcu6_10 layout-component text-serif-m layout-normal text-serif-m layout-padded\">De trodde de rykket ut til en bilbrann denne s\u00f8ndagen i januar 2024. <\/p>\n<p class=\"_paragraph_o9xde_4 _paragraph_xtcu6_10 layout-component text-serif-m layout-normal text-serif-m layout-padded\">F\u00f8rste melding kom inn til n\u00f8detatene klokken 08.45. Minutter senere var brannvesenet p\u00e5 plass. <\/p>\n<p class=\"_paragraph_o9xde_4 _paragraph_xtcu6_10 layout-component text-serif-m layout-normal text-serif-m layout-padded\"><strong class=\"_strong_o9xde_25\">Da brannen var slukket en halvtime senere, \u00e5pnet de bagasjerommet p\u00e5 den utbrente bilen.<\/strong><\/p>\n<p class=\"_paragraph_o9xde_4 _paragraph_xtcu6_10 layout-component text-serif-m layout-normal text-serif-m layout-padded\">\u2013 Kollegaen min ba meg komme bort og sa \u00abdette m\u00e5 du se\u00bb, sier en av brannkonstablene i retten tirsdag ettermiddag.<\/p>\n<p><img alt=\"Her ble bilen funnet. Tankbilen ved siden av har ingenting med drapet \u00e5 gj\u00f8re.  Foto: Politiet\" class=\"_image_qp4xg_65 layout-component layout-normal\" data-fullscreen- data-track-element-type=\"Article image fullscreen\" data-track-name=\"ImageFullscreen\" decoding=\"async\" loading=\"lazy\" height=\"3748\" itemprop=\"image\"  src=\"https:\/\/www.europesays.com\/no\/wp-content\/uploads\/2025\/11\/488c0bf3-65d5-4860-bf13-de6edaaf22e1\"  style=\"object-position:0% 0%\" width=\"5316\"\/>Her ble bilen funnet. Tankbilen ved siden av har ingenting med drapet \u00e5 gj\u00f8re.  Foto: Politiet<\/p>\n<p class=\"_paragraph_o9xde_4 _paragraph_xtcu6_10 layout-component text-serif-m layout-normal text-serif-m layout-padded\">De var ikke forberedt p\u00e5 synet som ventet dem. Brannkonstabelen er rolig i stemmen mens han forklarer seg:<\/p>\n<p class=\"_paragraph_o9xde_4 _paragraph_xtcu6_10 layout-component text-serif-m layout-normal text-serif-m layout-padded\">\u2013 Det var sterkt forbrente levninger.<\/p>\n<p class=\"_paragraph_o9xde_4 _paragraph_xtcu6_10 layout-component text-serif-m layout-normal text-serif-m layout-padded\">Senere viste det seg at levningene tilh\u00f8rte <a href=\"https:\/\/www.vg.no\/tag\/tina-milena-solberg?utm_source=vg-article&amp;utm_medium=auto-tagger&amp;utm_campaign=xmx12l\" class=\"_link_o9xde_39\" rel=\"nofollow noopener\" target=\"_blank\">Tina Milena Solberg<\/a> (33). Men p\u00e5 dette tidspunktet, visste ikke brannvesenet hva som hadde skjedd.<\/p>\n<p class=\"_paragraph_o9xde_4 _paragraph_xtcu6_10 layout-component text-serif-m layout-normal text-serif-m layout-padded\"><strong class=\"_strong_o9xde_25\">Senere skulle det bli klart:<\/strong><\/p>\n<p class=\"_paragraph_o9xde_4 _paragraph_xtcu6_10 layout-component text-serif-m layout-normal text-serif-m layout-padded\">To timer f\u00f8r n\u00f8detatene h\u00f8rte om bilbrannen, hadde Vahid Heydari Mohammadi (35) drept sin tidligere kj\u00e6reste.<\/p>\n<p class=\"_paragraph_o9xde_4 _paragraph_xtcu6_10 layout-component text-serif-m layout-normal text-serif-m layout-padded\">Han kvelte henne med hendene og surret en Playstation-ledning rundt halsen hennes, har han forklart.<\/p>\n<p class=\"_paragraph_o9xde_4 _paragraph_xtcu6_10 layout-component text-serif-m layout-normal text-serif-m layout-padded\">Da Solbergs levninger ble funnet, var ledningen fortsatt surret rundt halsen hennes.<\/p>\n<p class=\"_paragraph_o9xde_4 _paragraph_xtcu6_10 layout-component text-serif-m layout-normal text-serif-m layout-padded\"><strong class=\"_strong_o9xde_25\">I tillegg ble det funnet et forkullet smykke.<\/strong><\/p>\n<p class=\"_paragraph_o9xde_4 _paragraph_xtcu6_10 layout-component text-serif-m layout-normal text-serif-m layout-padded\">\u2013 Det var formet som et hjerte. Steinene rundt var borte, forklarer brannkonstabelen.<\/p>\n<p><img alt=\"Foto: Politiet\" class=\"_image_qp4xg_65 layout-component layout-normal\" data-fullscreen- data-track-element-type=\"Article image fullscreen\" data-track-name=\"ImageFullscreen\" decoding=\"async\" loading=\"lazy\" height=\"6210\" itemprop=\"image\"  src=\"https:\/\/www.europesays.com\/no\/wp-content\/uploads\/2025\/11\/efbfd9c4-82f2-41a9-97c4-e9cd98c95890\"  style=\"object-position:0% 0%\" width=\"5464\"\/>Foto: PolitietBarna var hjemme<\/p>\n<p class=\"_paragraph_o9xde_4 _paragraph_xtcu6_10 layout-component text-serif-m layout-normal text-serif-m layout-padded\">Ogs\u00e5 flere krimteknikerne forklarte seg i retten tirsdag ettermiddag. Fra vitneboksen gikk de i detalj om hvordan Solbergs levninger ble funnet.<\/p>\n<p class=\"_paragraph_o9xde_4 _paragraph_xtcu6_10 layout-component text-serif-m layout-normal text-serif-m layout-padded\"><strong class=\"_strong_o9xde_25\">Den sterkt forbrente ledningen ble vist frem i retten.<\/strong><\/p>\n<p class=\"_paragraph_o9xde_4 _paragraph_xtcu6_10 layout-component text-serif-m layout-normal text-serif-m layout-padded\">\u2013 Det var ingen knuter p\u00e5 ledningen. Den var tvinnet rundt seks ganger, sier krimtekniker og politioverbetjent Nina Arnesen Couillault.<\/p>\n<p><img alt=\"Foto: Politiet\" class=\"_image_qp4xg_65 layout-component layout-normal\" data-fullscreen- data-track-element-type=\"Article image fullscreen\" data-track-name=\"ImageFullscreen\" decoding=\"async\" loading=\"lazy\" height=\"3502\" itemprop=\"image\"  src=\"https:\/\/www.europesays.com\/no\/wp-content\/uploads\/2025\/11\/9f3412b1-f380-4405-b680-02c0ee2461ca\"  style=\"object-position:0% 0%\" width=\"4826\"\/>Foto: Politiet<\/p>\n<p class=\"_paragraph_o9xde_4 _paragraph_xtcu6_10 layout-component text-serif-m layout-normal text-serif-m layout-padded\">Drapet skjedde p\u00e5 soverommet til deres ni \u00e5r gamle s\u00f8nn. B\u00e5de han og storebroren (11) var hjemme <a href=\"https:\/\/www.vg.no\/nyheter\/i\/JbPj5P\/drapet-paa-tina-33-rettssaken-er-i-gang\" data-track-element-type=\"Link\" data-track-id=\"link:JbPj5P\" class=\"_link_o9xde_39\" rel=\"nofollow noopener\" target=\"_blank\">da moren ble drept<\/a>.<\/p>\n<p class=\"_paragraph_o9xde_4 _paragraph_xtcu6_10 layout-component text-serif-m layout-normal text-serif-m layout-padded\">Ledningen tilh\u00f8rte familiens Playstation.<\/p>\n<p class=\"_paragraph_o9xde_4 _paragraph_xtcu6_10 layout-component text-serif-m layout-normal text-serif-m layout-padded\">\u2013 Det er brutale detaljer fra et \u00e5sted, sier Couillault.<\/p>\n<p><img alt=\"Tirsdag forteller politioverbetjent Nina Arnesen Couillault om hva krimteknikerne fant p\u00e5 \u00e5stedet 7. januar. Bak henne st\u00e5r aktor Kristine Herrebr\u00f8den.  Foto: Ingrid Bj\u00f8rndal Farestvedt \/ VG\" class=\"_image_qp4xg_65 layout-component layout-normal\" data-fullscreen- data-track-element-type=\"Article image fullscreen\" data-track-name=\"ImageFullscreen\" decoding=\"async\" loading=\"lazy\" height=\"5083\" itemprop=\"image\"  src=\"https:\/\/www.europesays.com\/no\/wp-content\/uploads\/2025\/11\/a70bcd0c-ef65-46c3-85b9-5c6a4aad04c8\"  style=\"object-position:0% 0%\" width=\"6861\"\/>Tirsdag forteller politioverbetjent Nina Arnesen Couillault om hva krimteknikerne fant p\u00e5 \u00e5stedet 7. januar. Bak henne st\u00e5r aktor Kristine Herrebr\u00f8den.  Foto: Ingrid Bj\u00f8rndal Farestvedt \/ VG<\/p>\n<p class=\"_paragraph_o9xde_4 _paragraph_xtcu6_10 layout-component text-serif-m layout-normal text-serif-m layout-padded\">Mohammadi har for lengst tilst\u00e5tt drapet p\u00e5 Solberg. De tidligere samboerne bodde ikke sammen p\u00e5 dette tidspunktet.<\/p>\n<p class=\"_paragraph_o9xde_4 _paragraph_xtcu6_10 layout-component text-serif-m layout-normal layout-padded\"><strong class=\"_strong_o9xde_25\">Les ogs\u00e5:<\/strong> <a href=\"https:\/\/www.vg.no\/i\/JbPj5P\" data-track-element-type=\"Link\" data-track-id=\"link:JbPj5P\" class=\"_link_o9xde_39\" rel=\"nofollow noopener\" target=\"_blank\">Gjemte seg under sengen f\u00f8r drapet: \u2013 Dette skulle aldri ha skjedd<\/a><\/p>\n<p>\u2013 De sa de hadde funnet noe<\/p>\n<p class=\"_paragraph_o9xde_4 _paragraph_xtcu6_10 layout-component text-serif-m layout-normal text-serif-m layout-padded\">Men n\u00f8detatene visste ingenting om alt dette da de rykket ut til en bilbrann denne s\u00f8ndagen i januar.<\/p>\n<p class=\"_paragraph_o9xde_4 _paragraph_xtcu6_10 layout-component text-serif-m layout-normal text-serif-m layout-padded\">Samtidig som brannvesenet jobbet med \u00e5 slukke brannen, pr\u00f8vde politiet \u00e5 finne ut hvem bilen tilh\u00f8rte.<\/p>\n<p class=\"_paragraph_o9xde_4 _paragraph_xtcu6_10 layout-component text-serif-m layout-normal text-serif-m layout-padded\">\u2013 Den var forlatt p\u00e5 en \u00f8de plass, sier en av politibetjentene i retten tirsdag.<\/p>\n<p><img alt=\"Rettssaken p\u00e5g\u00e5r i et rettslokale p\u00e5 Nordnes i Bergen.  Foto: Ingrid Bj\u00f8rndal Farestvedt \/ VG\" class=\"_image_qp4xg_65 layout-component layout-normal\" data-fullscreen- data-track-element-type=\"Article image fullscreen\" data-track-name=\"ImageFullscreen\" decoding=\"async\" loading=\"lazy\" height=\"5464\" itemprop=\"image\"  src=\"https:\/\/www.europesays.com\/no\/wp-content\/uploads\/2025\/11\/c71daeea-6d30-477d-ab16-a9a77c973b9a\"  style=\"object-position:0% 0%\" width=\"8192\"\/>Rettssaken p\u00e5g\u00e5r i et rettslokale p\u00e5 Nordnes i Bergen.  Foto: Ingrid Bj\u00f8rndal Farestvedt \/ VG<\/p>\n<p class=\"_paragraph_o9xde_4 _paragraph_xtcu6_10 layout-component text-serif-m layout-normal text-serif-m layout-padded\">Han var blant de f\u00f8rste p\u00e5 stedet. Patruljen dro videre, men kom tilbake da det viste seg at det kunne v\u00e6re mer enn en bilbrann.<\/p>\n<p class=\"_paragraph_o9xde_4 _paragraph_xtcu6_10 layout-component text-serif-m layout-normal text-serif-m layout-padded\">\u2013 De sa de hadde funnet noe i bagasjerommet, forklarer politimannen.<\/p>\n<p class=\"_paragraph_o9xde_4 _paragraph_xtcu6_10 layout-component text-serif-m layout-normal text-serif-m layout-padded\"><strong class=\"_strong_o9xde_25\">\u2013 Det stemte overens med levningene fra et menneske.<\/strong><\/p>\n<p class=\"_paragraph_o9xde_4 _paragraph_xtcu6_10 layout-component text-serif-m layout-normal text-serif-m layout-padded\">I mellomtiden hadde politiet f\u00e5tt mer oversikt over hva dette kunne dreie seg om. <\/p>\n<p class=\"_paragraph_o9xde_4 _paragraph_xtcu6_10 layout-component text-serif-m layout-normal text-serif-m layout-padded\">De lette n\u00e5 etter en mann \u2013 som de visste hadde en ekskj\u00e6reste og to barn.<\/p>\n<p class=\"_paragraph_o9xde_4 _paragraph_xtcu6_10 layout-component text-serif-m layout-normal text-serif-m layout-padded\">\u2013 Det er ikke ofte det g\u00e5r kaldt nedover ryggen min, men det gjorde det da. Jeg tenkte at her kan vi st\u00e5 overfor en enda st\u00f8rre tragedie, forklarer politimannen.<\/p>\n<p><img alt=\"Foto: Ingrid Bj\u00f8rndal Farestvedt \/ VG\" class=\"_image_qp4xg_65 layout-component layout-normal\" data-fullscreen- data-track-element-type=\"Article image fullscreen\" data-track-name=\"ImageFullscreen\" decoding=\"async\" loading=\"lazy\" height=\"5464\" itemprop=\"image\"  src=\"https:\/\/www.europesays.com\/no\/wp-content\/uploads\/2025\/11\/8a166049-ba91-418b-aa65-ab897a7f7888\"  style=\"object-position:0% 0%\" width=\"8192\"\/>Foto: Ingrid Bj\u00f8rndal Farestvedt \/ VG<\/p>\n<p class=\"_paragraph_o9xde_4 _paragraph_xtcu6_10 layout-component text-serif-m layout-normal text-serif-m layout-padded\">Omr\u00e5det ble sperret av. Enda flere politiressurser ble sendt ut.<\/p>\n<p class=\"_paragraph_o9xde_4 _paragraph_xtcu6_10 layout-component text-serif-m layout-normal text-serif-m layout-padded\">\u2013 Klokken 11.40 meldte en patrulje fra om at de hadde p\u00e5truffet en mann langs veien, som passet til beskrivelsen, sier politimannen.<\/p>\n<p class=\"_paragraph_o9xde_4 _paragraph_xtcu6_10 layout-component text-serif-m layout-normal text-serif-m layout-padded\">Det var Mohammadi. Han ble p\u00e5grepet et lite stykke fra \u00e5stedet rundt klokken 11.45.<\/p>\n<p class=\"_paragraph_o9xde_4 _paragraph_xtcu6_10 layout-component text-serif-m layout-normal layout-padded\"><strong class=\"_strong_o9xde_25\">Les ogs\u00e5:<\/strong> <a href=\"https:\/\/www.vg.no\/i\/ve4RL5\" data-track-element-type=\"Link\" data-track-id=\"link:ve4RL5\" class=\"_link_o9xde_39\" rel=\"nofollow noopener\" target=\"_blank\">Tina Milena Solberg drept i \u00d8ygarden: De siste timene<\/a><\/p>\n<p class=\"_paragraph_o9xde_4 _paragraph_xtcu6_10 layout-component text-serif-m layout-normal text-serif-m layout-padded\">Gjennom forklaringene fra n\u00f8detatene og krimteknikerne \u2013 som varer i mange timer \u2013 sitter den drapstiltalte 35-\u00e5ringene med ansiktet i hendene.<\/p>\n<p class=\"_paragraph_o9xde_4 _paragraph_xtcu6_10 layout-component text-serif-m layout-normal text-serif-m layout-padded\"><strong class=\"_strong_o9xde_25\">Rett overfor ham, kun f\u00e5 meter unna, sitter Solbergs far \u2013 Kurt.<\/strong><\/p>\n<p class=\"_paragraph_o9xde_4 _paragraph_xtcu6_10 layout-component text-serif-m layout-normal text-serif-m layout-padded\">Mohammadis blikk er festet i gulvet nesten hele tiden. Iblant er \u00f8ynene hans helt lukket.<\/p>\n<p class=\"_paragraph_o9xde_4 _paragraph_xtcu6_10 layout-component text-serif-m layout-normal text-serif-m layout-padded\">P\u00e5 et tidspunkt henvender dommer Johan Eggen seg til ham for \u00e5 sp\u00f8rre hvorfor:<\/p>\n<p class=\"_paragraph_o9xde_4 _paragraph_xtcu6_10 layout-component text-serif-m layout-normal text-serif-m layout-padded\">\u2013 Jeg klarer ikke se Kurt. Jeg klarer ikke se disse bildene, sier han.<\/p>\n<p class=\"_paragraph_o9xde_4 _paragraph_xtcu6_10 layout-component text-serif-m layout-normal text-serif-m layout-padded\">Rettssaken etter drapet i \u00d8ygarden startet i Hordaland tingrett mandag. <\/p>\n<p class=\"_paragraph_o9xde_4 _paragraph_xtcu6_10 layout-component text-serif-m layout-normal text-serif-m layout-padded\">Mohammadi st\u00e5r tiltalt for drap, likskjending og mishandling av barna sine p\u00e5 drapsnatten. Han erkjenner straffskyld for alt utenom mishandling.<\/p>\n<p class=\"_paragraph_o9xde_4 _paragraph_xtcu6_10 layout-component text-serif-m layout-normal text-serif-m layout-padded\">\u2013 Jeg er i sjokk. Dette skulle aldri ha skjedd, sa han fra vitneboksen mandag.<\/p>\n<p>    <img decoding=\"async\" alt=\"Tips oss illustrasjon\" src=\"https:\/\/www.europesays.com\/no\/wp-content\/uploads\/2025\/10\/pssst-small.webp.webp\"\/>    <\/p>\n<p class=\"title-serif-s\">Har du tips?<\/p>\n<p class=\"text-sans-m\">Send oss informasjon, bilder eller video.<\/p>\n<p>  <a href=\"https:\/\/www.vg.no\/tips-oss\" rel=\"nofollow noopener\" target=\"_blank\"> Tips oss <\/a>      <\/p>\n","protected":false},"excerpt":{"rendered":"De trodde de rykket ut til en bilbrann denne s\u00f8ndagen i januar 2024. F\u00f8rste melding kom inn til&hellip;\n","protected":false},"author":2,"featured_media":90167,"comment_status":"","ping_status":"","sticky":false,"template":"","format":"standard","meta":{"footnotes":""},"categories":[10],"tags":[31,20,21,2320,24,25,15,148,22,23,13,30,28,29,14,16,11782,26,27],"class_list":{"0":"post-90166","1":"post","2":"type-post","3":"status-publish","4":"format-standard","5":"has-post-thumbnail","7":"category-norge","8":"tag-breaking","9":"tag-breaking-news","10":"tag-breakingnews","11":"tag-drap-i-norge","12":"tag-featured-news","13":"tag-featurednews","14":"tag-headlines","15":"tag-kriminalitet","16":"tag-latest-news","17":"tag-latestnews","18":"tag-news","19":"tag-no","20":"tag-norge","21":"tag-norway","22":"tag-nyheter","23":"tag-overskrifter","24":"tag-tina-milena-solberg","25":"tag-top-stories","26":"tag-topstories"},"share_on_mastodon":{"url":"https:\/\/pubeurope.com\/@no\/115571330470590238","error":""},"_links":{"self":[{"href":"https:\/\/www.europesays.com\/no\/wp-json\/wp\/v2\/posts\/90166","targetHints":{"allow":["GET"]}}],"collection":[{"href":"https:\/\/www.europesays.com\/no\/wp-json\/wp\/v2\/posts"}],"about":[{"href":"https:\/\/www.europesays.com\/no\/wp-json\/wp\/v2\/types\/post"}],"author":[{"embeddable":true,"href":"https:\/\/www.europesays.com\/no\/wp-json\/wp\/v2\/users\/2"}],"replies":[{"embeddable":true,"href":"https:\/\/www.europesays.com\/no\/wp-json\/wp\/v2\/comments?post=90166"}],"version-history":[{"count":0,"href":"https:\/\/www.europesays.com\/no\/wp-json\/wp\/v2\/posts\/90166\/revisions"}],"wp:featuredmedia":[{"embeddable":true,"href":"https:\/\/www.europesays.com\/no\/wp-json\/wp\/v2\/media\/90167"}],"wp:attachment":[{"href":"https:\/\/www.europesays.com\/no\/wp-json\/wp\/v2\/media?parent=90166"}],"wp:term":[{"taxonomy":"category","embeddable":true,"href":"https:\/\/www.europesays.com\/no\/wp-json\/wp\/v2\/categories?post=90166"},{"taxonomy":"post_tag","embeddable":true,"href":"https:\/\/www.europesays.com\/no\/wp-json\/wp\/v2\/tags?post=90166"}],"curies":[{"name":"wp","href":"https:\/\/api.w.org\/{rel}","templated":true}]}}