{"id":90182,"date":"2025-11-18T15:20:59","date_gmt":"2025-11-18T15:20:59","guid":{"rendered":"https:\/\/www.europesays.com\/no\/90182\/"},"modified":"2025-11-18T15:20:59","modified_gmt":"2025-11-18T15:20:59","slug":"bistandsadvokat-klager-pa-henleggelse-av-sak-mot-voldtektssiktet-prest","status":"publish","type":"post","link":"https:\/\/www.europesays.com\/no\/90182\/","title":{"rendered":"Bistandsadvokat klager p\u00e5 henleggelse av sak mot voldtektssiktet prest"},"content":{"rendered":"<p>\n        Bildet viser p\u00e5taleansvarlig Inger-Lise H\u00f8yland<br \/>\n        Paul S. Amundsen \/ NTB\n    <\/p>\n<p>    P\u00e5talemyndigheten la 4. november vekk saken mot en prest som tidligere i \u00e5r ble siktet for voldtekt av en kvinne. N\u00e5 klager bistandsadvokaten p\u00e5 henleggelsen.<\/p>\n<p>\nDet bekrefter bistandsadvokat, Tiril R\u00f8kke, overfor <a href=\"https:\/\/www.ba.no\/klager-pa-henleggelse-av-sak-mot-voldtektssiktet-prest\/s\/5-8-3224722\" target=\"_blank\" rel=\"nofollow noopener\">Bergensavisen<\/a>. <\/p>\n<p>Hun understreker at saken har v\u00e6rt en stor belastning for hennes klient. <\/p>\n<p>Kvinnen har tidligere fortalt at hun f\u00f8lte seg utnyttet i en periode hun var syk, og mente presten hadde forgrepet seg p\u00e5 henne gjentatte ganger. <\/p>\n","protected":false},"excerpt":{"rendered":"Bildet viser p\u00e5taleansvarlig Inger-Lise H\u00f8yland Paul S. Amundsen \/ NTB P\u00e5talemyndigheten la 4. november vekk saken mot en&hellip;\n","protected":false},"author":2,"featured_media":90183,"comment_status":"","ping_status":"","sticky":false,"template":"","format":"standard","meta":{"footnotes":""},"categories":[12],"tags":[20,21,24,25,15,22,23,13,30,28,29,14,16,26,27,42,43,44,45],"class_list":{"0":"post-90182","1":"post","2":"type-post","3":"status-publish","4":"format-standard","5":"has-post-thumbnail","7":"category-verden","8":"tag-breaking-news","9":"tag-breakingnews","10":"tag-featured-news","11":"tag-featurednews","12":"tag-headlines","13":"tag-latest-news","14":"tag-latestnews","15":"tag-news","16":"tag-no","17":"tag-norge","18":"tag-norway","19":"tag-nyheter","20":"tag-overskrifter","21":"tag-top-stories","22":"tag-topstories","23":"tag-verden","24":"tag-world","25":"tag-world-news","26":"tag-worldnews"},"share_on_mastodon":{"url":"https:\/\/pubeurope.com\/@no\/115571384938655913","error":""},"_links":{"self":[{"href":"https:\/\/www.europesays.com\/no\/wp-json\/wp\/v2\/posts\/90182","targetHints":{"allow":["GET"]}}],"collection":[{"href":"https:\/\/www.europesays.com\/no\/wp-json\/wp\/v2\/posts"}],"about":[{"href":"https:\/\/www.europesays.com\/no\/wp-json\/wp\/v2\/types\/post"}],"author":[{"embeddable":true,"href":"https:\/\/www.europesays.com\/no\/wp-json\/wp\/v2\/users\/2"}],"replies":[{"embeddable":true,"href":"https:\/\/www.europesays.com\/no\/wp-json\/wp\/v2\/comments?post=90182"}],"version-history":[{"count":0,"href":"https:\/\/www.europesays.com\/no\/wp-json\/wp\/v2\/posts\/90182\/revisions"}],"wp:featuredmedia":[{"embeddable":true,"href":"https:\/\/www.europesays.com\/no\/wp-json\/wp\/v2\/media\/90183"}],"wp:attachment":[{"href":"https:\/\/www.europesays.com\/no\/wp-json\/wp\/v2\/media?parent=90182"}],"wp:term":[{"taxonomy":"category","embeddable":true,"href":"https:\/\/www.europesays.com\/no\/wp-json\/wp\/v2\/categories?post=90182"},{"taxonomy":"post_tag","embeddable":true,"href":"https:\/\/www.europesays.com\/no\/wp-json\/wp\/v2\/tags?post=90182"}],"curies":[{"name":"wp","href":"https:\/\/api.w.org\/{rel}","templated":true}]}}