{"id":90184,"date":"2025-11-18T15:22:11","date_gmt":"2025-11-18T15:22:11","guid":{"rendered":"https:\/\/www.europesays.com\/no\/90184\/"},"modified":"2025-11-18T15:22:11","modified_gmt":"2025-11-18T15:22:11","slug":"her-kan-du-na-ga-pa-ski-smp-no","status":"publish","type":"post","link":"https:\/\/www.europesays.com\/no\/90184\/","title":{"rendered":"(+) Her kan du n\u00e5 g\u00e5 p\u00e5 ski &#8211; smp.no"},"content":{"rendered":"<ol>\n<li><a href=\"https:\/\/news.google.com\/rss\/articles\/CBMie0FVX3lxTE0xQzdCb2YyVlJsZWFwZzN5djhrdjBvRDFSYThnSmM0NmZhcmlJSEpzLUZseHpmRktJczVJdExrSXptMnk0ckYxeVA2aGZlc0l5RE40Zk84MGRrYmc2MmkwQlNTdXloNWJVRmM3N0szRXlDZnk0M1hfWnpLYw?oc=5\" target=\"_blank\" rel=\"nofollow noopener\">(+) Her kan du n\u00e5 g\u00e5 p\u00e5 ski<\/a>&nbsp;&nbsp;smp.no<\/li>\n<li><a href=\"https:\/\/news.google.com\/rss\/articles\/CBMihAFBVV95cUxQbUwzMkU4VndJdElUMFN4ZzZ3VUhGYU4xMks4NnJEaG15TnQ4RUtxeVFpcVNUdVZsT1UxbG5uNmF3TFFjODNfVFhWX1lsX29aNVVxZVotZW1UUlhUczVtVUJyalZSUnQxc0FVUmtYaDJWSTRCM25KdmNKVDZDUGRXdnA1bnY?oc=5\" target=\"_blank\" rel=\"nofollow noopener\">\u2013 Har tre skift som arbeider d\u00f8gnet rundt<\/a>&nbsp;&nbsp;agderposten.no<\/li>\n<li><a href=\"https:\/\/news.google.com\/rss\/articles\/CBMiqAFBVV95cUxQV1pfXzNNQWVCcGx6cW9RUHctV1BUYzBWallleHFhT3Z3V1l1SXBjVnFFYzFSa0ZrMWt6T0N0c2xwMFJVdUxFQ1daY2hzOGFrMEktbHdHbFRhRFUtcUxHZkRSUzd2QXVCQ1NGTjI1OW5WQ1NQMFFOZWktMGVQOEZyVFJVQWdpeUVUVldaVmdiNml6bVRVSm9YY2xkWXU2V2NLOThsVGtDaWk?oc=5\" target=\"_blank\" rel=\"nofollow noopener\">Sn\u00f8sesongen i gang i Sirdal \u2013 her kan de ivrigste pr\u00f8ve skiene<\/a>&nbsp;&nbsp;Stavanger Aftenblad<\/li>\n<li><a href=\"https:\/\/news.google.com\/rss\/articles\/CBMilAFBVV95cUxOZGE4WTIwZHZDWGc2c0RGMXpJeUpYdWI1WERlV3pRdV9wOTJiOGJaMUpCNldjNzRwS2RNY1pNMy16RGo2cmFIUmNCSWxxREUzbU5GMWFmTDBvQ0xlZkstWmRtanRnT1ZpaTA2QzIyRGhhVlZXUFBmN3J3emR6b3BiYy1xS2k1LTV0THlDVFgyWFdQbGFt?oc=5\" target=\"_blank\" rel=\"nofollow noopener\">N\u00e5 starter forberedelsene: \u2013 Vi f\u00f8lger n\u00f8ye med<\/a>&nbsp;&nbsp;Drammens Tidende<\/li>\n<li><a href=\"https:\/\/news.google.com\/rss\/articles\/CBMimwFBVV95cUxNVWlzRVJxUElxQzdIWHFIVkdNMThaZXg0ZnNvdlhGMTBOZGFwQmREZ0dvNnBrZTI0bGo0S0IzNy1SVmJaSEpfV01WaF95TlRQNlhKVXhjT0k5MWdrd1BDaWpZMi05STdxQncyXzVYeXRuQ0F5YUZZanhLbU93WldsSXlhSnlNVWZoOGIxaDdaOTBTdzh4cEVVWURwRQ?oc=5\" target=\"_blank\" rel=\"nofollow noopener\">Starter opp sn\u00f8legging i kveld: \u2013 Skj\u00f8nner det kan gi ubehag<\/a>&nbsp;&nbsp;opp.no<\/li>\n<\/ol>\n","protected":false},"excerpt":{"rendered":"(+) Her kan du n\u00e5 g\u00e5 p\u00e5 ski&nbsp;&nbsp;smp.no \u2013 Har tre skift som arbeider d\u00f8gnet rundt&nbsp;&nbsp;agderposten.no Sn\u00f8sesongen i&hellip;\n","protected":false},"author":2,"featured_media":90185,"comment_status":"","ping_status":"","sticky":false,"template":"","format":"standard","meta":{"footnotes":""},"categories":[10],"tags":[11834,20,21,24,25,11838,15,22,23,13,30,28,29,14,16,11835,2080,11837,11833,26,27,11836],"class_list":{"0":"post-90184","1":"post","2":"type-post","3":"status-publish","4":"format-standard","5":"has-post-thumbnail","7":"category-norge","8":"tag-bjorli","9":"tag-breaking-news","10":"tag-breakingnews","11":"tag-featured-news","12":"tag-featurednews","13":"tag-fjellsaetra","14":"tag-headlines","15":"tag-latest-news","16":"tag-latestnews","17":"tag-news","18":"tag-no","19":"tag-norge","20":"tag-norway","21":"tag-nyheter","22":"tag-overskrifter","23":"tag-orskogfjellet","24":"tag-orsta","25":"tag-ski-og-toppturar","26":"tag-strandafjellet","27":"tag-top-stories","28":"tag-topstories","29":"tag-valldal"},"share_on_mastodon":{"url":"https:\/\/pubeurope.com\/@no\/115571388784060847","error":""},"_links":{"self":[{"href":"https:\/\/www.europesays.com\/no\/wp-json\/wp\/v2\/posts\/90184","targetHints":{"allow":["GET"]}}],"collection":[{"href":"https:\/\/www.europesays.com\/no\/wp-json\/wp\/v2\/posts"}],"about":[{"href":"https:\/\/www.europesays.com\/no\/wp-json\/wp\/v2\/types\/post"}],"author":[{"embeddable":true,"href":"https:\/\/www.europesays.com\/no\/wp-json\/wp\/v2\/users\/2"}],"replies":[{"embeddable":true,"href":"https:\/\/www.europesays.com\/no\/wp-json\/wp\/v2\/comments?post=90184"}],"version-history":[{"count":0,"href":"https:\/\/www.europesays.com\/no\/wp-json\/wp\/v2\/posts\/90184\/revisions"}],"wp:featuredmedia":[{"embeddable":true,"href":"https:\/\/www.europesays.com\/no\/wp-json\/wp\/v2\/media\/90185"}],"wp:attachment":[{"href":"https:\/\/www.europesays.com\/no\/wp-json\/wp\/v2\/media?parent=90184"}],"wp:term":[{"taxonomy":"category","embeddable":true,"href":"https:\/\/www.europesays.com\/no\/wp-json\/wp\/v2\/categories?post=90184"},{"taxonomy":"post_tag","embeddable":true,"href":"https:\/\/www.europesays.com\/no\/wp-json\/wp\/v2\/tags?post=90184"}],"curies":[{"name":"wp","href":"https:\/\/api.w.org\/{rel}","templated":true}]}}