{"id":90190,"date":"2025-11-18T15:30:09","date_gmt":"2025-11-18T15:30:09","guid":{"rendered":"https:\/\/www.europesays.com\/no\/90190\/"},"modified":"2025-11-18T15:30:09","modified_gmt":"2025-11-18T15:30:09","slug":"buss-front-mot-front-frontkollisjon-mellom-bil-og-buss-i-more-og-romsdal","status":"publish","type":"post","link":"https:\/\/www.europesays.com\/no\/90190\/","title":{"rendered":"Buss, Front mot front | Frontkollisjon mellom bil og buss i M\u00f8re og Romsdal"},"content":{"rendered":"\n<p>Klokken 15.08 tirsdag ettermiddag ble det meldt om en trafikkulykke ved Kjerkv\u00e5gen p\u00e5 Aver\u00f8y i M\u00f8re og Romsdal. <\/p>\n<p>Ulykken, som involverer totalt tre kj\u00f8ret\u00f8y, beskrives som en front mot front-kollisjon mellom en bil og en buss.<\/p>\n<p>\u2013 N\u00f8detatene er p\u00e5 vei, skriver Renate Olin Solheim Lysvik p\u00e5 Politiloggen. <\/p>\n<p>Klokken 15:28 kom det en oppdatering om at det var omtrent 25 personer involvert i ulykken.<\/p>\n<p>\u2013 Alle i bussen fremst\u00e5r uskadd, bortsett fra et barn som har knekt en tann, skriver Olin Solheim Lysvik. <\/p>\n<p>Det er en skolebuss som er involvert. Den tredje bilen som er involvert har sklidd inn i de andre to kj\u00f8ret\u00f8yene i lav hastighet.<\/p>\n<p>Personen som satt i personbilen sliter litt med pusten. <\/p>\n<p>Personbilen har f\u00e5tt store materielle skader.<\/p>\n","protected":false},"excerpt":{"rendered":"Klokken 15.08 tirsdag ettermiddag ble det meldt om en trafikkulykke ved Kjerkv\u00e5gen p\u00e5 Aver\u00f8y i M\u00f8re og Romsdal.&hellip;\n","protected":false},"author":2,"featured_media":3844,"comment_status":"","ping_status":"","sticky":false,"template":"","format":"standard","meta":{"footnotes":""},"categories":[10],"tags":[20,21,24,25,15,22,23,13,30,28,29,14,16,26,27],"class_list":{"0":"post-90190","1":"post","2":"type-post","3":"status-publish","4":"format-standard","5":"has-post-thumbnail","7":"category-norge","8":"tag-breaking-news","9":"tag-breakingnews","10":"tag-featured-news","11":"tag-featurednews","12":"tag-headlines","13":"tag-latest-news","14":"tag-latestnews","15":"tag-news","16":"tag-no","17":"tag-norge","18":"tag-norway","19":"tag-nyheter","20":"tag-overskrifter","21":"tag-top-stories","22":"tag-topstories"},"share_on_mastodon":{"url":"https:\/\/pubeurope.com\/@no\/115571420267896867","error":""},"_links":{"self":[{"href":"https:\/\/www.europesays.com\/no\/wp-json\/wp\/v2\/posts\/90190","targetHints":{"allow":["GET"]}}],"collection":[{"href":"https:\/\/www.europesays.com\/no\/wp-json\/wp\/v2\/posts"}],"about":[{"href":"https:\/\/www.europesays.com\/no\/wp-json\/wp\/v2\/types\/post"}],"author":[{"embeddable":true,"href":"https:\/\/www.europesays.com\/no\/wp-json\/wp\/v2\/users\/2"}],"replies":[{"embeddable":true,"href":"https:\/\/www.europesays.com\/no\/wp-json\/wp\/v2\/comments?post=90190"}],"version-history":[{"count":0,"href":"https:\/\/www.europesays.com\/no\/wp-json\/wp\/v2\/posts\/90190\/revisions"}],"wp:featuredmedia":[{"embeddable":true,"href":"https:\/\/www.europesays.com\/no\/wp-json\/wp\/v2\/media\/3844"}],"wp:attachment":[{"href":"https:\/\/www.europesays.com\/no\/wp-json\/wp\/v2\/media?parent=90190"}],"wp:term":[{"taxonomy":"category","embeddable":true,"href":"https:\/\/www.europesays.com\/no\/wp-json\/wp\/v2\/categories?post=90190"},{"taxonomy":"post_tag","embeddable":true,"href":"https:\/\/www.europesays.com\/no\/wp-json\/wp\/v2\/tags?post=90190"}],"curies":[{"name":"wp","href":"https:\/\/api.w.org\/{rel}","templated":true}]}}