{"id":90211,"date":"2025-11-18T15:57:12","date_gmt":"2025-11-18T15:57:12","guid":{"rendered":"https:\/\/www.europesays.com\/no\/90211\/"},"modified":"2025-11-18T15:57:12","modified_gmt":"2025-11-18T15:57:12","slug":"skanska-oppdaterer-resultatmal-for-entreprenorvirksomhet","status":"publish","type":"post","link":"https:\/\/www.europesays.com\/no\/90211\/","title":{"rendered":"Skanska oppdaterer resultatm\u00e5l for entrepren\u00f8rvirksomhet"},"content":{"rendered":"<p>\n        Anders Danielsson.<br \/>\n        Foto: Kristoffer Marchi \/ Skanska AB\n    <\/p>\n<p>    Skanska \u00f8ker m\u00e5let for driftsmarginen i konsernets entrepren\u00f8rvirksomhet til minimum fire prosent.<\/p>\n<p>             Mange bedrifter har tegnet bedriftsavtale hos oss.<br \/>\n<br \/>\nDen l\u00f8sningen gir alle med e-post inneholdende bedriftens maildomene tilgang.<br \/>\n<br \/>\nLurer du p\u00e5 om din bedrift har en bedriftsl\u00f8sning?<br \/>\n<br \/>\nSend oss en mail, s\u00e5 sjekker vi det ut for deg.<\/p>\n<p>Andre sp\u00f8rsm\u00e5l? <a href=\"https:\/\/www.bygg.no\/anlegg-skanska\/skanska-setter-seg-nytt-resultatmal\/mailto:digital@bygg.no\" rel=\"nofollow noopener\" target=\"_blank\">Kontakt oss<\/a><\/p>\n","protected":false},"excerpt":{"rendered":"Anders Danielsson. Foto: Kristoffer Marchi \/ Skanska AB Skanska \u00f8ker m\u00e5let for driftsmarginen i konsernets entrepren\u00f8rvirksomhet til minimum&hellip;\n","protected":false},"author":2,"featured_media":90212,"comment_status":"","ping_status":"","sticky":false,"template":"","format":"standard","meta":{"footnotes":""},"categories":[12],"tags":[20,21,24,25,15,22,23,13,30,28,29,14,16,26,27,42,43,44,45],"class_list":{"0":"post-90211","1":"post","2":"type-post","3":"status-publish","4":"format-standard","5":"has-post-thumbnail","7":"category-verden","8":"tag-breaking-news","9":"tag-breakingnews","10":"tag-featured-news","11":"tag-featurednews","12":"tag-headlines","13":"tag-latest-news","14":"tag-latestnews","15":"tag-news","16":"tag-no","17":"tag-norge","18":"tag-norway","19":"tag-nyheter","20":"tag-overskrifter","21":"tag-top-stories","22":"tag-topstories","23":"tag-verden","24":"tag-world","25":"tag-world-news","26":"tag-worldnews"},"share_on_mastodon":{"url":"https:\/\/pubeurope.com\/@no\/115571526496550546","error":""},"_links":{"self":[{"href":"https:\/\/www.europesays.com\/no\/wp-json\/wp\/v2\/posts\/90211","targetHints":{"allow":["GET"]}}],"collection":[{"href":"https:\/\/www.europesays.com\/no\/wp-json\/wp\/v2\/posts"}],"about":[{"href":"https:\/\/www.europesays.com\/no\/wp-json\/wp\/v2\/types\/post"}],"author":[{"embeddable":true,"href":"https:\/\/www.europesays.com\/no\/wp-json\/wp\/v2\/users\/2"}],"replies":[{"embeddable":true,"href":"https:\/\/www.europesays.com\/no\/wp-json\/wp\/v2\/comments?post=90211"}],"version-history":[{"count":0,"href":"https:\/\/www.europesays.com\/no\/wp-json\/wp\/v2\/posts\/90211\/revisions"}],"wp:featuredmedia":[{"embeddable":true,"href":"https:\/\/www.europesays.com\/no\/wp-json\/wp\/v2\/media\/90212"}],"wp:attachment":[{"href":"https:\/\/www.europesays.com\/no\/wp-json\/wp\/v2\/media?parent=90211"}],"wp:term":[{"taxonomy":"category","embeddable":true,"href":"https:\/\/www.europesays.com\/no\/wp-json\/wp\/v2\/categories?post=90211"},{"taxonomy":"post_tag","embeddable":true,"href":"https:\/\/www.europesays.com\/no\/wp-json\/wp\/v2\/tags?post=90211"}],"curies":[{"name":"wp","href":"https:\/\/api.w.org\/{rel}","templated":true}]}}