{"id":90222,"date":"2025-11-18T16:14:34","date_gmt":"2025-11-18T16:14:34","guid":{"rendered":"https:\/\/www.europesays.com\/no\/90222\/"},"modified":"2025-11-18T16:14:34","modified_gmt":"2025-11-18T16:14:34","slug":"strom-nte-na-fyker-stromprisen-i-vaeret-bor-vurdere-norgespris","status":"publish","type":"post","link":"https:\/\/www.europesays.com\/no\/90222\/","title":{"rendered":"Str\u00f8m, NTE | N\u00e5 fyker str\u00f8mprisen i v\u00e6ret: \u2013 B\u00f8r vurdere Norgespris"},"content":{"rendered":"\n<p>Str\u00f8mprisen har gjort et byks over de siste to dagene. Det skjer samtidig som vinteren har festet grepet om Tr\u00f8ndelag.<\/p>\n<p><b>Mens snittprisen i Midt-Norge var 42,10 \u00f8re per kilowattime (kWh) s\u00f8ndag, koster str\u00f8mmen i snitt 138,59 \u00f8re per kWh tirsdag. I den dyreste timen tirsdag kveld, mellom klokken 18 og 19, kommer str\u00f8mmen til \u00e5 koste hele 240,65 \u00f8re per kWh. Dette viser tall hentet fra NTE. <\/b><\/p>\n<p>Samtidig justerer Tensio r\u00e5det sitt om Norgespris. Siden innf\u00f8ringen av den nye str\u00f8mst\u00f8tteordningen 1. oktober, har r\u00e5det til str\u00f8mkunder i Midt-Norge v\u00e6rt \u00abavvent\u00bb, men n\u00e5 endres dette til \u00abvurder\u00bb.<\/p>\n<p>\u2013 Ja, n\u00e5 har tiden kommet for at ogs\u00e5 vi tr\u00f8nderne m\u00e5 gj\u00f8re en vurdering p\u00e5 om Norgespris er noe for oss, sier konsernsjef i Tensio, Audhild Kvam.<\/p>\n<p>Gir forutsigbarhet<\/p>\n<p>Norgespris er en frivillig ordning hvor husholdninger kan binde str\u00f8mprisen til 50 \u00f8re\/kWh ut 2026.<\/p>\n<p>Selv om str\u00f8mprisen n\u00e5 har \u00f8kt markant, er det fortsatt ikke gitt at Norgespris vil l\u00f8nne seg i Midt-Norge. Men ordningen kan likevel v\u00e6re attraktiv for den som \u00f8nsker forutsigbarhet.<\/p>\n<p>\u2013 I veiledningen v\u00e5r skriver vi at en fordel med Norgespris er at du har forutsigbarhet og trygghet for hva str\u00f8mmen kommer til \u00e5 koste deg gjennom vinterens h\u00f8yprism\u00e5neder. S\u00e5 for de som n\u00e5 er bekymret for om str\u00f8mregningene kommer til \u00e5 bli for h\u00f8ye gjennom vinteren, s\u00e5 kan Norgespris v\u00e6re et godt valg, sier Kvam.<\/p>\n<p>Tensio-sjefen peker p\u00e5 at vi bruker mest str\u00f8m n\u00e5r det er kaldt, og at de h\u00f8yeste regningene normalt kommer om vinteren.<\/p>\n<p>\u2013 Da sikrer du deg en makspris p\u00e5 50 \u00f8re\/kWh gjennom vinteren, og ved \u00e5 velge Norgespris er det sv\u00e6rt sannsynlig at du vil spare deg for en del kroner n\u00e5 i vinterm\u00e5nedene.<\/p>\n<p>  <a href=\"https:\/\/www.t-a.no\/5-116-2235885\" class=\"related-teaser has-image default-story-teaser article--c-eRUmMG article--c-eRUmMG-jKCPdD-design-default\" rel=\"nofollow noopener\" target=\"_blank\"><\/p>\n<p>    <img decoding=\"async\" loading=\"lazy\"  src=\"https:\/\/www.europesays.com\/no\/wp-content\/uploads\/2025\/11\/Str%C3%B8mprisindeksen+september+2025+kartbilde.png\" alt=\"\" class=\"brick-c-cFOWSL\" style=\"\"\/><\/p>\n<p>\n            Les ogs\u00e5<\/p>\n<p>              \u2013 Klokt \u00e5 vente med Norgespris\n        <\/p>\n<p>  <\/a><br \/>\n  Uviss l\u00f8nnsomhet<\/p>\n<p>Samtidig er nettselskapet tydelige p\u00e5 nedsiden ved avtalen. Dersom markedsprisen blir lav igjen til sommeren, m\u00e5 de med Norgespris likevel betale den avtalte fastprisen.<\/p>\n<p>\u2013 Ved \u00e5 velge Norgespris m\u00e5 du ogs\u00e5 betale 50 \u00f8re\/kWh i sommerhalv\u00e5ret 2026, n\u00e5r prisene trolig blir lavere, sier Kvam.<\/p>\n<p>Hun p\u00e5peker samtidig at str\u00f8mforbruket normalt er lavere om sommeren, og at str\u00f8mregningene for de fleste da uansett er mindre.<\/p>\n<p>Kvam understreker at det er vanskelig \u00e5 forutsi om fastprisavtalen vil l\u00f8nne seg.<\/p>\n<p>\u2013 Om du i sum kommer til \u00e5 spare penger n\u00e5r \u00e5ret 2026 er ferdig og avtaleperioden for Norgespris g\u00e5r ut, det t\u00f8r ikke jeg \u00e5 sp\u00e5 med den kunnskapen jeg har akkurat n\u00e5. Men du har da i alle fall med stor sannsynlighet sikret deg en str\u00f8mregning n\u00e5 p\u00e5 vinteren som blir lettere \u00e5 b\u00e6re.<\/p>\n<p>  Timing kan v\u00e6re avgj\u00f8rende<\/p>\n<p>Hvorvidt Norgespris kommer til \u00e5 l\u00f8nne seg, avhenger ogs\u00e5 av timing \u2013 alts\u00e5 n\u00e5r du bestiller.<\/p>\n<p>Tensio p\u00e5peker at l\u00f8nnsomhet av avtalen \u00f8ker jo flere \u00abh\u00f8yprism\u00e5neder\u00bb man f\u00e5r med seg.<\/p>\n<p>Statistikken viser at desember og januar historisk sett er h\u00f8ypris-m\u00e5neder, og Tensio p\u00e5peker at avtalen dermed vil bli mindre l\u00f8nnsom dersom man venter helt til februar eller mars med \u00e5 bestille Norgespris.<\/p>\n<p>  <a href=\"https:\/\/www.t-a.no\/5-116-2218225\" class=\"related-teaser has-image default-story-teaser article--c-eRUmMG article--c-eRUmMG-jKCPdD-design-default\" rel=\"nofollow noopener\" target=\"_blank\"><\/p>\n<p>    <img decoding=\"async\" loading=\"lazy\"  src=\"https:\/\/www.europesays.com\/no\/wp-content\/uploads\/2025\/11\/SB_Str%C3%B8mpriser_1.jpg\" alt=\"\" class=\"brick-c-cFOWSL\" style=\"\"\/><\/p>\n<p>\n            Les ogs\u00e5<\/p>\n<p>              Kan gi kraftig prisendring\n        <\/p>\n<p>  <\/a><br \/>\n  Har allerede et sikkerhetsnett<\/p>\n<p>For vanlige husholdninger er det viktig \u00e5 huske at man likevel er sikret mot de verste pristoppene \u2013 selv om man ikke velger Norgespris. Den ordin\u00e6re str\u00f8mst\u00f8tteordningen gjelder fremdeles.<\/p>\n<p>\u00d8nsker du ikke Norgespris, trenger du ikke foreta deg noe. Da f\u00e5r du automatisk vanlig str\u00f8mst\u00f8tte.<\/p>\n<p>Den vanlige st\u00f8tten dekker 90 prosent av prisen som overstiger 93,75 \u00f8re per kWh.<\/p>\n<p>Dette gjelder imidlertid ikke hytter og fritidsboliger. Disse f\u00e5r ikke ordin\u00e6r str\u00f8mst\u00f8tte, men har derimot mulighet til \u00e5 bestille Norgespris.<\/p>\n<p>            Norgespris kort oppsummert<\/p>\n<ul>\n<li>\n<p><b>Pris:<\/b> 40 \u00f8re\/kWh eks. mva. (50 \u00f8re inkl. mva.) fram til f\u00f8rste justering 1.1.2027. Du betaler fortsatt nettleie, elavgift, Enova-avgift, mva. og eventuelle p\u00e5slag hos kraftleverand\u00f8ren.<\/p>\n<\/li>\n<li>\n<p><b>Binding:<\/b> Bestiller du mellom 1.10.2025 og 31.12.2026, binder du deg ut 2026. Fra 2027 varer bindingen fra bestilling til 31.12. samme \u00e5r. Avbestilling er mulig innen 14 dager. Ordningen f\u00f8lger m\u00e5lepunktet \u2013 flytter du, ligger bindingen igjen p\u00e5 adressen.<\/p>\n<\/li>\n<li>\n<p><b>Forbrukstak:<\/b> Dekker str\u00f8mforbruk opptil 5 000 kWh per m\u00e5ned per m\u00e5lepunkt i boliger (4 500 kWh for fjernvarme). P\u00e5 fritidsbolig er taket 1 000 kWh\/mnd. I boligselskap gjelder taket per boenhet\/fritidsbolig.<\/p>\n<\/li>\n<li>\n<p><b>Varighet:<\/b> Stortinget har vedtatt at Norgespris og str\u00f8mst\u00f8tte gjelder til 31.12.2029.<\/p>\n<\/li>\n<li>\n<p><b>Bestilling: <\/b>En digital portal, <a href=\"https:\/\/elhub.no\/\" target=\"_self\" rel=\"Follow nofollow noopener\">Elhub.no<\/a>, \u00e5pnes i september. Fra 16. september kan du logge inn med BankID og se hvordan Norgespris ville sl\u00e5tt ut tidligere \u00e5r; bestilling \u00e5pner i l\u00f8pet av uke 39 (22.-28. september).<\/p>\n<\/li>\n<li><b>Administrasjon:<\/b> Ordningen reguleres og finansieres av staten, mens lokale nettselskaper og fjernvarmeselskaper administrerer. Du m\u00e5 fortsatt ha en vanlig str\u00f8mavtale hos et str\u00f8msalgsselskap.<\/li>\n<\/ul>\n<p>  Prognosene fremover<\/p>\n<p>Per n\u00e5 tror de profesjonelle markedsakt\u00f8rene at str\u00f8mprisene gjennom hele 2026 i snitt vil ende rundt 50 \u00f8re\/kWh, if\u00f8lge Tensio.<\/p>\n<p>Dersom prognosen sl\u00e5r til betyr det at snittprisen vil v\u00e6re over 50 \u00f8re i de kalde m\u00e5nedene fra november til og med mars. Og under 50 \u00f8re i de mildere m\u00e5nedene fra april til og med oktober.<\/p>\n<p>\u2013 Gjennomsnittsprisen i Midt-Norge er s\u00e5 langt i november p\u00e5 rundt 44 \u00f8re\/kWh, alts\u00e5 fortsatt under niv\u00e5et for l\u00f8nnsomhet. Men etter hvert som det blir kaldere, tror profesjonelle akt\u00f8rer i str\u00f8mmarked at prisene vil stige, slik at snittprisen i vinterm\u00e5nedene vil passerer 50 \u00f8re\/kWh, skriver Tensio i sin <a rel=\"Follow nofollow noopener\" href=\"https:\/\/www.tensio.no\/no\/kunde\/nyheter\/stromprisene-stiger-bor-du-velge-norgespris-na\" target=\"_blank\">Norgespris-veileder<\/a>.<\/p>\n<p>  <a href=\"https:\/\/www.t-a.no\/5-116-2221603\" class=\"related-teaser has-image default-story-teaser article--c-eRUmMG article--c-eRUmMG-jKCPdD-design-default\" rel=\"nofollow noopener\" target=\"_blank\"><\/p>\n<p>    <img decoding=\"async\" loading=\"lazy\"  src=\"https:\/\/www.europesays.com\/no\/wp-content\/uploads\/2025\/11\/Bilde+av+Joakim.PNG\" alt=\"\" class=\"brick-c-cFOWSL\" style=\"\"\/><\/p>\n<p>\n            Les ogs\u00e5<\/p>\n<p>              Advarer mot Norgespris-felle: \u2013 Regningen blir mye h\u00f8yere\n        <\/p>\n<p>  <\/a><\/p>\n","protected":false},"excerpt":{"rendered":"Str\u00f8mprisen har gjort et byks over de siste to dagene. Det skjer samtidig som vinteren har festet grepet&hellip;\n","protected":false},"author":2,"featured_media":90223,"comment_status":"","ping_status":"","sticky":false,"template":"","format":"standard","meta":{"footnotes":""},"categories":[10],"tags":[36,20,21,24,25,15,22,23,62,13,30,28,3333,29,3452,14,16,1510,243,26,27],"class_list":{"0":"post-90222","1":"post","2":"type-post","3":"status-publish","4":"format-standard","5":"has-post-thumbnail","7":"category-norge","8":"tag-art","9":"tag-breaking-news","10":"tag-breakingnews","11":"tag-featured-news","12":"tag-featurednews","13":"tag-headlines","14":"tag-latest-news","15":"tag-latestnews","16":"tag-naeringsliv","17":"tag-news","18":"tag-no","19":"tag-norge","20":"tag-norgespris","21":"tag-norway","22":"tag-nte","23":"tag-nyheter","24":"tag-overskrifter","25":"tag-story","26":"tag-strom","27":"tag-top-stories","28":"tag-topstories"},"share_on_mastodon":{"url":"https:\/\/pubeurope.com\/@no\/115571593932238942","error":""},"_links":{"self":[{"href":"https:\/\/www.europesays.com\/no\/wp-json\/wp\/v2\/posts\/90222","targetHints":{"allow":["GET"]}}],"collection":[{"href":"https:\/\/www.europesays.com\/no\/wp-json\/wp\/v2\/posts"}],"about":[{"href":"https:\/\/www.europesays.com\/no\/wp-json\/wp\/v2\/types\/post"}],"author":[{"embeddable":true,"href":"https:\/\/www.europesays.com\/no\/wp-json\/wp\/v2\/users\/2"}],"replies":[{"embeddable":true,"href":"https:\/\/www.europesays.com\/no\/wp-json\/wp\/v2\/comments?post=90222"}],"version-history":[{"count":0,"href":"https:\/\/www.europesays.com\/no\/wp-json\/wp\/v2\/posts\/90222\/revisions"}],"wp:featuredmedia":[{"embeddable":true,"href":"https:\/\/www.europesays.com\/no\/wp-json\/wp\/v2\/media\/90223"}],"wp:attachment":[{"href":"https:\/\/www.europesays.com\/no\/wp-json\/wp\/v2\/media?parent=90222"}],"wp:term":[{"taxonomy":"category","embeddable":true,"href":"https:\/\/www.europesays.com\/no\/wp-json\/wp\/v2\/categories?post=90222"},{"taxonomy":"post_tag","embeddable":true,"href":"https:\/\/www.europesays.com\/no\/wp-json\/wp\/v2\/tags?post=90222"}],"curies":[{"name":"wp","href":"https:\/\/api.w.org\/{rel}","templated":true}]}}