{"id":90234,"date":"2025-11-18T16:30:10","date_gmt":"2025-11-18T16:30:10","guid":{"rendered":"https:\/\/www.europesays.com\/no\/90234\/"},"modified":"2025-11-18T16:30:10","modified_gmt":"2025-11-18T16:30:10","slug":"who-ma-kutte-mer-enn-2000-stillinger","status":"publish","type":"post","link":"https:\/\/www.europesays.com\/no\/90234\/","title":{"rendered":"WHO m\u00e5 kutte mer enn 2000 stillinger"},"content":{"rendered":"\n<p class=\"_lead_o9xde_2 _lead_xtcu6_50 layout-component text-serif-m layout-normal text-serif-l layout-component layout-wide layout-padded _wide_17hqh_1 layout-padded\">Verdens helseorganisasjon (WHO) er n\u00f8dt til \u00e5 kutte mer enn 2000 stillinger \u2013 en firedel av staben \u2013 innen juni neste \u00e5r. Bakteppet er USAs bistandskutt.<\/p>\n<p><img alt=\"WHOs generaldirekt\u00f8r Tedros Adhanom Ghebreyesus.  Foto: Salvatore Di Nolfi \/ Keystone via AP \/ NTB\" class=\"_image_qp4xg_65 layout-component layout-wide\" data-fullscreen- data-track-element-type=\"Article image fullscreen\" data-track-name=\"ImageFullscreen\" fetchpriority=\"high\" decoding=\"sync\" loading=\"eager\" height=\"3406\" itemprop=\"image\"  src=\"https:\/\/www.europesays.com\/no\/wp-content\/uploads\/2025\/11\/6f5902d9-98cc-4015-ac04-12541f7210aa\"  style=\"object-position:0% 0%\" width=\"5109\"\/>WHOs generaldirekt\u00f8r Tedros Adhanom Ghebreyesus.  Foto: Salvatore Di Nolfi \/ Keystone via AP \/ NTB<\/p>\n<ul aria-hidden=\"true\" class=\"_images_18f0k_111\">\n<li><a class=\"_link_18f0k_116\" href=\"https:\/\/www.vg.no\/forfatter\/ntb\" style=\"z-index:1\" title=\"NTB\" rel=\"nofollow noopener\" target=\"_blank\"><img alt=\"Bilde av NTB\" class=\"_image_18f0k_93\" fetchpriority=\"low\" loading=\"lazy\" decoding=\"async\" itemprop=\"image\"  src=\"https:\/\/www.europesays.com\/no\/wp-content\/uploads\/2025\/11\/1763483410_899_c33980b0-5d07-4027-84a1-813f90a7c8d6\"  width=\"480\"\/><\/a><\/li>\n<\/ul>\n<p> Oppdatert tirsdag 18. november kl. 17:04     <\/p>\n<p class=\"_paragraph_o9xde_4 _paragraph_xtcu6_10 layout-component text-serif-m layout-normal text-serif-m layout-padded\">WHO ansl\u00e5r at arbeidsstokken vil minske med 2371 stillinger innen neste sommer p\u00e5 grunn av kutt, pensjon og at folk slutter, if\u00f8lge en presentasjon som etter planen skal vises fram til medlemslandene onsdag, if\u00f8lge Reuters. <\/p>\n<p class=\"_paragraph_o9xde_4 _paragraph_xtcu6_10 layout-component text-serif-m layout-normal text-serif-m layout-padded\">Presentasjonen viser ogs\u00e5 at helseorganisasjonen har et budsjetthull p\u00e5 1,06 milliarder dollar, dr\u00f8yt 10,7 milliarder kroner, ned fra et estimat p\u00e5 1,7 milliarder i mai. WHO har ikke besvart Reuters&#8217; henvendelser om saken. <\/p>\n","protected":false},"excerpt":{"rendered":"Verdens helseorganisasjon (WHO) er n\u00f8dt til \u00e5 kutte mer enn 2000 stillinger \u2013 en firedel av staben \u2013&hellip;\n","protected":false},"author":2,"featured_media":90235,"comment_status":"","ping_status":"","sticky":false,"template":"","format":"standard","meta":{"footnotes":""},"categories":[12],"tags":[1531,20,21,24,25,15,22,23,13,30,28,29,14,16,26,27,42,1369,43,44,45],"class_list":{"0":"post-90234","1":"post","2":"type-post","3":"status-publish","4":"format-standard","5":"has-post-thumbnail","7":"category-verden","8":"tag-bistand","9":"tag-breaking-news","10":"tag-breakingnews","11":"tag-featured-news","12":"tag-featurednews","13":"tag-headlines","14":"tag-latest-news","15":"tag-latestnews","16":"tag-news","17":"tag-no","18":"tag-norge","19":"tag-norway","20":"tag-nyheter","21":"tag-overskrifter","22":"tag-top-stories","23":"tag-topstories","24":"tag-verden","25":"tag-verdens-helseorganisasjon-who","26":"tag-world","27":"tag-world-news","28":"tag-worldnews"},"share_on_mastodon":{"url":"https:\/\/pubeurope.com\/@no\/115571656385694146","error":""},"_links":{"self":[{"href":"https:\/\/www.europesays.com\/no\/wp-json\/wp\/v2\/posts\/90234","targetHints":{"allow":["GET"]}}],"collection":[{"href":"https:\/\/www.europesays.com\/no\/wp-json\/wp\/v2\/posts"}],"about":[{"href":"https:\/\/www.europesays.com\/no\/wp-json\/wp\/v2\/types\/post"}],"author":[{"embeddable":true,"href":"https:\/\/www.europesays.com\/no\/wp-json\/wp\/v2\/users\/2"}],"replies":[{"embeddable":true,"href":"https:\/\/www.europesays.com\/no\/wp-json\/wp\/v2\/comments?post=90234"}],"version-history":[{"count":0,"href":"https:\/\/www.europesays.com\/no\/wp-json\/wp\/v2\/posts\/90234\/revisions"}],"wp:featuredmedia":[{"embeddable":true,"href":"https:\/\/www.europesays.com\/no\/wp-json\/wp\/v2\/media\/90235"}],"wp:attachment":[{"href":"https:\/\/www.europesays.com\/no\/wp-json\/wp\/v2\/media?parent=90234"}],"wp:term":[{"taxonomy":"category","embeddable":true,"href":"https:\/\/www.europesays.com\/no\/wp-json\/wp\/v2\/categories?post=90234"},{"taxonomy":"post_tag","embeddable":true,"href":"https:\/\/www.europesays.com\/no\/wp-json\/wp\/v2\/tags?post=90234"}],"curies":[{"name":"wp","href":"https:\/\/api.w.org\/{rel}","templated":true}]}}