{"id":90238,"date":"2025-11-18T16:39:35","date_gmt":"2025-11-18T16:39:35","guid":{"rendered":"https:\/\/www.europesays.com\/no\/90238\/"},"modified":"2025-11-18T16:39:35","modified_gmt":"2025-11-18T16:39:35","slug":"palestina-aktivister-truet-med-a-odelegge-jodisk-utstilling","status":"publish","type":"post","link":"https:\/\/www.europesays.com\/no\/90238\/","title":{"rendered":"Palestina-aktivister truet med \u00e5 \u00ab\u00f8delegge\u00bb j\u00f8disk utstilling"},"content":{"rendered":"<p>\n        K\u00d8BENHAVN: R\u00e5dhuset i den danske hovedstaden.<br \/>\n        Erik Johansen \/ NTB\n    <\/p>\n<p>    \u2013 Dansk-j\u00f8disk historie er blitt vanskeligere \u00e5 formidle p\u00e5 grunn av forhold i Israel, sier museumsdirekt\u00f8r.<\/p>\n<p>R\u00e5dhuset i K\u00f8benhavn har den siste tiden huset utstillingen \u00ab400 \u00e5rs j\u00f8disk liv i Danmark\u00bb.<\/p>\n<p>Nylig sendte r\u00e5dhuset bekymringsmelding til Dansk J\u00f8disk Museum etter at fire demonstranter skal ha fors\u00f8kt \u00e5 \u00f8delegge utstillingen.<\/p>\n<p>If\u00f8lge den <a href=\"https:\/\/www.kristeligt-dagblad.dk\/kirke-og-tro\/udstilling-om-dansk-joedisk-historie-har-moedt-udfordringer-i-flere-byer\" target=\"_blank\" rel=\"nofollow noopener\">danske avisen Kristeligt Dagblad<\/a> har vandreutstillingen m\u00f8tt utfordringer i flere byer.<\/p>\n","protected":false},"excerpt":{"rendered":"K\u00d8BENHAVN: R\u00e5dhuset i den danske hovedstaden. Erik Johansen \/ NTB \u2013 Dansk-j\u00f8disk historie er blitt vanskeligere \u00e5 formidle&hellip;\n","protected":false},"author":2,"featured_media":90239,"comment_status":"","ping_status":"","sticky":false,"template":"","format":"standard","meta":{"footnotes":""},"categories":[12],"tags":[20,21,24,25,15,22,23,13,30,28,29,14,16,26,27,42,43,44,45],"class_list":{"0":"post-90238","1":"post","2":"type-post","3":"status-publish","4":"format-standard","5":"has-post-thumbnail","7":"category-verden","8":"tag-breaking-news","9":"tag-breakingnews","10":"tag-featured-news","11":"tag-featurednews","12":"tag-headlines","13":"tag-latest-news","14":"tag-latestnews","15":"tag-news","16":"tag-no","17":"tag-norge","18":"tag-norway","19":"tag-nyheter","20":"tag-overskrifter","21":"tag-top-stories","22":"tag-topstories","23":"tag-verden","24":"tag-world","25":"tag-world-news","26":"tag-worldnews"},"share_on_mastodon":{"url":"https:\/\/pubeurope.com\/@no\/115571691750401308","error":""},"_links":{"self":[{"href":"https:\/\/www.europesays.com\/no\/wp-json\/wp\/v2\/posts\/90238","targetHints":{"allow":["GET"]}}],"collection":[{"href":"https:\/\/www.europesays.com\/no\/wp-json\/wp\/v2\/posts"}],"about":[{"href":"https:\/\/www.europesays.com\/no\/wp-json\/wp\/v2\/types\/post"}],"author":[{"embeddable":true,"href":"https:\/\/www.europesays.com\/no\/wp-json\/wp\/v2\/users\/2"}],"replies":[{"embeddable":true,"href":"https:\/\/www.europesays.com\/no\/wp-json\/wp\/v2\/comments?post=90238"}],"version-history":[{"count":0,"href":"https:\/\/www.europesays.com\/no\/wp-json\/wp\/v2\/posts\/90238\/revisions"}],"wp:featuredmedia":[{"embeddable":true,"href":"https:\/\/www.europesays.com\/no\/wp-json\/wp\/v2\/media\/90239"}],"wp:attachment":[{"href":"https:\/\/www.europesays.com\/no\/wp-json\/wp\/v2\/media?parent=90238"}],"wp:term":[{"taxonomy":"category","embeddable":true,"href":"https:\/\/www.europesays.com\/no\/wp-json\/wp\/v2\/categories?post=90238"},{"taxonomy":"post_tag","embeddable":true,"href":"https:\/\/www.europesays.com\/no\/wp-json\/wp\/v2\/tags?post=90238"}],"curies":[{"name":"wp","href":"https:\/\/api.w.org\/{rel}","templated":true}]}}