{"id":90271,"date":"2025-11-18T17:22:30","date_gmt":"2025-11-18T17:22:30","guid":{"rendered":"https:\/\/www.europesays.com\/no\/90271\/"},"modified":"2025-11-18T17:22:30","modified_gmt":"2025-11-18T17:22:30","slug":"katy-perry-og-justin-trudeau-ekskona-sophie-bryter-stillheten","status":"publish","type":"post","link":"https:\/\/www.europesays.com\/no\/90271\/","title":{"rendered":"Katy Perry og Justin Trudeau: Ekskona Sophie bryter stillheten"},"content":{"rendered":"<p class=\"kicker \" style=\"\">Alice og Ellen Kessler:\u00a0<\/p>\n<p>  Kjendis-tvillingene ville ikke leve uten hverandre. Tirsdag gikk de begge bort.<\/p>\n<p>\n    D\u00d8DE: Alice og Ellen Kessler har g\u00e5tt bort ved hjelp av assistert selvmord. Her er de i 2005. Foto: REX\/NTB\n  <\/p>\n<p>Alice og Ellen Kessler valgte \u00e5 avslutte livet side om side, 89 \u00e5r gamle.<\/p>\n<p>De tyske tvillings\u00f8strene, som ble verdenskjente for sin sang og dans p\u00e5 1950- og 60-tallet, d\u00f8de i hjemmet sitt i byen Gr\u00fcnwald utenfor M\u00fcnchen.\u00a0<\/p>\n<p>    <a itemprop=\"url\" href=\"https:\/\/www.dagbladet.no\/kjendis\/hastet-til-sykehus\/83867262\" rel=\"nofollow noopener\" target=\"_blank\"><\/p>\n<p>      <img loading=\"lazy\" decoding=\"async\" src=\"https:\/\/www.europesays.com\/no\/wp-content\/uploads\/2025\/11\/83867280.webp\" width=\"147\" height=\"98\" title=\"Hastet til sykehus\" alt=\"\" class=\"lazyload\" style=\"--aspect-ratio-image: 1.50; \"\/><\/p>\n<p>        Hastet til sykehus<\/p>\n<p>    <\/a><\/p>\n<p>Politiet ble tilkalt til s\u00f8strenes hjem kort tid etter d\u00f8dsfallet.\u00a0<\/p>\n<p>If\u00f8lge den tyske avis <a href=\"https:\/\/www.bild.de\/news\/kessler-zwillinge-starben-gemeinsam-trauer-ueber-ihren-tod-691b120458d2cfb625f5eca3#fromWall\" rel=\"nofollow noopener\" target=\"_blank\">Bild<\/a> d\u00f8de de som f\u00f8lge av assistert selvmord. Dette er lovlig i Tyskland innenfor visse rammer.\u00a0<\/p>\n<p>          <img loading=\"lazy\" decoding=\"async\" src=\"https:\/\/www.europesays.com\/no\/wp-content\/uploads\/2025\/11\/83870062.webp\" width=\"686\" height=\"481\" title=\"STJERNER: Tvillingene under lanseringen av showet \u00abEins und eins ist eins\u00bb i 1997. Foto: AP\/NTB\" alt=\"\" class=\"\" style=\"--aspect-ratio-image: 1.43; \"\/><\/p>\n<p>\n          STJERNER: Tvillingene under lanseringen av showet \u00abEins und eins ist eins\u00bb i 1997. Foto: AP\/NTB\n      <\/p>\n<p>Personen m\u00e5 blant annet handle ansvarlig og av egen fri vilje, v\u00e6re myndig og v\u00e6re i stand til \u00e5 ta egne avgj\u00f8relser. Hjelpere kan ikke selv utf\u00f8re handlingen som for\u00e5rsaker d\u00f8den, siden dette regnes som aktiv d\u00f8dshjelp og er forbudt.<\/p>\n<p>    <a itemprop=\"url\" href=\"https:\/\/www.dagbladet.no\/kjendis\/ekskona-bryter-stillheten\/83864273\" rel=\"nofollow noopener\" target=\"_blank\"><\/p>\n<p>      <img loading=\"lazy\" decoding=\"async\" src=\"https:\/\/www.europesays.com\/no\/wp-content\/uploads\/2025\/11\/83864685.webp\" width=\"147\" height=\"98\" title=\"Ekskona bryter stillheten\" alt=\"\" class=\"lazyload\" style=\"--aspect-ratio-image: 1.50; \"\/><\/p>\n<p>        Ekskona bryter stillheten<\/p>\n<p>    <\/a><\/p>\n<p> German Society for Humane Dying (DGHS) bekrefter ogs\u00e5 d\u00f8dfallet overfor <a href=\"https:\/\/edition.cnn.com\/2025\/11\/18\/entertainment\/kessler-twins-die-assisted-suicide-intl-scli\" rel=\"nofollow noopener\" target=\"_blank\">CNN<\/a>. S\u00f8strene kontaktet organisasjonen for mer enn et \u00e5r siden, opplyser DGHS til CNN.\u00a0<\/p>\n<p>    Trenger du noen \u00e5 snakke med?<\/p>\n<p class=\"font-weight-bold m-font-weight-bold\" data-lab-font_weight=\"font-weight-bold\">Ring 113<\/p>\n<p>Ved akutt fare for selvmord, ring 113 umiddelbart. Ring heller en gang for mye enn en gang for lite.<\/p>\n<p class=\"font-weight-bold m-font-weight-bold\" data-lab-font_weight=\"font-weight-bold\">Mental Helse<\/p>\n<p>Mental Helse tilbyr d\u00f8gn\u00e5pen telefontjeneste og nettjeneste for alle som trenger noen \u00e5 snakke med. Ring 116 123 eller g\u00e5 inn p\u00e5 Sidetmedord.no.<\/p>\n<p class=\"font-weight-bold m-font-weight-bold\" data-lab-font_weight=\"font-weight-bold\">Mental Helse Ungdom<\/p>\n<p>Mental Helse Ungdom tilbyr chat for unge voksne som trenger noen \u00e5 snakke med.<\/p>\n<p class=\"font-weight-bold m-font-weight-bold\" data-lab-font_weight=\"font-weight-bold\">Kirkens SOS<\/p>\n<p>Kirkens SOS Norge har d\u00f8gn\u00e5pen hjelpetelefon, chat og meldingstjenestene. Ring 22 4000 40 eller g\u00e5 inn p\u00e5 kirkens-sos.no.<\/p>\n<p class=\"italic m-italic\" data-lab-italic=\"italic\">Kilde: Helsenorge.no<\/p>\n<p>      Vis mer<br \/>\n      Vis mindre<\/p>\n<p>&#8211; \u00d8nsket deres om \u00e5 d\u00f8 var grundig gjennomtenkt, hadde vart lenge og var ikke preget av noen psykiatrisk krise, sier DHGS-talsperson Wega Wetzel til CNN. <\/p>\n<p>I et intervju med italienske <a href=\"https:\/\/www.corriere.it\/spettacoli\/25_novembre_17\/intervista-gemelle-kessler-morire-stesso-giorno-1a477229-e2ed-4a5a-b161-f3aae3d3exlk.shtml\" rel=\"nofollow noopener\" target=\"_blank\">Corriere della Sera<\/a> i fjor, fortalte tvillingene at de \u00f8nsket \u00e5 \u00abdra sammen p\u00e5 samme dag\u00bb.\u00a0<\/p>\n<p>        Skuespiller Jorunn Kjellsby, kjent fra blant annet filmen \u00abEn ganske snill mann\u00bb, er d\u00f8d. Hun ble 81 \u00e5r gammel. Video: NTB Scanpix<\/p>\n<p>&#8211; Tanken p\u00e5 at en av oss skulle g\u00e5 f\u00f8r den andre, er nesten uutholdelig, sa de.\u00a0<\/p>\n<p>S\u00f8strene uttalte ogs\u00e5 til Bild i fjor at de \u00f8nsket at asken deres skulle v\u00e6re i samme urne og begraves ved siden av mora og hunden deres.\u00a0<\/p>\n<p>          <img loading=\"lazy\" decoding=\"async\" src=\"https:\/\/www.europesays.com\/no\/wp-content\/uploads\/2025\/11\/83870061.webp\" width=\"686\" height=\"536\" title=\"P\u00c5 TV: Ellen Kessler, Bruce Forsyth og Alice Kessler i 1969. Foto: REX\/NTB\" alt=\"\" class=\"\" style=\"--aspect-ratio-image: 1.28; \"\/><\/p>\n<p>\n          P\u00c5 TV: Ellen Kessler, Bruce Forsyth og Alice Kessler i 1969. Foto: REX\/NTB\n      <\/p>\n<p>Alice og Ellen var store stjerner i Europa, og har delt scene med legender som Frank Sinatra, Fred Astaire og Dean Martin. De representerte Tyskland i Eurovision Song Contest i 1959 med l\u00e5ta\u00a0\u00abHeut&#8217; woll&#8217;n wir tanzen geh&#8217;n\u00bb. Der kom de p\u00e5 en sjetteplass.\u00a0<\/p>\n","protected":false},"excerpt":{"rendered":"Alice og Ellen Kessler:\u00a0 Kjendis-tvillingene ville ikke leve uten hverandre. Tirsdag gikk de begge bort. D\u00d8DE: Alice og&hellip;\n","protected":false},"author":2,"featured_media":90272,"comment_status":"","ping_status":"","sticky":false,"template":"","format":"standard","meta":{"footnotes":""},"categories":[12],"tags":[20,21,24,25,15,8706,3007,479,22,23,13,30,28,29,14,16,26,27,42,43,44,45],"class_list":{"0":"post-90271","1":"post","2":"type-post","3":"status-publish","4":"format-standard","5":"has-post-thumbnail","7":"category-verden","8":"tag-breaking-news","9":"tag-breakingnews","10":"tag-featured-news","11":"tag-featurednews","12":"tag-headlines","13":"tag-justin-trudeau","14":"tag-katy-perry","15":"tag-kjendis","16":"tag-latest-news","17":"tag-latestnews","18":"tag-news","19":"tag-no","20":"tag-norge","21":"tag-norway","22":"tag-nyheter","23":"tag-overskrifter","24":"tag-top-stories","25":"tag-topstories","26":"tag-verden","27":"tag-world","28":"tag-world-news","29":"tag-worldnews"},"share_on_mastodon":{"url":"https:\/\/pubeurope.com\/@no\/115571860866784774","error":""},"_links":{"self":[{"href":"https:\/\/www.europesays.com\/no\/wp-json\/wp\/v2\/posts\/90271","targetHints":{"allow":["GET"]}}],"collection":[{"href":"https:\/\/www.europesays.com\/no\/wp-json\/wp\/v2\/posts"}],"about":[{"href":"https:\/\/www.europesays.com\/no\/wp-json\/wp\/v2\/types\/post"}],"author":[{"embeddable":true,"href":"https:\/\/www.europesays.com\/no\/wp-json\/wp\/v2\/users\/2"}],"replies":[{"embeddable":true,"href":"https:\/\/www.europesays.com\/no\/wp-json\/wp\/v2\/comments?post=90271"}],"version-history":[{"count":0,"href":"https:\/\/www.europesays.com\/no\/wp-json\/wp\/v2\/posts\/90271\/revisions"}],"wp:featuredmedia":[{"embeddable":true,"href":"https:\/\/www.europesays.com\/no\/wp-json\/wp\/v2\/media\/90272"}],"wp:attachment":[{"href":"https:\/\/www.europesays.com\/no\/wp-json\/wp\/v2\/media?parent=90271"}],"wp:term":[{"taxonomy":"category","embeddable":true,"href":"https:\/\/www.europesays.com\/no\/wp-json\/wp\/v2\/categories?post=90271"},{"taxonomy":"post_tag","embeddable":true,"href":"https:\/\/www.europesays.com\/no\/wp-json\/wp\/v2\/tags?post=90271"}],"curies":[{"name":"wp","href":"https:\/\/api.w.org\/{rel}","templated":true}]}}