{"id":90311,"date":"2025-11-18T18:09:43","date_gmt":"2025-11-18T18:09:43","guid":{"rendered":"https:\/\/www.europesays.com\/no\/90311\/"},"modified":"2025-11-18T18:09:43","modified_gmt":"2025-11-18T18:09:43","slug":"fiasko-jeg-ber-om-unnskyldning","status":"publish","type":"post","link":"https:\/\/www.europesays.com\/no\/90311\/","title":{"rendered":"fiasko: &#8211; Jeg ber om unnskyldning"},"content":{"rendered":"<p>\u2013 Jeg ber om unnskyldning overfor fansen og vil ta ansvar for det som har skjedd.\u00a0<\/p>\n<p>Det sier Italias landslagssjef Gennaro Gattuso under pressekonferansen etter Norges seier mot Italia s\u00f8ndag kveld.\u00a0<\/p>\n<p>Norge skal til VM \u2013 og knuste Italia p\u00e5 veien dit. Det synes landslagssjef Gattuso er surt.\u00a0<\/p>\n<p>\u2013 Dette tapet gj\u00f8r vondt, sier han videre.\u00a0<\/p>\n<p>        <img class=\"image__img lazyload\" itemprop=\"image\" title=\"Foto: Daniel Sannum Lauten \/ TV 2\" alt=\"milanovm\" width=\"675\" height=\"453\" bad-src=\"https:\/\/www.europesays.com\/no\/wp-content\/uploads\/2025\/11\/18295725.webp\" fetchpriority=\"auto\" \/><\/p>\n<p>      TIL VM: Norge skal USA i 2026.<br \/>\n         Foto: Daniel Sannum Lauten \/ TV 2<\/p>\n<ol>\u2013 Gj\u00f8r meg sint<\/p>\n<p class=\"lab-bodytext-line\">\u00a0Italienerne ledet 1-0 til pause. S\u00e5 skrudde Norge seg p\u00e5 og sikret hele fire m\u00e5l i andreomgang.\u00a0<\/p>\n<\/ol>\n<p>Det ble en ordentlig leksjon for Gattuso og spillerne. Da Haaland hamret inn sitt andre m\u00e5l, kokte det over.<\/p>\n<p>\u2013 Vi har mange spillere bak ballen. Det gj\u00f8r meg sint, det irriterer meg, sier han under pressekonferansen natt til mandag.\u00a0<\/p>\n<p>Koker i utlandet\u00a0<\/p>\n<p>I det store utland legges det godt merke til lille Norge.\u00a0<\/p>\n<p>I en video p\u00e5 <a href=\"https:\/\/www.instagram.com\/reel\/DRImOgdiAru\/?igsh=MXBwcXNidHZ3ZHN0Mw%3D%3D\" rel=\"nofollow noopener\" target=\"_blank\">Instagram<\/a>\u00a0gratulerer Fifa-president Gianni Infantino de norske gutta med VM-billett og deres f\u00f8rste deltakelse siden 1998.\u00a0<\/p>\n<p>\u2013 Etter flere \u00e5r med hardt arbeid og dedikasjon, er dere tilbake p\u00e5 VM-scenen. Spillerne og supporterne deres vil bringe energi, stolthet og en ny generasjon med nordisk talent til Nord-Amerika i 2026, sier Infantino.\u00a0<\/p>\n<p>\u2013 Dette er et stolt \u00f8yeblikk for norsk fotball. Nyt \u00f8yeblikket, og v\u00e6r klar for \u00e5 sette preg p\u00e5 verden. Vi ser frem til \u00e5 se det norske flagget vaie i turneringen, avslutter han.<\/p>\n<p>        <img class=\"image__img lazyload\" itemprop=\"image\" title=\"Foto: Marco Bello \/ Reuters \/ NTB\" alt=\"GRATULERER NORGE: Fifa-president Gianni Infantino. Foto: Marco Bello \/ Reuters \/ NTB\" width=\"978\" height=\"551\" bad-src=\"https:\/\/www.europesays.com\/no\/wp-content\/uploads\/2025\/11\/18296372.webp\" fetchpriority=\"auto\" \/><\/p>\n<p>      GRATULERER NORGE: Fifa-president Gianni Infantino.<br \/>\n         Foto: Marco Bello \/ Reuters \/ NTB<\/p>\n<p> Flere store mediehus har ogs\u00e5 tatt i bruk superlativene om den utrolige bragden.<\/p>\n<p>\u2013 26 \u00e5r etter EM i 2000, deres siste store turnering, er forbannelsen brutt, og Erling Haalands generasjon har gjort seg fortjent til \u00e5 konkurrere i verdens st\u00f8rste mesterskap, skriver den franske storavisen <a href=\"https:\/\/www.lequipe.fr\/Football\/Actualites\/La-norvege-qualifiee-pour-la-coupe-du-monde-2026-avec-brio-apres-sa-victoire-eclatante-en-italie-obligee-de-passer-par-les-barrages\/1610305\" target=\"_blank\" rel=\"nofollow noopener\">L\u00b4equipe.\u00a0<\/a><\/p>\n<p> Norge dominerte andre omgang fullstendig, skriver de videre. <\/p>\n<p>\u2013 Haaland setter prikken over i-en mot et italiensk lag som ikke engang var i n\u00e6rheten av et mirakel og skal ut i sin tredje VM-playoff p\u00e5 rad, skriver spanske <a href=\"https:\/\/www.marca.com\/futbol\/mundial\/cronica\/2025\/11\/16\/haaland-apuntilla-italia-siquiera-rozo-milagro-afrontara-tercera-repesca-consecutiva.html\" rel=\"nofollow noopener\" target=\"_blank\">Marca<\/a>.<\/p>\n<p>\u2013 Norge er tilbake i VM etter 28 \u00e5r, Italia st\u00e5r overfor et mareritt nok en gang, skriver <a href=\"https:\/\/www.besoccer.com\/new\/norway-returns-to-the-world-cup-after-28-years-and-italy-faces-playoff-nightmare-again-1381651\" target=\"_blank\" rel=\"nofollow noopener\">BeSoccer<\/a>.\u00a0<\/p>\n<p>The Athletic sparer ikke p\u00e5 noe:\u00a0<\/p>\n<p>\u2013 Denne suksesshistorien skyldes ingen flaks.\u00a0Det er en talentfull ung tropp som n\u00e5 blomstrer under hovedtrener St\u00e5le Solbakken, skriver <a href=\"https:\/\/www.nytimes.com\/athletic\/6803892\/2025\/11\/16\/norway-haaland-world-cup-qualify\/\" target=\"_blank\" rel=\"nofollow noopener\">The Athletic.\u00a0<\/a><\/p>\n<p>        <img class=\"image__img lazyload\" itemprop=\"image\" title=\"Foto: Fredrik Varfjell \/ NTB\" alt=\"UNG OG LOVENDE: 20 \u00e5r gamle Antonia Nusa hamret inn Norges f\u00f8rste m\u00e5l s\u00f8ndag kveld. Foto: Fredrik Varfjell \/ NTB\" width=\"675\" height=\"379\" bad-src=\"https:\/\/www.europesays.com\/no\/wp-content\/uploads\/2025\/11\/18295519.webp\" fetchpriority=\"auto\" \/><\/p>\n<p>      UNG OG LOVENDE: 20 \u00e5r gamle Antonia Nusa hamret inn Norges f\u00f8rste m\u00e5l s\u00f8ndag kveld.<br \/>\n         Foto: Fredrik Varfjell \/ NTB<\/p>\n<p>I deres analyse mener de at unge spillere som Oscar Bobb og Antonio Nusa har gjort Norge til en av europeisk fotballs sterkeste tropper.<\/p>\n<p>Den tyske avisen <a href=\"https:\/\/www.bild.de\/sport\/fussball\/wm-ticket-vorerst-verpasst-italien-debakel-gegen-norwegen-691a457358d2cfb625f5e303\" rel=\"nofollow noopener\" target=\"_blank\">Bild<\/a> kaller Italias landslag en fiasko og tapet deres et stort nederlag.\u00a0<\/p>\n<p>I Italia er det naturlig nok d\u00e5rlig stemning etter \u00e5 ha tapt sin f\u00f8rste VM-kvalifiseringskamp p\u00e5 hjemmebane noensinne.\u00a0<\/p>\n<p>\u2013 For oss er det ikke en ydmykelse som i juni i fjor i Oslo (i hvert fall ikke n\u00e5r det gjelder spillet v\u00e5rt), men tapet f\u00e5r oss til \u00e5 innse at vi fortsatt ikke er p\u00e5 niv\u00e5 med Europas beste, skriver italienske\u00a0<a href=\"https:\/\/www.gazzetta.it\/Calcio\/Nazionale\/16-11-2025\/italia-norvegia-live-risultato-e-gol-in-diretta-qualificazioni-mondiali.shtml?refresh_ce\" rel=\"nofollow noopener\" target=\"_blank\">La Gazzetta dello Sport<\/a>.\u00a0<\/p>\n<p><script async src=\"\/\/www.instagram.com\/embed.js\"><\/script><\/p>\n","protected":false},"excerpt":{"rendered":"\u2013 Jeg ber om unnskyldning overfor fansen og vil ta ansvar for det som har skjedd.\u00a0 Det sier&hellip;\n","protected":false},"author":2,"featured_media":90312,"comment_status":"","ping_status":"","sticky":false,"template":"","format":"standard","meta":{"footnotes":""},"categories":[5],"tags":[20,21,24,25,15,19,22,23,17,18,13,30,28,29,14,16,26,27],"class_list":{"0":"post-90311","1":"post","2":"type-post","3":"status-publish","4":"format-standard","5":"has-post-thumbnail","7":"category-overskrifter","8":"tag-breaking-news","9":"tag-breakingnews","10":"tag-featured-news","11":"tag-featurednews","12":"tag-headlines","13":"tag-hovedoppslag","14":"tag-latest-news","15":"tag-latestnews","16":"tag-main-news","17":"tag-mainnews","18":"tag-news","19":"tag-no","20":"tag-norge","21":"tag-norway","22":"tag-nyheter","23":"tag-overskrifter","24":"tag-top-stories","25":"tag-topstories"},"share_on_mastodon":{"url":"https:\/\/pubeurope.com\/@no\/115572045461324622","error":""},"_links":{"self":[{"href":"https:\/\/www.europesays.com\/no\/wp-json\/wp\/v2\/posts\/90311","targetHints":{"allow":["GET"]}}],"collection":[{"href":"https:\/\/www.europesays.com\/no\/wp-json\/wp\/v2\/posts"}],"about":[{"href":"https:\/\/www.europesays.com\/no\/wp-json\/wp\/v2\/types\/post"}],"author":[{"embeddable":true,"href":"https:\/\/www.europesays.com\/no\/wp-json\/wp\/v2\/users\/2"}],"replies":[{"embeddable":true,"href":"https:\/\/www.europesays.com\/no\/wp-json\/wp\/v2\/comments?post=90311"}],"version-history":[{"count":0,"href":"https:\/\/www.europesays.com\/no\/wp-json\/wp\/v2\/posts\/90311\/revisions"}],"wp:featuredmedia":[{"embeddable":true,"href":"https:\/\/www.europesays.com\/no\/wp-json\/wp\/v2\/media\/90312"}],"wp:attachment":[{"href":"https:\/\/www.europesays.com\/no\/wp-json\/wp\/v2\/media?parent=90311"}],"wp:term":[{"taxonomy":"category","embeddable":true,"href":"https:\/\/www.europesays.com\/no\/wp-json\/wp\/v2\/categories?post=90311"},{"taxonomy":"post_tag","embeddable":true,"href":"https:\/\/www.europesays.com\/no\/wp-json\/wp\/v2\/tags?post=90311"}],"curies":[{"name":"wp","href":"https:\/\/api.w.org\/{rel}","templated":true}]}}