{"id":90313,"date":"2025-11-18T18:10:09","date_gmt":"2025-11-18T18:10:09","guid":{"rendered":"https:\/\/www.europesays.com\/no\/90313\/"},"modified":"2025-11-18T18:10:09","modified_gmt":"2025-11-18T18:10:09","slug":"hor-ukens-episode-av-aftenball-med-eirik-bjorno","status":"publish","type":"post","link":"https:\/\/www.europesays.com\/no\/90313\/","title":{"rendered":"H\u00f8r ukens episode av Aftenball med Eirik Bj\u00f8rn\u00f8"},"content":{"rendered":"<p class=\"extendedContent hyperion-css-hxzb59\" data-test-tag=\"lead-text\">H\u00f8r ukens episode av Aftenball her.<\/p>\n<p>Publisert: Publisert: <\/p>\n<p>For mindre enn 30 minutter siden<\/p>\n<p class=\"hyperion-css-1iynps7\">I ukens episode av Aftenball er Vikings daglige leder Eirik Bj\u00f8rn\u00f8 gjest.<\/p>\n<p class=\"hyperion-css-1iynps7\">Han er i fyr og flamme og forteller om en helt hinsides interesse rundt klubben n\u00e5r Eliteserien n\u00e5 g\u00e5r inn i den virkelige finalen.<\/p>\n<p class=\"hyperion-css-1iynps7\">Vi snakker gull, de store linjene og hvordan klubben jobber i den enormt spennende tiden vi er inne i.<\/p>\n<p class=\"hyperion-css-1iynps7\">I tillegg til snakk om Viking, blir det ogs\u00e5 VM-snakk der Norge endelig er tilbake i det gode selskap. Og en liten tur ned mimregaten.<\/p>\n<p class=\"hyperion-css-1iynps7\"><strong>Du h\u00f8rer episoden der du vanligvis h\u00f8rer podkast \u2013 eller \u00f8verst i denne saken.<\/strong><\/p>\n<p class=\"hyperion-css-1iynps7\"><strong>PR\u00d8V V\u00c5R TABELLKALKULATOR HER:<\/strong><\/p>\n<p>Publisert: <\/p>\n<p>Publisert: 18. november 2025 14:45<\/p>\n","protected":false},"excerpt":{"rendered":"H\u00f8r ukens episode av Aftenball her. Publisert: Publisert: For mindre enn 30 minutter siden I ukens episode av&hellip;\n","protected":false},"author":2,"featured_media":6050,"comment_status":"","ping_status":"","sticky":false,"template":"","format":"standard","meta":{"footnotes":""},"categories":[59],"tags":[30,28,29,83,82],"class_list":{"0":"post-90313","1":"post","2":"type-post","3":"status-publish","4":"format-standard","5":"has-post-thumbnail","7":"category-sport","8":"tag-no","9":"tag-norge","10":"tag-norway","11":"tag-sport","12":"tag-sports"},"share_on_mastodon":{"url":"https:\/\/pubeurope.com\/@no\/115572049366528994","error":""},"_links":{"self":[{"href":"https:\/\/www.europesays.com\/no\/wp-json\/wp\/v2\/posts\/90313","targetHints":{"allow":["GET"]}}],"collection":[{"href":"https:\/\/www.europesays.com\/no\/wp-json\/wp\/v2\/posts"}],"about":[{"href":"https:\/\/www.europesays.com\/no\/wp-json\/wp\/v2\/types\/post"}],"author":[{"embeddable":true,"href":"https:\/\/www.europesays.com\/no\/wp-json\/wp\/v2\/users\/2"}],"replies":[{"embeddable":true,"href":"https:\/\/www.europesays.com\/no\/wp-json\/wp\/v2\/comments?post=90313"}],"version-history":[{"count":0,"href":"https:\/\/www.europesays.com\/no\/wp-json\/wp\/v2\/posts\/90313\/revisions"}],"wp:featuredmedia":[{"embeddable":true,"href":"https:\/\/www.europesays.com\/no\/wp-json\/wp\/v2\/media\/6050"}],"wp:attachment":[{"href":"https:\/\/www.europesays.com\/no\/wp-json\/wp\/v2\/media?parent=90313"}],"wp:term":[{"taxonomy":"category","embeddable":true,"href":"https:\/\/www.europesays.com\/no\/wp-json\/wp\/v2\/categories?post=90313"},{"taxonomy":"post_tag","embeddable":true,"href":"https:\/\/www.europesays.com\/no\/wp-json\/wp\/v2\/tags?post=90313"}],"curies":[{"name":"wp","href":"https:\/\/api.w.org\/{rel}","templated":true}]}}