{"id":90314,"date":"2025-11-18T18:17:10","date_gmt":"2025-11-18T18:17:10","guid":{"rendered":"https:\/\/www.europesays.com\/no\/90314\/"},"modified":"2025-11-18T18:17:10","modified_gmt":"2025-11-18T18:17:10","slug":"nrk-polen-klagestorm-mot-nrk-skjer-altfor-ofte","status":"publish","type":"post","link":"https:\/\/www.europesays.com\/no\/90314\/","title":{"rendered":"NRK, Polen | Klagestorm mot NRK: Skjer altfor ofte"},"content":{"rendered":"\n<p>470 klager er mye. Sv\u00e6rt mye.<\/p>\n<p>Og brorparten av klagene kommer fra rasende polakker. Det skj\u00f8nner jeg godt.<\/p>\n<p>Magdalena Moltkau, som har bodd og arbeidet i Norge i 15 \u00e5r, skriver for eksempel:<\/p>\n<p>\u00abMarsjen samler titusener av vanlige mennesker \u2013 familier, veteraner, ungdom og patrioter \u2013 som feirer Polens uavhengighet. \u00c5 fremstille hele arrangementet som nazistisk er historisk feil, grovt misvisende og s\u00e5rende. \u00bb<\/p>\n<p>Hun fortsetter:<\/p>\n<p>\u00abPolen var et av de landene som ble hardest rammet av nazismen. Seks millioner polakker mistet livet under andre verdenskrig. \u00c5 koble polske patrioter med nazisme er derfor ikke bare feil \u2013 det er dypt krenkende og kan oppleves som diskriminerende mot polakker som minoritet i Norge.\u00bb<\/p>\n<p>Etter det jeg kan se, er reportasjen i seg selv er helt ok, NRKs journalist Zofia Paszkiewicz har polsk familiebakgrunn og kan utvilsomt sine saker. Hun bruker ikke slike ord, selv om ogs\u00e5 hun forteller at det ble ropt EU-fiendtlige slagord, \u00f8nske om et LHBT-fritt Polen og til dels mindre st\u00f8tte til Ukraina.<\/p>\n<p><b>Les ogs\u00e5: <a href=\"https:\/\/www.nettavisen.no\/nyheter\/massiv-klagestorm-mot-nrk-etter-nazimarsj-tittel\/s\/5-95-2733699\" rel=\"Follow nofollow noopener\" target=\"_blank\">Massiv klagestorm mot NRK etter \u00abnazimarsj\u00bb-tittel<\/a><\/b><\/p>\n<p>NRK-feil som skjer altfor ofte<\/p>\n<p>Men ett eller annet sted skjer feilen som altfor ofte skjer:<\/p>\n<p>En eller annen velmenende journalist p\u00e5 desken som ikke kan noe om polsk historie, som ikke vet noe om polsk politikk, men som ser masse polske flagg og r\u00f8dbluss \u2013 tenker det er en god gjerning \u00e5 lage en undertekst med \u00abNazimarsjer i Polen\u00bb.<\/p>\n<p>   <img decoding=\"async\" width=\"1200\" height=\"617\" fetchpriority=\"low\"  loading=\"lazy\"  src=\"https:\/\/www.europesays.com\/no\/wp-content\/uploads\/2025\/11\/Nazimarsj%2BNRK.jpg\" alt=\"\" class=\"brick-c-cFOWSL\" style=\"--brick-image-ratio: 1200 \/ 617;\"\/><\/p>\n<p>      NRK har beklaget denne supringen i etterkant.<br \/>\n      Foto: Skjermbilde (NRK)\n    <\/p>\n<p>Jeg vet at sammenligningen halter, men det er nesten som om svensk TV skulle kalle 17. mai-toget p\u00e5 Karl Johan for \u00abnasjonalistmarsj mot Slottet\u00bb.<\/p>\n<p>For det er jo en flik av sannhet i det. 17. mai er jo en nasjonal feiring. Og det var sikkert noen nazister i Warszawa-marsjen 11. november, for \u00e5 fyre opp alt de maktet. Men det skaper ingen \u00abnazimarsj\u00bb.<\/p>\n<p><b>Problemet for NRK er at ingen reagerer. Ingen vaktsjefer, ingen produsenter, ingen ankere. <\/b><\/p>\n<p>Og ingen sjefer heller, f\u00f8r klagene fosser inn.<\/p>\n<p>Som jeg skrev i en kommentar etter at NRK hadde kalt tre voldtektsmenn med bakgrunn fra Midt\u00f8sten for \u00abunge nordfjordinger\u00bb:<\/p>\n<p>Det kan se ut som enkelte journalister eller redaksjoner nesten g\u00e5r p\u00e5 sj\u00f8lstyr, at NRK er s\u00e5 stort at ledelsen ikke har kontroll, ikke vet hva som skjer, eller ikke vil vite hva som skjer.<\/p>\n<p>NRK gj\u00f8r det for lett for seg<\/p>\n<p>\u00c5rsaken til at kritikken har toppet seg n\u00e5, er selvsagt BBC-skandalen og kryssklippingen av Trumps tale rett f\u00f8r stormingen av Kongressbygningen 6. januar 2021. Her er det kommet fram at ogs\u00e5 NRK har gjort noe lignende, i et Supernytt-innslag.<\/p>\n<p><b>Les ogs\u00e5 Erik Stephansen: <a href=\"https:\/\/www.nettavisen.no\/norsk-debatt\/nrk-ma-ta-feilen-i-supernytt-pa-storste-alvor\/o\/5-95-2725087\" rel=\"Follow nofollow noopener\" target=\"_blank\">Hvorfor m\u00e5 BBC-sjefene g\u00e5, mens NRK g\u00e5r fri?<\/a><\/b><\/p>\n<p>NRKs feil i Supernytt kan ikke sammenlignes med BBCs cover up. Men utenrikssjef Sigurd Falkenberg Mikkelsen gj\u00f8r det for lett for seg i sin redegj\u00f8relse etterp\u00e5. Han skriver ikke noe om hvordan dette kunne skje, og ikke minst hva NRK har tenkt \u00e5 gj\u00f8re for \u00e5 hindre at dette skal skje igjen.<\/p>\n<p><b>Problemet i debatten om NRK er at selve diskusjonen er i ferd med \u00e5 bli polarisert.<\/b><\/p>\n<p>P\u00e5 den ene siden har vi \u00abt\u00f8ffinger\u00bb som podkasteren Ole Asbj\u00f8rn Ness, som ingen klarer \u00e5 ta alvorlig med utsagn om at NRK er s\u00e5 \u00abmaktlojale at man nesten ser hvordan holocaust kunne skje\u00bb.<\/p>\n<p>Slikt hjelper bare NRK-ledelsen, fordi heller ikke de trenger \u00e5 ta slik \u00abkritikk\u00bb p\u00e5 alvor. Ness tror han er barsk, men skader bare en god debatt.<\/p>\n<p>I den andre enden har vi <a href=\"https:\/\/www.dagsavisen.no\/kommentar\/nrk-bor-folge-godt-med-pa-angrepet-pa-bbc\/10050018?signedInSuccess=true&amp;purchasedSuccess=true\" rel=\"Follow nofollow noopener\" target=\"_blank\">Cornelia Kristiansen i Dagsavisen<\/a>, som mener at kritikken mot BBC b\u00f8r avfeies om et slags komplott eller \u00ablangvarig kampanje fra h\u00f8yresiden\u00bb. Ogs\u00e5 Kristiansen skader debatten.<\/p>\n<p>Behovet for en felles arena<\/p>\n<p>I motsetning til disse har vi tidligere Klassekampen-redakt\u00f8r Bj\u00f8rgulv Braanen, som i dag skriver klokt om behovet for et samlingspunkt \u2013 en felles, samlende offentlighet, til tross for at vi er uenige.<\/p>\n<p>Rett nok tar ogs\u00e5 han hardt i, n\u00e5r han kaller NRK for et <a href=\"https:\/\/klassekampen.no\/artikkel\/2025-11-18\/fokus\/jtZw?fbclid=IwY2xjawOJRhdleHRuA2FlbQIxMQBicmlkETBJMnJwWjdGcDNqOU5PR1BNc3J0YwZhcHBfaWQQMjIyMDM5MTc4ODIwMDg5MgABHiGnf8rbcgDFcZsq8RCluQLdj3jyaZ3XVxZFgr-7JK1nHxyqBIV45V7ggeS0_aem_zuFuuaKyYOMafOL9mJyIWw\" rel=\"Follow nofollow noopener\" target=\"_blank\">\u00abBolverk mot barbariet\u00bb<\/a>. Men han refser ogs\u00e5 deler av venstresiden, og behovet for et felles debatt-torg er jeg enig i:<\/p>\n<p>\u00abUten et slikt torg (&#8230;) stiller folk ferdig uniformert og bev\u00e6pnet med et sett av meninger og tankesett, uten \u00e5 forholde seg til hva den andre faktisk m\u00e5tte mene. Da bryter samfunnet sammen \u2013 og polariseringen f\u00e5r r\u00e5de.\u00bb<\/p>\n<p>Og vi har Kjetil Rolness, som p\u00e5 sin <a href=\"https:\/\/kjetilrolness.substack.com\/\" rel=\"Follow nofollow noopener\" target=\"_blank\">Substack-konto <\/a>har g\u00e5tt konkret gjennom de mange tabbene til NRK de siste \u00e5ra (han har funnet over 20 eksempler).<\/p>\n<p>Fra \u00e5rets markering av det massive terrorangrepet i London for 20 \u00e5r siden, der NRK i historiens lys <a href=\"https:\/\/tv.nrk.no\/serie\/nyheter\/sesong\/202507\/episode\/NNFA14070725#t=898s\" rel=\"Follow nofollow noopener\" target=\"_blank\">hadde visket bort alle spor<\/a> etter islamistiske gjerningsmenn.<\/p>\n<p>Til valget i 2021, der <a href=\"https:\/\/www.kampanje.com\/medier\/nrk-meldte-om-rod-bolge-i-skolevalget-na-legger-de-seg-flate\/530681?fbclid=IwY2xjawOCyPpleHRuA2FlbQIxMQBicmlkETFnajdxMXBidDBRdkp4QU9oc3J0YwZhcHBfaWQQMjIyMDM5MTc4ODIwMDg5MgABHu9br1jjkNfK_Wnurn0_kxGycVU3mVXhMrpGzIezqLHd1Vifi8yb16K0IyQ6_aem_K-27mEKBECPAo3wwynNLQA\" rel=\"Follow nofollow noopener\" target=\"_blank\">NRK utropte SV til \u00abvinnerne av skolevalget\u00bb<\/a>, selv om Frp og de borgerlige p\u00e5viselig gikk mest fram.<\/p>\n<p>NRK m\u00e5 gjennomg\u00e5 den konkrete kritikken<\/p>\n<p>Jeg vil oppfordre NRK-ledelsen til \u00e5 lese b\u00e5de Braanen og Rolness n\u00f8ye.<\/p>\n<p>Det dummeste de kan gj\u00f8re n\u00e5, er \u00e5 omfavne Braanen \u2013 og avskrive Rolness som en fiendtlig \u00abh\u00f8yre-skribent\u00bb som bare er ute etter \u00e5 \u00abta\u00bb dem.<\/p>\n<p><b>For sp\u00f8rsm\u00e5let n\u00e5 er hva NRK m\u00e5 gj\u00f8re for \u00e5 gjenfinne sin status som \u00abfelleskanal\u00bb for store deler av folket. <\/b><\/p>\n<p>Mitt svar er \u00e5 ikke \u00e5 oppfatte seg som \u00abkringsatt av fiender\u00bb, eller tenke at \u00abn\u00e5 er vi under angrep fra ytre h\u00f8yre\u00bb\u2013 n\u00e5 m\u00e5 vi forsterke portene, bygge borgen enda h\u00f8yere og holde stand i stormen.<\/p>\n<p>Tvert imot er det p\u00e5 tide at NRK \u00e5 ta den konkrete kritikken p\u00e5 alvor. Gjerne gjennomg\u00e5 hele listen til Rolness, og gj\u00f8re konkrete vurderinger:<\/p>\n<p>For eksempel vurdere \u00abheltinnereportasjen\u00bb om den muslimske kvinnen som <a href=\"https:\/\/www.nrk.no\/direkte\/xl\/saerah-izat-reiste-til-mekka_-_-jeg-har-funnet-meningen-med-livet-1.17440275\" rel=\"Follow nofollow noopener\" target=\"_blank\">endelig fant meningen med livet i Mekka<\/a>.<\/p>\n<p>Eller vurdere en gang til NRKs egen spillanmelder, som ikke vil anmelde et Harry Potter-spill og sammenligner den \u00abtransfobe\u00bb forfatteren JK Rowlings med \u00abnazisten Hamsun\u00bb.<\/p>\n<p>Er dette forenlig med uavhengig journalistikk? Er dette noe b\u00e5de venstresiden og h\u00f8yresiden og midten i norsk politikk kan f\u00e5 tillit til?<\/p>\n<p>Eller er dette litt for mange eksempler til \u00e5 kunne si at det bare er tilfeldig? Kan det tvert imot v\u00e6re et systemisk problem som NRK m\u00e5 ta tak i for \u00e5 svare p\u00e5 m\u00e5lsettingen som allmennkringkaster?<\/p>\n<p><b>Les ogs\u00e5: <a href=\"https:\/\/www.nettavisen.no\/nyheter\/nrk-beklager-etter-nazi-kommentar-under-polsk-uavhengighetsdag\/s\/5-95-2730389\" rel=\"Follow nofollow noopener\" target=\"_blank\">NRK beklager etter nazi-tittel<\/a><\/b><\/p>\n<p>NRK m\u00e5 v\u00e5ge \u00e5 offentliggj\u00f8re funnene<\/p>\n<p>Jeg vil utfordre NRK-ledelsen p\u00e5 dette:<\/p>\n<p><b>NRK m\u00e5 v\u00e5ge \u00e5 g\u00e5 konkret til verks, og v\u00e5ge \u00e5 offentliggj\u00f8re det de faktisk finner. <\/b><\/p>\n<p>I motsetning til en del andre, tror jeg ikke problemet til NRK er at det er s\u00e5 mange \u00abvenstrevridde\u00bb journalister der. Ja, du har rett i at flere unders\u00f8kelser viser at <a href=\"https:\/\/www.nettavisen.no\/nyheter\/42-prosent-av-norske-journalister-ville-stemt-ap-eller-sv\/s\/5-95-2420700\" rel=\"Follow nofollow noopener\" target=\"_blank\">norske journalister stemmer til venstre<\/a> heller enn til h\u00f8yre.<\/p>\n<p>Men jeg har ikke sett unders\u00f8kelser som viser at NRK-journalister st\u00e5r lenger til venstre enn journalister i andre medier, selv om det kanskje er sannsynlig.<\/p>\n<p>Jeg tror heller det er en foreldet rolleforst\u00e5else som henger igjen. Den gamle trangen til \u00e5 \u00aboppdra\u00bb det norske folk, den ubendige viljen til \u00e5 fortelle hva som er riktig og galt \u2013 eller misjonere, om du vil.<\/p>\n<p><b>En rolleforst\u00e5else der den moralsk patosen kan v\u00e6re omvendt proporsjonalt med fagkunnskapen.<\/b><\/p>\n<p>Som for eksempel da fotballjournalist (!) Aleksander Schau med den st\u00f8rste selvf\u00f8lgelighet ble hentet til studio for \u00e5 kommentere boksing \u2013 i debatten om den algeriske bokseren Imane Khelifs deltakelse i kvinneklassen i OL.<\/p>\n<p>NRK kan overg\u00e5 selveste Ness i usakligheter<\/p>\n<p>Leksen den profilerte NRK-medarbeideren lirte av seg overg\u00e5r nesten Ole Asbj\u00f8rn Ness-klassen i usakligheter og upassende metaforer, bare les:<\/p>\n<p>\u00abDet er skammelig. Det er stygt, det er ekkelt og det f\u00e5r ut alt det verste i menneskeheten. Hvert eneste transfobe, kvinnehatende, ogs\u00e5 homofobe og rasistiske menneske siver ut av barken og viser hva slags avskj\u00e6r de er.\u00bb<\/p>\n<p>S\u00f8ppelmennesker, alts\u00e5 mennesker omtrent som fiskeslo.<\/p>\n<p>Og der sportsredakt\u00f8ren forsvarte seg med at Schau ble invitert til studio fordi han var oppvokst i samme omr\u00e5de (!) som friidrettsstjernen Markus Rooth, og fordi Schau har slik \u00abbrennende interesse\u00bb for sommeridrett.<\/p>\n<p>Allerede ett \u00e5r senere er den forvirrede kj\u00f8nnsdebatten, ogs\u00e5 i boksing, kommet over i <a href=\"https:\/\/www.bbc.com\/sport\/boxing\/articles\/cx2972766v3o\" rel=\"Follow nofollow noopener\" target=\"_blank\">et mer sivilisert spor.<\/a> Men i fjor var det alts\u00e5 bare \u00e5 kj\u00f8re p\u00e5 mot de som stusset, med NRK-ledelsens uttalte velsignelse.<\/p>\n<p><b>Det er slike pinlige \u00f8yeblikk NRK-ledelsen m\u00e5 vise muskler for \u00e5 rydde vekk. <\/b><\/p>\n","protected":false},"excerpt":{"rendered":"470 klager er mye. Sv\u00e6rt mye. Og brorparten av klagene kommer fra rasende polakker. Det skj\u00f8nner jeg godt.&hellip;\n","protected":false},"author":2,"featured_media":90315,"comment_status":"","ping_status":"","sticky":false,"template":"","format":"standard","meta":{"footnotes":""},"categories":[10],"tags":[20,21,24,25,15,22,23,13,30,28,29,14,16,26,27],"class_list":{"0":"post-90314","1":"post","2":"type-post","3":"status-publish","4":"format-standard","5":"has-post-thumbnail","7":"category-norge","8":"tag-breaking-news","9":"tag-breakingnews","10":"tag-featured-news","11":"tag-featurednews","12":"tag-headlines","13":"tag-latest-news","14":"tag-latestnews","15":"tag-news","16":"tag-no","17":"tag-norge","18":"tag-norway","19":"tag-nyheter","20":"tag-overskrifter","21":"tag-top-stories","22":"tag-topstories"},"share_on_mastodon":{"url":"https:\/\/pubeurope.com\/@no\/115572077059370091","error":""},"_links":{"self":[{"href":"https:\/\/www.europesays.com\/no\/wp-json\/wp\/v2\/posts\/90314","targetHints":{"allow":["GET"]}}],"collection":[{"href":"https:\/\/www.europesays.com\/no\/wp-json\/wp\/v2\/posts"}],"about":[{"href":"https:\/\/www.europesays.com\/no\/wp-json\/wp\/v2\/types\/post"}],"author":[{"embeddable":true,"href":"https:\/\/www.europesays.com\/no\/wp-json\/wp\/v2\/users\/2"}],"replies":[{"embeddable":true,"href":"https:\/\/www.europesays.com\/no\/wp-json\/wp\/v2\/comments?post=90314"}],"version-history":[{"count":0,"href":"https:\/\/www.europesays.com\/no\/wp-json\/wp\/v2\/posts\/90314\/revisions"}],"wp:featuredmedia":[{"embeddable":true,"href":"https:\/\/www.europesays.com\/no\/wp-json\/wp\/v2\/media\/90315"}],"wp:attachment":[{"href":"https:\/\/www.europesays.com\/no\/wp-json\/wp\/v2\/media?parent=90314"}],"wp:term":[{"taxonomy":"category","embeddable":true,"href":"https:\/\/www.europesays.com\/no\/wp-json\/wp\/v2\/categories?post=90314"},{"taxonomy":"post_tag","embeddable":true,"href":"https:\/\/www.europesays.com\/no\/wp-json\/wp\/v2\/tags?post=90314"}],"curies":[{"name":"wp","href":"https:\/\/api.w.org\/{rel}","templated":true}]}}