{"id":90316,"date":"2025-11-18T18:20:08","date_gmt":"2025-11-18T18:20:08","guid":{"rendered":"https:\/\/www.europesays.com\/no\/90316\/"},"modified":"2025-11-18T18:20:08","modified_gmt":"2025-11-18T18:20:08","slug":"ville-vaert-en-aere-nrk-nordland","status":"publish","type":"post","link":"https:\/\/www.europesays.com\/no\/90316\/","title":{"rendered":"\u2013 Ville v\u00e6rt en \u00e6re \u2013 NRK Nordland"},"content":{"rendered":"<p>\u2013 Det er en lang prosess, som jeg hele tiden har v\u00e6rt klar over. Men det var jeg forberedt p\u00e5 da jeg tok avgj\u00f8relsen om pr\u00f8ve \u00e5 bli norsk.<\/p>\n<p><strong>Det sier 185 centimeter h\u00f8ye burvokteren da NRK m\u00f8ter han p\u00e5 Aspmyra stadion.<\/strong><\/p>\n<p>Temaet for intervjuet Haikins p\u00e5g\u00e5ende prosess om \u00e5 bli norsk statsborger, og skjer kun dager etter at Norge <a href=\"https:\/\/www.nrk.no\/sport\/norge-klare-for-fotball-vm-_-rystet-italia-med-historisk-seier-1.17655173\" ec-id=\"pp:article:1.17655173\" ec-name=\"sikret VM-billetten borte mot Italia\" rel=\"nofollow noopener\" target=\"_blank\">sikret VM-billetten borte mot Italia<\/a><\/p>\n<p>Norges m\u00e5lvakt denne kvalifiseringen har v\u00e6rt \u00d8rjan H\u00e5skjold Nyland (35).<\/p>\n<p>Han sto fast mellom stengene for spanske Sevilla forrige sesong, og voktet ogs\u00e5 buret i starten av sesongen \u2013 f\u00f8r han fikk den <a href=\"https:\/\/www.nrk.no\/sport\/nyland-om-vrakingen_-_-har-vaert-darlig-med-begrunnelser-1.17602646\" ec-id=\"pp:article:1.17602646\" ec-name=\"brutale beskjeden at han var vraket som f\u00f8rstekeeper\" rel=\"nofollow noopener\" target=\"_blank\">brutale beskjeden at han var vraket som f\u00f8rstekeeper<\/a>.<\/p>\n<p>Det er noe Nyland tenker p\u00e5 inn mot VM.<\/p>\n<p>\u2013 Ja, jeg regner med alle spillerne her m\u00e5 ha et bra grunnlag og gj\u00f8re jobben i klubb. Det er selvf\u00f8lgelig noe jeg tenker p\u00e5, men jeg er ikke stresset n\u00e5, har han uttalt til <a href=\"https:\/\/www.nrk.no\/sport\/nyland-om-vrakingen_-_-har-vaert-darlig-med-begrunnelser-1.17602646\" ec-id=\"pp:article:1.17602646\" ec-name=\"NRK\" rel=\"nofollow noopener\" target=\"_blank\">NRK<\/a>.<\/p>\n<p><strong>En som imidlertid st\u00e5r fast for klubblaget er Nikita Haikin.<\/strong><\/p>\n<p><img decoding=\"async\"   src=\"data:image\/gif;base64,R0lGODlhAQABAIAAAAAAAP\/\/\/yH5BAEAAAAALAAAAAABAAEAAAIBRAA7\" loading=\"eager\" alt=\"Nikita Haikin snakker om norsk statsborgerskap\" title=\"Foto: Ola Helness \/ NRK\"\/><\/p>\n<p class=\"\">Nikita Haikin har v\u00e6rt i Norge i syv \u00e5r og f\u00e5r ros fra lagkameratene p\u00e5 hvor god han har blitt i norsk.<\/p>\n<p>Foto: Ola Helness \/ NRK<\/p>\n<p>30-\u00e5ringen har over tid st\u00e5tt i en prosess for \u00e5 bli norsk statsborger.<\/p>\n<p>Flere ganger har media spurt Haikin om hva som er status for s\u00f8knaden, uten at m\u00e5lvakten har hatt s\u00e5 mye nytt \u00e5 melde.<\/p>\n<p><strong>For det er en rekke krav for \u00e5 bli norsk statsborger, deriblant en norsktest.<\/strong><\/p>\n<p>Norsk statsborgerskap<\/p>\n<p><strong>Grunnleggende krav: <\/strong><\/p>\n<p>Bosted: <br \/>Du m\u00e5 ha bodd fast i Norge sammenhengende i en viss periode og ha til hensikt \u00e5 fortsette \u00e5 bo i landet.<\/p>\n<p>Identitet: <br \/>Du m\u00e5 kunne dokumentere din identitet, vanligvis med pass.<\/p>\n<p>Vandel: <br \/>Du m\u00e5 legge fram en politiattest.<\/p>\n<p><strong>Spr\u00e5k og kunnskap: <\/strong><\/p>\n<p>Pr\u00f8ve i norsk muntlig: <br \/>Hvis du er mellom 18 og 67 \u00e5r, m\u00e5 du ha best\u00e5tt en norskpr\u00f8ve p\u00e5 niv\u00e5 B1 eller f\u00e5 unntak.<\/p>\n<p>Statsborgerpr\u00f8ven: <br \/>Du m\u00e5 ha best\u00e5tt statsborgerpr\u00f8ven eller pr\u00f8ven i samfunnskunnskap.<\/p>\n<p>Merk: Kravene varierer basert p\u00e5 hver enkelts situasjon.<\/p>\n<p>Kilde: <a href=\"https:\/\/www.udi.no\/ord-og-begreper\/krav-om-prover-for-a-fa-norsk-statsborgerskap\/\" ec-id=\"https:\/\/www.udi.no\/ord-og-begreper\/krav-om-prover-for-a-fa-norsk-statsborgerskap\/\" ec-name=\"UDI\" rel=\"nofollow noopener\" target=\"_blank\">UDI<\/a><\/p>\n<p>Patrick Berg har tidligere uttalt at Haikin sitter og <a href=\"https:\/\/www.nrk.no\/sport\/bodo_glimt-keeper-nikita-haikin_-_-det-er-ikke-sa-lett-a-bli-norsk-1.17574578\" ec-id=\"pp:article:1.17574578\" ec-name=\"ser p\u00e5 Youtube-videoer p\u00e5 norsk n\u00e5r de flyr til bortekamper\" rel=\"nofollow noopener\" target=\"_blank\">ser p\u00e5 Youtube-videoer p\u00e5 norsk n\u00e5r de flyr til bortekamper<\/a>.<\/p>\n<p>\u2013 Han gj\u00f8r sitt for \u00e5 l\u00e6re seg spr\u00e5ket, og har tatt veldig store steg der det siste \u00e5ret. N\u00e5 g\u00e5r det an \u00e5 prate med ham p\u00e5 norsk, og han forst\u00e5r alt, har Berg uttalt.<\/p>\n<p>\u2013 Patrick sa at du ser p\u00e5 Youtube. Hvordan g\u00e5r det med norsken?<\/p>\n<p><strong>\u2013 Det g\u00e5r bra. Jeg kan godt bytte om til norsk, sier Haikin og bytter spr\u00e5k.<\/strong><\/p>\n<p>\u2013 Men jeg tror jeg kan gj\u00f8re meg bedre forst\u00e5tt p\u00e5 morsm\u00e5let mitt engelsk, smiler han vennlig.<\/p>\n<p>Har best\u00e5tt testene<\/p>\n<p>Men kun dager etter at Norge sikret VM-billetten har Haikin litt nytt \u00e5 meddele om s\u00f8knadsprosessen:<\/p>\n<p><strong>\u2013 Jeg tror at alt som er under min kontroll har blitt gjort, i form av dokumentasjon og s\u00e5 videre. Jeg er forn\u00f8yd med \u00e5 kunngj\u00f8re at jeg har best\u00e5tt testene, sier Haikin og legger til:<\/strong><\/p>\n<p>\u2013 Jeg er bare spent p\u00e5 utfallet.<\/p>\n<p>Han har imidlertid ingen anelse om n\u00e5r s\u00f8knaden kan v\u00e6re ferdig behandlet hos Utenriksdepartementet.<\/p>\n<p><img decoding=\"async\"   src=\"data:image\/gif;base64,R0lGODlhAQABAIAAAAAAAP\/\/\/yH5BAEAAAAALAAAAAABAAEAAAIBRAA7\" loading=\"eager\" alt=\"Nikita Haikin snakker om norsk statsborgerskap\" title=\"Foto: Petter Str\u00f8m \/ NRK\"\/><\/p>\n<p class=\"\">Haikin sier at han ikke \u00f8nsker spesialbehandling i sin s\u00f8knad om norsk statsborgerskap. <\/p>\n<p>Foto: Petter Str\u00f8m \/ NRK<\/p>\n<p>\u2013 Er du overrasket over at det tar s\u00e5 lang tid?<\/p>\n<p>\u2013 Nei, det er ikke noe feil med at det g\u00e5r lang tid. Det er en del av prosessen og s\u00e5nn m\u00e5 det v\u00e6re.<\/p>\n<p>I 2022 m\u00f8tte han tidligere Love Island-deltakter Tanja L\u00f8vik, og kun dager f\u00f8r <a href=\"https:\/\/www.nrk.no\/sport\/historisk-bragd_-glimt-til-semifinalen-i-europaligaen-1.17386488\" ec-id=\"pp:article:1.17386488\" ec-name=\"triumfen borte mot Lazio i Europaligaen\" rel=\"nofollow noopener\" target=\"_blank\">triumfen borte mot Lazio i Europaligaen<\/a>, ga de hverandre sitt ja da de giftet seg.<\/p>\n<p>\u2013 Jeg har v\u00e6rt her i syv \u00e5r og det har v\u00e6rt en fantastisk reise med Bod\u00f8\/Glimt. Jeg har integrert meg i samfunnet, det har blitt mitt hjem. Jeg f\u00f8ler meg som en del av samfunnet i Norge. Jeg elsker virkelig dette landet og f\u00f8ler jeg vil betale tilbake.<\/p>\n<p><img decoding=\"async\"   src=\"data:image\/gif;base64,R0lGODlhAQABAIAAAAAAAP\/\/\/yH5BAEAAAAALAAAAAABAAEAAAIBRAA7\" loading=\"eager\" alt=\"en mann som holder et trof\u00e9\" title=\"Foto: Alessandra Tarantino \/ AP \/ NTB\"\/><\/p>\n<p class=\"\">Nikita Haikin jubler foran Glimt-fansen etter bragden i Roma, hvor de slo ut Lazio fra Europaligaens kvartfinale. Kun dager f\u00f8r triumfen giftet Haikin seg med sin norske kj\u00e6reste.<\/p>\n<p>Foto: Alessandra Tarantino \/ AP \/ NTB<\/p>\n<p>Vil ikke ha spesialbehandling<\/p>\n<p>Men en ting er han klar p\u00e5:<\/p>\n<p><strong>\u2013 Jeg b\u00f8r definitivt ikke f\u00e5 spesialbehandling.<\/strong><\/p>\n<p>Men nettopp spesialbehandling er det flere som har tatt til orde for.<\/p>\n<p>F\u00f8rst ved TV 2s fotballekspert Yaw Amankwah, og nylig gikk ogs\u00e5 stortingsrepresentant fra Nordland, B\u00e5rd Ludvig Thorheim (H) ut og \u00f8nsket <a href=\"https:\/\/www.nrk.no\/nordland\/stortingsrepresentant-onsker-ekspressbehandling-av-haikins-statsborgersoknad-1.17655574\" ec-id=\"pp:article:1.17655574\" ec-name=\"ekspressbehandling av Haikins s\u00f8knad om statsborgerskap\" rel=\"nofollow noopener\" target=\"_blank\">ekspressbehandling av Haikins s\u00f8knad om statsborgerskap<\/a>.<\/p>\n<p><img decoding=\"async\"   src=\"data:image\/gif;base64,R0lGODlhAQABAIAAAAAAAP\/\/\/yH5BAEAAAAALAAAAAABAAEAAAIBRAA7\" loading=\"eager\" alt=\"Stortingspolitikerne Turid Kristensen og B\u00e5rd Ludvig Thorheim i H\u00f8yre.\" title=\"Foto: H\u00f8yre\"\/><\/p>\n<p class=\"\">Stortingsrepresentant B\u00e5rd Ludvig Thorheim (H) fra Nordland legger ikke skjul p\u00e5 hvor fotballhjertet hans ligger. Her sammen med stortingskollega Turid Kristensen.<\/p>\n<p>Foto: H\u00f8yre<\/p>\n<p>\u2013 Hva tenker du om det?<\/p>\n<p>\u2013 Jeg er smigret over at en s\u00e5 h\u00f8yt rangert politiker i Stortinget har satt s\u00f8kelys p\u00e5 saken min. Det betyr mye, men igjen syns jeg ikke at jeg skal f\u00e5 spesialbehandling sammenlignet med andre som ogs\u00e5 venter. Det er en del av det norske samfunnet hvor ingen er over noen andre, og alle er likeverdige.<\/p>\n<p>Fakta om Nikita Haikin<\/p>\n<p>Navn: Nikita Iljitsj Haikin<\/p>\n<p>Alder: 30<\/p>\n<p>F\u00f8dt: Netanya, Israel<\/p>\n<p>Statsborgerskap: Israel, Russland, Storbritannia<\/p>\n<p>Sivilstatus: Gift med Tanja L\u00f8vik<\/p>\n<p>Landslagskarriere: Har U-kamper for b\u00e5de Russland og Israel men ingen p\u00e5 seniorniv\u00e5<\/p>\n<p>Lysten p\u00e5 VM for Norge<\/p>\n<p>Han benytter anledningen til \u00e5 gratulere landslaget for en fantastisk kvalifisering, og sier han er imponert over hvilket lag de har blitt.<\/p>\n<p>\u2013 Og ikke minst hva det betyr for det norske folk.<\/p>\n<p><strong>Men om egne VM-sjanser, har Haikin ingen store forventninger.<\/strong><\/p>\n<p>Han har ikke engang snakket med St\u00e5le Solbakken, til tross for at landslagstreneren har uttalt til <a href=\"https:\/\/www.an.no\/nikita-vil-bli-norsk-jeg-elsker-dette-landet\/s\/5-4-2055297\" ec-id=\"https:\/\/www.an.no\/nikita-vil-bli-norsk-jeg-elsker-dette-landet\/s\/5-4-2055297\" ec-name=\"Avisa Nordland\" rel=\"nofollow noopener\" target=\"_blank\">Avisa Nordland<\/a> at m\u00e5lvakten ville v\u00e6rt aktuell for landslaget.<\/p>\n<p><img decoding=\"async\"   src=\"data:image\/gif;base64,R0lGODlhAQABAIAAAAAAAP\/\/\/yH5BAEAAAAALAAAAAABAAEAAAIBRAA7\" loading=\"eager\" alt=\"St\u00e5le Solbakken\" title=\"Foto: Vegard Gr\u00f8tt \/ Bildbyr\u00e5n\"\/><\/p>\n<p class=\"\">Landslagssjef St\u00e5le Solbakken har uttalt til media at Haikin ville v\u00e6rt aktuell for landslaget \u2013 om han skulle bli norsk statsborger.<\/p>\n<p>Foto: Vegard Gr\u00f8tt \/ Bildbyr\u00e5n<\/p>\n<p>\u2013 Men om landslaget tror jeg kan hjelpe dem, noe jeg tror jeg kan, s\u00e5 ville det v\u00e6rt flott.<\/p>\n<p>\u2013 Hva kan du bidra med p\u00e5 landslaget?<\/p>\n<p><strong>\u2013 Hehe, det blir vel i m\u00e5l da. De har en fantastisk tropp med s\u00e5 mye kvalitet i hver posisjon. Det ville v\u00e6rt en \u00e6re.<\/strong><\/p>\n<p>Glimt-fokus fremover<\/p>\n<p>Men f\u00f8rst og fremst skal han holde m\u00e5let fritt for baller i de to gjenst\u00e5ende eliteseriekampene.<\/p>\n<p>Der ligger gultr\u00f8yene fra Bod\u00f8 ett poeng bak serieleder Viking i det som kan bli en sv\u00e6rt spennende innspurt i gullkampen.<\/p>\n<p>\u2013 F\u00f8rst har vi kamp mot \u00abKoffa\u00bb p\u00e5 fredag, deretter er det Europa, sier Haikin.<\/p>\n<p>\u2013 Er det mulig \u00e5 vinne Eliteserien?<\/p>\n<p>\u2013 Det er alltid mulig. M\u00e5 kan bare kontrollere oss selv. Vi m\u00e5 g\u00e5 ut \u00e5 gj\u00f8re v\u00e5rt beste og se hva som skjer.<\/p>\n<p><img decoding=\"async\"   src=\"data:image\/gif;base64,R0lGODlhAQABAIAAAAAAAP\/\/\/yH5BAEAAAAALAAAAAABAAEAAAIBRAA7\" loading=\"eager\" alt=\"Nikita Haikin snakker om norsk statsborgerskap\" title=\"Foto: Petter Str\u00f8m \/ NRK\"\/><\/p>\n<p class=\"\">Nikita Haikin dr\u00f8mmer om \u00e5 bli norsk, men er innforst\u00e5tt med at det tar sin tid. <\/p>\n<p>Foto: Petter Str\u00f8m \/ NRK<\/p>\n<p>Publisert<\/p>\n<p>18.11.2025, kl. 17.16<\/p>\n<p>Oppdatert<\/p>\n<p>18.11.2025, kl. 17.36<\/p>\n","protected":false},"excerpt":{"rendered":"\u2013 Det er en lang prosess, som jeg hele tiden har v\u00e6rt klar over. Men det var jeg&hellip;\n","protected":false},"author":2,"featured_media":90317,"comment_status":"","ping_status":"","sticky":false,"template":"","format":"standard","meta":{"footnotes":""},"categories":[59],"tags":[30,28,29,83,82],"class_list":{"0":"post-90316","1":"post","2":"type-post","3":"status-publish","4":"format-standard","5":"has-post-thumbnail","7":"category-sport","8":"tag-no","9":"tag-norge","10":"tag-norway","11":"tag-sport","12":"tag-sports"},"share_on_mastodon":{"url":"https:\/\/pubeurope.com\/@no\/115572088703813549","error":""},"_links":{"self":[{"href":"https:\/\/www.europesays.com\/no\/wp-json\/wp\/v2\/posts\/90316","targetHints":{"allow":["GET"]}}],"collection":[{"href":"https:\/\/www.europesays.com\/no\/wp-json\/wp\/v2\/posts"}],"about":[{"href":"https:\/\/www.europesays.com\/no\/wp-json\/wp\/v2\/types\/post"}],"author":[{"embeddable":true,"href":"https:\/\/www.europesays.com\/no\/wp-json\/wp\/v2\/users\/2"}],"replies":[{"embeddable":true,"href":"https:\/\/www.europesays.com\/no\/wp-json\/wp\/v2\/comments?post=90316"}],"version-history":[{"count":0,"href":"https:\/\/www.europesays.com\/no\/wp-json\/wp\/v2\/posts\/90316\/revisions"}],"wp:featuredmedia":[{"embeddable":true,"href":"https:\/\/www.europesays.com\/no\/wp-json\/wp\/v2\/media\/90317"}],"wp:attachment":[{"href":"https:\/\/www.europesays.com\/no\/wp-json\/wp\/v2\/media?parent=90316"}],"wp:term":[{"taxonomy":"category","embeddable":true,"href":"https:\/\/www.europesays.com\/no\/wp-json\/wp\/v2\/categories?post=90316"},{"taxonomy":"post_tag","embeddable":true,"href":"https:\/\/www.europesays.com\/no\/wp-json\/wp\/v2\/tags?post=90316"}],"curies":[{"name":"wp","href":"https:\/\/api.w.org\/{rel}","templated":true}]}}