{"id":90320,"date":"2025-11-18T18:24:10","date_gmt":"2025-11-18T18:24:10","guid":{"rendered":"https:\/\/www.europesays.com\/no\/90320\/"},"modified":"2025-11-18T18:24:10","modified_gmt":"2025-11-18T18:24:10","slug":"trump-i-strupen-pa-reporter-etter-sporsmal-om-drap-fake-news","status":"publish","type":"post","link":"https:\/\/www.europesays.com\/no\/90320\/","title":{"rendered":"Trump i strupen p\u00e5 reporter etter sp\u00f8rsm\u00e5l om drap: \u2013 Fake news"},"content":{"rendered":"\n<p class=\"_lead_o9xde_2 _lead_xtcu6_50 layout-component text-serif-m layout-normal text-serif-l layout-component layout-wide layout-padded _wide_17hqh_1 layout-padded\">If\u00f8lge Donald Trump er det ikke sant at kronprins Mohammed bin Salman var involvert i drapet p\u00e5 Jamal Khashoggi i 2018. <\/p>\n<p><img alt=\"USAs president Donald Trump m\u00f8ter Saudi-Arabias kronprins Mohammed bin Salman i Det hvite hus i Washington. AskExplain Foto: Evelyn Hockstein \/ Reuters \/ NTB\" class=\"_image_qp4xg_65 layout-component layout-wide\" data-fullscreen- data-track-element-type=\"Article image fullscreen\" data-track-name=\"ImageFullscreen\" fetchpriority=\"high\" decoding=\"sync\" loading=\"eager\" height=\"4036\" itemprop=\"image\"  src=\"https:\/\/www.europesays.com\/no\/wp-content\/uploads\/2025\/11\/ffe71bef-c8e9-4215-96e7-45f6c57b978e\"  style=\"object-position:0% 0%\" width=\"6054\"\/>USAs president Donald Trump m\u00f8ter Saudi-Arabias kronprins Mohammed bin Salman i Det hvite hus i Washington. AskExplain Foto: Evelyn Hockstein \/ Reuters \/ NTB<\/p>\n<ul aria-hidden=\"true\" class=\"_images_18f0k_111\">\n<li><a class=\"_link_18f0k_116\" href=\"https:\/\/www.vg.no\/forfatter\/ingrid-storeboe\" style=\"z-index:1\" title=\"Ingrid Storeb\u00f8\" rel=\"nofollow noopener\" target=\"_blank\"><img alt=\"Bilde av Ingrid Storeb\u00f8\" class=\"_image_18f0k_93\" fetchpriority=\"low\" loading=\"lazy\" decoding=\"async\" itemprop=\"image\"  src=\"https:\/\/www.europesays.com\/no\/wp-content\/uploads\/2025\/11\/1763490249_928_b3fc896d-536d-4041-8257-79b6b2cd3323\"  width=\"480\"\/><\/a><\/li>\n<\/ul>\n<p> Oppdatert tirsdag 18. november kl. 19:23    <\/p>\n<ul class=\"_list_o9xde_3 _list_64s2r_85 _unordered_o9xde_106 text-sans-m\">\n<li class=\"_item_o9xde_30\">Donald Trump fastholder at kronprins Mohammed bin Salman ikke var involvert i drapet p\u00e5 Jamal Khashoggi.<\/li>\n<li class=\"_item_o9xde_30\">Trump \u00f8nsket kronprinsen velkommen til Det hvite hus og kunngjorde en investeringsplan p\u00e5 600 milliarder dollar.<\/li>\n<li class=\"_item_o9xde_30\">Trump og bin Salman avviser anklager om menneskerettighetsbrudd og betegnede p\u00e5stander som \u00abfake news\u00bb.<\/li>\n<\/ul>\n<p>Vis mer <\/p>\n<p class=\"_paragraph_o9xde_4 _paragraph_xtcu6_10 layout-component text-serif-m layout-normal text-serif-m layout-padded\">Presidenten g\u00e5r dermed ut mot <a href=\"https:\/\/www.dni.gov\/files\/ODNI\/documents\/assessments\/Assessment-Saudi-Gov-Role-in-JK-Death-20210226v2.pdf?utm_source=chatgpt.com\" class=\"_link_o9xde_39\" rel=\"nofollow noopener\" target=\"_blank\">konklusjonen til USAs etterretningstjeneste<\/a> fra 2021. CIAs slo den gangen fast at det mye omtalte drapet p\u00e5 Washington Times-journalisten ble bestilt av kronprinsen selv. <\/p>\n<p class=\"_paragraph_o9xde_4 _paragraph_xtcu6_10 layout-component text-serif-m layout-normal text-serif-m layout-padded\">Tirsdag \u00f8nsket president Trump Saudi-Arabias kronprins bin Salman velkommen til Det hvite hus med en varm omfavnelse.<\/p>\n<p class=\"_paragraph_o9xde_4 _paragraph_xtcu6_10 layout-component text-serif-m layout-normal text-serif-m layout-padded\">Det er kronprinsens f\u00f8rste bes\u00f8k siden saudiske agenter drepte Kashoggi i Istanbul i 2018.<\/p>\n<p class=\"_paragraph_o9xde_4 _paragraph_xtcu6_10 layout-component text-serif-m layout-normal text-serif-m layout-padded\">P\u00e5 agendaen for dagen st\u00e5r blant annet bilaterale samtaler, offisiell lunsj og gallamiddag.<\/p>\n<p class=\"_paragraph_o9xde_4 _paragraph_xtcu6_10 layout-component text-serif-m layout-normal text-serif-m layout-padded\"><strong class=\"_strong_o9xde_25\">Under m\u00f8tet skal Saudi-Arabia ha g\u00e5tt med p\u00e5 en investeringsplan basert p\u00e5 en ramme p\u00e5 600 milliarder dollar. Det tilsvarer omtrent 6300 milliarder kroner.<\/strong><\/p>\n<p class=\"_paragraph_o9xde_4 _paragraph_xtcu6_10 layout-component text-serif-m layout-normal text-serif-m layout-padded\">Etter at president <a href=\"https:\/\/www.vg.no\/tag\/donald-trump-2?utm_source=vg-article&amp;utm_medium=auto-tagger&amp;utm_campaign=XMllBn\" class=\"_link_o9xde_39\" rel=\"nofollow noopener\" target=\"_blank\">Donald Trump<\/a> har oppsummert m\u00f8tet med kronprins Mohammed bin Salman, uttaler kronprinsen at forholdet mellom de to landene er godt, og at de ser frem til videre samarbeid. Han legger til:<\/p>\n<p class=\"_paragraph_o9xde_4 _paragraph_xtcu6_10 layout-component text-serif-m layout-normal text-serif-m layout-padded\">\u2013 Vi kommer senere til \u00e5 kunngj\u00f8re at vi trolig ender opp med \u00e5 investere 1000 milliarder dollar, sier Mohammed bin Salman. <\/p>\n<p><img alt=\"journalisten som tok opp Khashoggi-drapet, ble raskt gjort oppmerksom p\u00e5 at temaet ble ansett som upassende.  Foto: Evan Vucci \/ AP \/ NTB\" class=\"_image_qp4xg_65 layout-component layout-normal\" data-fullscreen- data-track-element-type=\"Article image fullscreen\" data-track-name=\"ImageFullscreen\" decoding=\"async\" loading=\"lazy\" height=\"3221\" itemprop=\"image\"  src=\"https:\/\/www.europesays.com\/no\/wp-content\/uploads\/2025\/11\/ebf6fa3a-c9a2-4837-970f-ee199e3fedd7\"  style=\"object-position:0% 0%\" width=\"4832\"\/>journalisten som tok opp Khashoggi-drapet, ble raskt gjort oppmerksom p\u00e5 at temaet ble ansett som upassende.  Foto: Evan Vucci \/ AP \/ NTB<\/p>\n<p class=\"_paragraph_o9xde_4 _paragraph_xtcu6_10 layout-component text-serif-m layout-normal text-serif-m layout-padded\"><strong class=\"_strong_o9xde_25\">Pressekonferansen tar en ny vending n\u00e5r en journalist fra ABC News sp\u00f8r om kronprinsen kjente til drapet p\u00e5 den saudiarabiske journalisten Jamal Khashoggi, og viser til flere p\u00e5litelige kilder som hevder at han gjorde det.<\/strong><\/p>\n<p class=\"_paragraph_o9xde_4 _paragraph_xtcu6_10 layout-component text-serif-m layout-normal text-serif-m layout-padded\">\u2013 Hvor er du fra? sp\u00f8r president Trump.<\/p>\n<p class=\"_paragraph_o9xde_4 _paragraph_xtcu6_10 layout-component text-serif-m layout-normal text-serif-m layout-padded\">\u2013 Jeg er fra ABC News, svarer journalisten.<\/p>\n<p class=\"_paragraph_o9xde_4 _paragraph_xtcu6_10 layout-component text-serif-m layout-normal text-serif-m layout-padded\">\u2013 Det du sier er \u00abfake news\u00bb og du trenger ikke \u00e5 skjemme ut v\u00e5re gjester ved \u00e5 stille slike sp\u00f8rsm\u00e5l. Det var mange som ikke likte den gentlemannen (Khashoggi), men jeg kan svare p\u00e5 sp\u00f8rsm\u00e5let, sier Trump bestemt. <\/p>\n<p class=\"_paragraph_o9xde_4 _paragraph_xtcu6_10 layout-component text-serif-m layout-normal text-serif-m layout-padded\">Trump uttaler at kronprinsen har gjort \u00aben fenomenal innsats\u00bb etter drapet p\u00e5 Khashoggi, og avviser anklagene om at samarbeidet mellom USA og Saudi-Arabia truer menneskerettighetene.<\/p>\n<p class=\"_paragraph_o9xde_4 _paragraph_xtcu6_10 layout-component text-serif-m layout-normal text-serif-m layout-padded\">Til slutt svarer kronprinsen:<\/p>\n<p class=\"_paragraph_o9xde_4 _paragraph_xtcu6_10 layout-component text-serif-m layout-normal text-serif-m layout-padded\"><strong class=\"_strong_o9xde_25\">\u2013 Jeg kjente ikke til drapet p\u00e5 Khashoggi.<\/strong> <\/p>\n<p class=\"_paragraph_o9xde_4 _paragraph_xtcu6_10 layout-component text-serif-m layout-normal text-serif-m layout-padded\">Jamal Khashoggi var en saudiarabisk journalist og regimekritiker som lenge var tilknyttet det offisielle Saudi-Arabia, men som senere ble en uttalt kritiker av landets styresett og kronprins Mohammed bin Salman. Han skrev blant annet for The Washington Post, der han tok til orde for reformer og ytringsfrihet i den arabiske verden.<\/p>\n<p class=\"_paragraph_o9xde_4 _paragraph_xtcu6_10 layout-component text-serif-m layout-normal text-serif-m layout-padded\">Khashoggi ble drept 2. oktober 2018 inne p\u00e5 Saudi-Arabias konsulat i Istanbul. Han hadde m\u00f8tt opp der for \u00e5 hente dokumenter i forbindelse med sitt kommende ekteskap. Etterretning og unders\u00f8kelser, blant annet fra FN og CIA, konkluderte med at drapet trolig ble godkjent p\u00e5 h\u00f8yt niv\u00e5 i det saudiarabiske maktapparatet.<\/p>\n<p><img alt=\"Foto: Evelyn Hockstein \/ Reuters \/ NTB\" class=\"_image_qp4xg_65 layout-component layout-normal\" data-fullscreen- data-track-element-type=\"Article image fullscreen\" data-track-name=\"ImageFullscreen\" decoding=\"async\" loading=\"lazy\" height=\"5120\" itemprop=\"image\"  src=\"https:\/\/www.europesays.com\/no\/wp-content\/uploads\/2025\/11\/7ed0182f-2ba0-4532-839d-2d090c0756b1\"  style=\"object-position:0% 0%\" width=\"3415\"\/>Foto: Evelyn Hockstein \/ Reuters \/ NTB<\/p>\n<p class=\"_paragraph_o9xde_4 _paragraph_xtcu6_10 layout-component text-serif-m layout-normal text-serif-m layout-padded\">President Donald Trump bekreftet ogs\u00e5 at USA vil selge avanserte F-35 jagerfly til Saudi-Arabia, til tross for bekymringer i administrasjonen om at Kina kan f\u00e5 tilgang til den amerikanske teknologien. <\/p>\n<p class=\"_paragraph_o9xde_4 _paragraph_xtcu6_10 layout-component text-serif-m layout-normal text-serif-m layout-padded\">If\u00f8lge <a href=\"https:\/\/www.reuters.com\/world\/us\/saudi-crown-prince-visits-us-with-defence-ai-nuclear-agenda-2025-11-17\/\" class=\"_link_o9xde_39\" rel=\"nofollow noopener\" target=\"_blank\">Reuters<\/a> er m\u00e5let med bes\u00f8ket \u00e5 styrke det mange\u00e5rige samarbeidet om olje og sikkerhet, samtidig som b\u00e5ndene utvides til handel, teknologi og muligens ogs\u00e5 sivil atomkraft. Nyhetsbyr\u00e5et skriver at Trump opptatt av \u00e5 sikre seg en saudiarabisk investeringspakke p\u00e5 600 milliarder dollar, et l\u00f8fte som skal ha blitt gitt under hans bes\u00f8k i konged\u00f8mmet i mai. <\/p>\n","protected":false},"excerpt":{"rendered":"If\u00f8lge Donald Trump er det ikke sant at kronprins Mohammed bin Salman var involvert i drapet p\u00e5 Jamal&hellip;\n","protected":false},"author":2,"featured_media":90321,"comment_status":"","ping_status":"","sticky":false,"template":"","format":"standard","meta":{"footnotes":""},"categories":[12],"tags":[31,20,21,55,24,25,15,1142,22,23,6082,13,30,28,29,14,16,26,27,42,43,44,45],"class_list":{"0":"post-90320","1":"post","2":"type-post","3":"status-publish","4":"format-standard","5":"has-post-thumbnail","7":"category-verden","8":"tag-breaking","9":"tag-breaking-news","10":"tag-breakingnews","11":"tag-donald-trump","12":"tag-featured-news","13":"tag-featurednews","14":"tag-headlines","15":"tag-journalist","16":"tag-latest-news","17":"tag-latestnews","18":"tag-mohammed-bin-salman","19":"tag-news","20":"tag-no","21":"tag-norge","22":"tag-norway","23":"tag-nyheter","24":"tag-overskrifter","25":"tag-top-stories","26":"tag-topstories","27":"tag-verden","28":"tag-world","29":"tag-world-news","30":"tag-worldnews"},"share_on_mastodon":{"url":"https:\/\/pubeurope.com\/@no\/115572104752379609","error":""},"_links":{"self":[{"href":"https:\/\/www.europesays.com\/no\/wp-json\/wp\/v2\/posts\/90320","targetHints":{"allow":["GET"]}}],"collection":[{"href":"https:\/\/www.europesays.com\/no\/wp-json\/wp\/v2\/posts"}],"about":[{"href":"https:\/\/www.europesays.com\/no\/wp-json\/wp\/v2\/types\/post"}],"author":[{"embeddable":true,"href":"https:\/\/www.europesays.com\/no\/wp-json\/wp\/v2\/users\/2"}],"replies":[{"embeddable":true,"href":"https:\/\/www.europesays.com\/no\/wp-json\/wp\/v2\/comments?post=90320"}],"version-history":[{"count":0,"href":"https:\/\/www.europesays.com\/no\/wp-json\/wp\/v2\/posts\/90320\/revisions"}],"wp:featuredmedia":[{"embeddable":true,"href":"https:\/\/www.europesays.com\/no\/wp-json\/wp\/v2\/media\/90321"}],"wp:attachment":[{"href":"https:\/\/www.europesays.com\/no\/wp-json\/wp\/v2\/media?parent=90320"}],"wp:term":[{"taxonomy":"category","embeddable":true,"href":"https:\/\/www.europesays.com\/no\/wp-json\/wp\/v2\/categories?post=90320"},{"taxonomy":"post_tag","embeddable":true,"href":"https:\/\/www.europesays.com\/no\/wp-json\/wp\/v2\/tags?post=90320"}],"curies":[{"name":"wp","href":"https:\/\/api.w.org\/{rel}","templated":true}]}}