{"id":90360,"date":"2025-11-18T19:15:14","date_gmt":"2025-11-18T19:15:14","guid":{"rendered":"https:\/\/www.europesays.com\/no\/90360\/"},"modified":"2025-11-18T19:15:14","modified_gmt":"2025-11-18T19:15:14","slug":"blalys-vagan-jente-11-slatt-av-tilfeldig-mann-en-arrestert","status":"publish","type":"post","link":"https:\/\/www.europesays.com\/no\/90360\/","title":{"rendered":"Bl\u00e5lys, V\u00e5gan | Jente (11) sl\u00e5tt av tilfeldig mann \u2013 en arrestert"},"content":{"rendered":"\n<p>Rett f\u00f8r klokken 14 tirsdag formiddag fikk politiet melding om at en 11 \u00e5r gammel jente hadde blitt sl\u00e5tt av en tilfeldig mann.<\/p>\n<p>Hendelsen skal ha skjedd i n\u00e6rheten av bensinstasjonen ST1 i Svolv\u00e6r.<\/p>\n<p><b>Jenta var sammen med sin bestemor da hendelsen fant sted. Bestemoren hadde hentet jenta p\u00e5 Svolv\u00e6r skole og de to var p\u00e5 tur til bestemorens bil da en ukjent mann slo 11-\u00e5ringen og stakk fra stedet.<\/b><\/p>\n<p>\u2013 Vi har n\u00e5 p\u00e5grepet en mann, som er siktet i saken. Han blir fraktet til Svolv\u00e6r politistasjon og satt i arrest, opplyser Yngvar Fredriksen ved politiets operasjonssentral rett over klokken 19 tirsdag.<\/p>\n<p><b>Den 11 \u00e5r gamle jenta skal ikke ha blitt skadet og ivaretas n\u00e5 av familien. <\/b><\/p>\n<p>\u2013 Vi ser sv\u00e6rt alvorlig p\u00e5 denne hendelsen og velger derfor \u00e5 g\u00e5 ut med at vi n\u00e5 har foretatt en p\u00e5gripelse. Vi \u00f8nsker \u00e5 kommunisere ut at ingen skal v\u00e6re redd for \u00e5 g\u00e5 p\u00e5 skolen i morgen, utdyper Fredriksen overfor Lofotposten.<\/p>\n<p>Politiet vil forel\u00f8pig ikke g\u00e5 ut med flere detaljer knyttet til voldshendelsen.<\/p>\n<p>\u2013 Skulle noen ha sett det som skjedde, m\u00e5 de gjerne ta kontakt med oss p\u00e5 telefon 02800, sier Fredriksen.<\/p>\n<p><b>Hendelsen skjedde i dette omr\u00e5det:<\/b><\/p>\n","protected":false},"excerpt":{"rendered":"Rett f\u00f8r klokken 14 tirsdag formiddag fikk politiet melding om at en 11 \u00e5r gammel jente hadde blitt&hellip;\n","protected":false},"author":2,"featured_media":9634,"comment_status":"","ping_status":"","sticky":false,"template":"","format":"standard","meta":{"footnotes":""},"categories":[10],"tags":[36,2840,20,21,24,25,15,22,23,13,30,28,29,14,16,1510,1457,26,27,1459,493],"class_list":{"0":"post-90360","1":"post","2":"type-post","3":"status-publish","4":"format-standard","5":"has-post-thumbnail","7":"category-norge","8":"tag-art","9":"tag-blalys","10":"tag-breaking-news","11":"tag-breakingnews","12":"tag-featured-news","13":"tag-featurednews","14":"tag-headlines","15":"tag-latest-news","16":"tag-latestnews","17":"tag-news","18":"tag-no","19":"tag-norge","20":"tag-norway","21":"tag-nyheter","22":"tag-overskrifter","23":"tag-story","24":"tag-svolvaer","25":"tag-top-stories","26":"tag-topstories","27":"tag-vagan","28":"tag-vold"},"share_on_mastodon":{"url":"https:\/\/pubeurope.com\/@no\/115572305078303539","error":""},"_links":{"self":[{"href":"https:\/\/www.europesays.com\/no\/wp-json\/wp\/v2\/posts\/90360","targetHints":{"allow":["GET"]}}],"collection":[{"href":"https:\/\/www.europesays.com\/no\/wp-json\/wp\/v2\/posts"}],"about":[{"href":"https:\/\/www.europesays.com\/no\/wp-json\/wp\/v2\/types\/post"}],"author":[{"embeddable":true,"href":"https:\/\/www.europesays.com\/no\/wp-json\/wp\/v2\/users\/2"}],"replies":[{"embeddable":true,"href":"https:\/\/www.europesays.com\/no\/wp-json\/wp\/v2\/comments?post=90360"}],"version-history":[{"count":0,"href":"https:\/\/www.europesays.com\/no\/wp-json\/wp\/v2\/posts\/90360\/revisions"}],"wp:featuredmedia":[{"embeddable":true,"href":"https:\/\/www.europesays.com\/no\/wp-json\/wp\/v2\/media\/9634"}],"wp:attachment":[{"href":"https:\/\/www.europesays.com\/no\/wp-json\/wp\/v2\/media?parent=90360"}],"wp:term":[{"taxonomy":"category","embeddable":true,"href":"https:\/\/www.europesays.com\/no\/wp-json\/wp\/v2\/categories?post=90360"},{"taxonomy":"post_tag","embeddable":true,"href":"https:\/\/www.europesays.com\/no\/wp-json\/wp\/v2\/tags?post=90360"}],"curies":[{"name":"wp","href":"https:\/\/api.w.org\/{rel}","templated":true}]}}