{"id":90393,"date":"2025-11-18T20:15:43","date_gmt":"2025-11-18T20:15:43","guid":{"rendered":"https:\/\/www.europesays.com\/no\/90393\/"},"modified":"2025-11-18T20:15:43","modified_gmt":"2025-11-18T20:15:43","slug":"risikoen-for-amerikanske-angrep-i-venezuela-oker","status":"publish","type":"post","link":"https:\/\/www.europesays.com\/no\/90393\/","title":{"rendered":"Risikoen for amerikanske angrep i Venezuela \u00f8ker"},"content":{"rendered":"<p>  USA bygger opp milit\u00e6r styrke i Karibia i et omfang ikke sett siden Cubakrisen. Mulighetene for angrep tiltar, sier Venezuela-ekspert.<\/p>\n<p>\n    USS Gerald Ford, her p\u00e5 vei mot Det karibiske hav 13 november. Foto: US Navy \/ Reuters \/ NTB\n  <\/p>\n<p>\u2013 Spenningen har \u00f8kt i l\u00f8pet av helgen, sier Benedicte Bull til NTB.<\/p>\n<p>Hun mener likevel at president Donald Trump holder d\u00f8ren p\u00e5 gl\u00f8tt for forhandlinger.<\/p>\n<p>Bull er professor ved Senter for global b\u00e6rekraft ved Universitetet i Oslo og har forsket p\u00e5 samfunnsutviklingen i Latin-Amerika.<\/p>\n<p>          <img loading=\"lazy\" decoding=\"async\" src=\"https:\/\/www.europesays.com\/no\/wp-content\/uploads\/2025\/11\/83866354.webp\" width=\"980\" height=\"559\" title=\"Ekspert sier flere av USA-president Donald Trumps uttalelser i det siste tyder p\u00e5 at et amerikansk angrep kan komme. Foto: Win McNamee \/ AFP \/ NTB\" alt=\"\" class=\"\" style=\"--aspect-ratio-image: 1.75; \"\/><\/p>\n<p>\n          Ekspert sier flere av USA-president Donald Trumps uttalelser i det siste tyder p\u00e5 at et amerikansk angrep kan komme. Foto: Win McNamee \/ AFP \/ NTB\n      <\/p>\n<p>S\u00f8ndag bekreftet det amerikanske forsvaret at hangarskipet USS Gerald R. Ford har ankommet Det karibiske hav. Skipet regnes som verdens st\u00f8rste krigsskip. Utplasseringen er en del av en kraftig milit\u00e6r oppbygging i Karibia \u2013 den st\u00f8rste siden Cubakrisen, if\u00f8lge Bull.<\/p>\n<p>\u2013 Forenkler bildet\t<\/p>\n<p>Samme dag kunngjorde USAs utenriksminister Marco Rubio at landet skal kategorisere Cart\u00e9l de los Soles \u2013 p\u00e5 norsk Solkartellet \u2013 som en utenlandsk terrororganisasjon. Kartellet ledes av den venezuelanske presidenten Nicol\u00e1s Maduro, mener USA. Presidenten har avvist anklagene.<\/p>\n<p>USAs p\u00e5stander er ikke helt bunnl\u00f8se, men kraftig overdrevet, forklarer Bull.<\/p>\n<p>\u2013 Det er jo flere i maktposisjoner og i milit\u00e6ret i Venezuela som p\u00e5 ulike m\u00e5ter f\u00e5r en del gevinster av narkohandel i landet, enten det er direkte eller indirekte, sier hun.<\/p>\n<p>Det er imidlertid ikke bevis for at det eksisterer et organisert kartell som Maduro leder, legger hun til.<\/p>\n<p>          <img loading=\"lazy\" decoding=\"async\" src=\"https:\/\/www.europesays.com\/no\/wp-content\/uploads\/2025\/11\/83866268.webp\" width=\"980\" height=\"559\" title=\"Fredsprisvinner Maria Corina Machado har uttrykt st\u00f8tte til Donald Trump og dedikert fredsprisen til ham. Foto: Matias Delacroix \/ AP \/ NTB\" alt=\"\" class=\"\" style=\"--aspect-ratio-image: 1.75; \"\/><\/p>\n<p>\n          Fredsprisvinner Maria Corina Machado har uttrykt st\u00f8tte til Donald Trump og dedikert fredsprisen til ham. Foto: Matias Delacroix \/ AP \/ NTB\n      <\/p>\n<p>\u2013 Det er laget en historie som har r\u00f8tter i virkeligheten, men som ogs\u00e5 forenkler bildet for \u00e5 rettferdiggj\u00f8re amerikansk involvering.<\/p>\n<p>Myndighetene i Washington sier den milit\u00e6re oppbyggingen er n\u00f8dvendig for \u00e5 hindre narkotikasmugling til USA.<\/p>\n<p>    <a itemprop=\"url\" href=\"https:\/\/sol.no\/nyheter\/trump-apner-for-a-angripe-mal-i-mexico\/83865978\" rel=\"nofollow noopener\" target=\"_blank\"><\/p>\n<p>      <img loading=\"lazy\" decoding=\"async\" src=\"https:\/\/www.europesays.com\/no\/wp-content\/uploads\/2025\/11\/83865983.webp\" width=\"980\" height=\"441\" title=\"Trump \u00e5pner for \u00e5 angripe m\u00e5l i Mexico\" alt=\"\" class=\"lazyload\" style=\"--aspect-ratio-image: 2.22; \"\/><\/p>\n<p>        Trump \u00e5pner for \u00e5 angripe m\u00e5l i Mexico<\/p>\n<p>sol.no<\/p>\n<p>    <\/a><\/p>\n<p>Mener Machado egger p\u00e5\t<\/p>\n<p>Den venezuelanske opposisjonslederen Maria Corina Machado ble i oktober tildelt Nobels fredspris, som hun dedikerte til Trump. Noen dager senere uttalte hun at Venezuela trenger Trumps lederskap, og hyllet den amerikanske presidenten.<\/p>\n<p>Prisen skal etter planen overrekkes i Norge i desember. Det kan imidlertid bli vanskelig \u00e5 gjennomf\u00f8re ettersom Machado lever i skjul i Venezuela av frykt for Maduro-regimet. Nobelkomiteens leder J\u00f8rgen Watne Frydnes sa til\u00a0<a href=\"https:\/\/www.nrk.no\/urix\/nobelkomiteen-om-fredsprisvinner-maria-corina-machado_-_-hun-er-tydelig-pa-at-hun-kommer-1.17651631\" target=\"_blank\" rel=\"nofollow noopener\">NRK\u00a0<\/a>p\u00e5 fredag at Machado kommer \u2013 om hun kan.<\/p>\n<p>If\u00f8lge Bull er det \u00e5penbart at Machado bidrar til \u00e5 egge p\u00e5 et potensielt amerikansk angrep.<\/p>\n<p>\u2013 Det er mye debatt om det, men etter min mening er det ingen tvil.<\/p>\n<p>    <a itemprop=\"url\" href=\"https:\/\/sol.no\/nyheter\/kan-koste-over-22-millioner-liv\/83865247\" rel=\"nofollow noopener\" target=\"_blank\"><\/p>\n<p>      <img loading=\"lazy\" decoding=\"async\" src=\"https:\/\/www.europesays.com\/no\/wp-content\/uploads\/2025\/11\/83865256.webp\" width=\"980\" height=\"441\" title=\"Kan koste over 22 millioner liv\" alt=\"\" class=\"lazyload\" style=\"--aspect-ratio-image: 2.22; \"\/><\/p>\n<p>        Kan koste over 22 millioner liv<\/p>\n<p>sol.no<\/p>\n<p>    <\/a><\/p>\n<p>Machado har ikke direkte uttrykt at hun \u00f8nsker en amerikansk invasjon.<\/p>\n<p>\u2013 Men hun har p\u00e5 mange m\u00e5ter formidlet at Venezuela er en trussel mot USAs sikkerhet, og at Maduro-regimet ikke vil falle uten utenlandsk intervensjon, sier Bull og legger til:<\/p>\n<p>\u2013 Det siste har hun nok rett i.<\/p>\n<p>Flere appellerende faktorer\t<\/p>\n<p>Bull mener det virker som det er en stor splittelse i Trump-regjeringen og i Maga-bevegelsen n\u00e5r det gjelder hvorvidt de \u00f8nsker \u00e5 gjennomf\u00f8re et direkte angrep.<\/p>\n<p>\u2013 Jeg tror at Trump egentlig \u00f8nsker en skikkelig god avtale med Maduro som hadde gjort at man kan tillate flere amerikanske selskaper \u00e5 pumpe olje. N\u00e5 er det derimot en litt annen linje som har vunnet fram, sier hun.<\/p>\n<p>Det er utenriksminister Rubio som st\u00e5r i bresjen for et angrep p\u00e5 Venezuela, mener Bull. Det er ogs\u00e5 flere faktorer som kan gj\u00f8re et amerikansk angrep i Venezuela appellerende for USA n\u00e5.<\/p>\n<p>Blant annet viser Bull til en potensielt endret narkotikatrafikk og \u00f8kt lojalitet til USA i S\u00f8r-Amerika.<\/p>\n<p>    <a itemprop=\"url\" href=\"https:\/\/sol.no\/nyheter\/sas-og-norse-merker-vm-pagang\/83865407\" rel=\"nofollow noopener\" target=\"_blank\"><\/p>\n<p>      <img loading=\"lazy\" decoding=\"async\" src=\"https:\/\/www.europesays.com\/no\/wp-content\/uploads\/2025\/11\/83865413.webp\" width=\"980\" height=\"441\" title=\"SAS og Norse merker VM-p\u00e5gang\" alt=\"\" class=\"lazyload\" style=\"--aspect-ratio-image: 2.22; \"\/><\/p>\n<p>        SAS og Norse merker VM-p\u00e5gang<\/p>\n<p>sol.no<\/p>\n<p>    <\/a><\/p>\n<p>\u2013 Det sp\u00f8rs nok litt hvem man sp\u00f8r innad i Trump-regjeringen. For Rubio er nok dette ganske ideologisk. Et regimeskifte i Venezuela anses for ham som et skritt n\u00e6rmere \u00e5 knekke regimet p\u00e5 Cuba.<\/p>\n<p>\u00d8kt st\u00f8tte\t<\/p>\n<p>\u2013 Det er mye av det Trump har sagt i l\u00f8pet av helgen som tyder p\u00e5 at det kommer et angrep, men det er nok fremdeles litt usikkert hva slags type angrep man \u00f8nsker, sier Bull.<\/p>\n<p>I starten trodde man at amerikanerne skulle bygge opp styrker for \u00e5 presse milit\u00e6ret i Venezuela til \u00e5 beg\u00e5 et kupp, eller Maduro til \u00e5 trekke seg p\u00e5 eget initiativ. Det har imidlertid ikke skjedd.<\/p>\n<p>\u2013 Det har nok \u00f8kt st\u00f8tten til et direkte angrep. Men vi har ikke sett noen plan for hvordan et eventuelt angrep skal f\u00f8re til regimefall, sier Bull.<\/p>\n","protected":false},"excerpt":{"rendered":"USA bygger opp milit\u00e6r styrke i Karibia i et omfang ikke sett siden Cubakrisen. Mulighetene for angrep tiltar,&hellip;\n","protected":false},"author":2,"featured_media":90394,"comment_status":"","ping_status":"","sticky":false,"template":"","format":"standard","meta":{"footnotes":""},"categories":[12],"tags":[20,21,24,25,15,22,23,13,30,28,29,14,16,26,27,42,43,44,45],"class_list":{"0":"post-90393","1":"post","2":"type-post","3":"status-publish","4":"format-standard","5":"has-post-thumbnail","7":"category-verden","8":"tag-breaking-news","9":"tag-breakingnews","10":"tag-featured-news","11":"tag-featurednews","12":"tag-headlines","13":"tag-latest-news","14":"tag-latestnews","15":"tag-news","16":"tag-no","17":"tag-norge","18":"tag-norway","19":"tag-nyheter","20":"tag-overskrifter","21":"tag-top-stories","22":"tag-topstories","23":"tag-verden","24":"tag-world","25":"tag-world-news","26":"tag-worldnews"},"share_on_mastodon":{"url":"https:\/\/pubeurope.com\/@no\/115572541319781828","error":""},"_links":{"self":[{"href":"https:\/\/www.europesays.com\/no\/wp-json\/wp\/v2\/posts\/90393","targetHints":{"allow":["GET"]}}],"collection":[{"href":"https:\/\/www.europesays.com\/no\/wp-json\/wp\/v2\/posts"}],"about":[{"href":"https:\/\/www.europesays.com\/no\/wp-json\/wp\/v2\/types\/post"}],"author":[{"embeddable":true,"href":"https:\/\/www.europesays.com\/no\/wp-json\/wp\/v2\/users\/2"}],"replies":[{"embeddable":true,"href":"https:\/\/www.europesays.com\/no\/wp-json\/wp\/v2\/comments?post=90393"}],"version-history":[{"count":0,"href":"https:\/\/www.europesays.com\/no\/wp-json\/wp\/v2\/posts\/90393\/revisions"}],"wp:featuredmedia":[{"embeddable":true,"href":"https:\/\/www.europesays.com\/no\/wp-json\/wp\/v2\/media\/90394"}],"wp:attachment":[{"href":"https:\/\/www.europesays.com\/no\/wp-json\/wp\/v2\/media?parent=90393"}],"wp:term":[{"taxonomy":"category","embeddable":true,"href":"https:\/\/www.europesays.com\/no\/wp-json\/wp\/v2\/categories?post=90393"},{"taxonomy":"post_tag","embeddable":true,"href":"https:\/\/www.europesays.com\/no\/wp-json\/wp\/v2\/tags?post=90393"}],"curies":[{"name":"wp","href":"https:\/\/api.w.org\/{rel}","templated":true}]}}