{"id":90395,"date":"2025-11-18T20:16:21","date_gmt":"2025-11-18T20:16:21","guid":{"rendered":"https:\/\/www.europesays.com\/no\/90395\/"},"modified":"2025-11-18T20:16:21","modified_gmt":"2025-11-18T20:16:21","slug":"trafikk-veg-og-fore-kaos-i-sor-slik-er-foreforholdene-i-namdalen-mer-enn-nok-a-folge-med-pa","status":"publish","type":"post","link":"https:\/\/www.europesays.com\/no\/90395\/","title":{"rendered":"Trafikk, Veg og f\u00f8re | Kaos i s\u00f8r \u2013 slik er f\u00f8reforholdene i Namdalen: \u2013 Mer enn nok \u00e5 f\u00f8lge med p\u00e5"},"content":{"rendered":"\n<p><b>NAMDALEN: <\/b>Selv om det har kommet meldinger om glatt f\u00f8re i Namdalen i dag, er det lenger s\u00f8r i Tr\u00f8ndelag at vinteren virkelig har sl\u00e5tt til med full kraft. <\/p>\n<p>Vegtrafikksentralen (VTS) advarer om krevende kj\u00f8reforhold, spesielt i de s\u00f8rlige delene av fylket, etter en dag preget av flere ulykker og utforkj\u00f8ringer.<\/p>\n<p>Trafikkoperat\u00f8r Hans Petter Riddervold H\u00e5rsv\u00e6r ved Vegtrafikksentralen bekrefter at de har mottatt henvendelser fra Namdals-regionen.<\/p>\n<p>\u2013 Vi har hatt litt telefoner fra Namdalen i l\u00f8pet av dagen, de har g\u00e5tt p\u00e5 meldinger om glatt f\u00f8re, sier H\u00e5rsv\u00e6r.<\/p>\n<p>Han understreker imidlertid at Namdalen ikke skiller seg spesielt ut i ettermiddag sammenliknet med andre omr\u00e5der i Tr\u00f8ndelag.<\/p>\n<p>Situasjonen er en helt annen lenger s\u00f8r. Her har Vegtrafikksentralen hatt en langt mer hektisk dag med mange hendelser.<\/p>\n<p>\u2013 Lenger s\u00f8r derimot har vi hatt mer enn nok \u00e5 f\u00f8lge med p\u00e5. Det er mange telefoner og henvendelser i ytre Tr\u00f8ndelag, forteller H\u00e5rsv\u00e6r.<\/p>\n<p>Meldingene g\u00e5r p\u00e5 mye sn\u00f8 og sv\u00e6rt glatte veger rundt Trondheims-omr\u00e5det, Hitra\/Fr\u00f8ya, Orkland-omr\u00e5det og inn mot M\u00f8re. <\/p>\n<p>Dette kommer etter en dag der flere ulykker og utforkj\u00f8ringer har preget vegene, spesielt i de s\u00f8rlige delene av Tr\u00f8ndelag, og som bakteppet for denne advarselen.<\/p>\n<p>Med sn\u00f8 og kuldegrader i store deler av Tr\u00f8ndelag, oppfordrer Vegtrafikksentralen alle bilister til \u00e5 v\u00e6re ekstra oppmerksomme utover kvelden og natta.<\/p>\n<ul>\n<li>Tilpass farta etter forholdene<\/li>\n<li>Hold god avstand til bilen foran.<\/li>\n<li>S\u00f8rg for \u00e5 ha riktige dekk. <\/li>\n<\/ul>\n<p>F\u00f8reforholdene kan endre seg raskt, spesielt der det ligger nysn\u00f8 eller det har v\u00e6rt mildv\u00e6r etterfulgt av frost, er r\u00e5det.<\/p>\n","protected":false},"excerpt":{"rendered":"NAMDALEN: Selv om det har kommet meldinger om glatt f\u00f8re i Namdalen i dag, er det lenger s\u00f8r&hellip;\n","protected":false},"author":2,"featured_media":90396,"comment_status":"","ping_status":"","sticky":false,"template":"","format":"standard","meta":{"footnotes":""},"categories":[10],"tags":[36,20,21,24,25,15,22,23,13,30,28,29,14,16,1510,26,27,224,11856,11446],"class_list":{"0":"post-90395","1":"post","2":"type-post","3":"status-publish","4":"format-standard","5":"has-post-thumbnail","7":"category-norge","8":"tag-art","9":"tag-breaking-news","10":"tag-breakingnews","11":"tag-featured-news","12":"tag-featurednews","13":"tag-headlines","14":"tag-latest-news","15":"tag-latestnews","16":"tag-news","17":"tag-no","18":"tag-norge","19":"tag-norway","20":"tag-nyheter","21":"tag-overskrifter","22":"tag-story","23":"tag-top-stories","24":"tag-topstories","25":"tag-trafikk","26":"tag-veg-og-fore","27":"tag-vegtrafikksentralen-midt"},"share_on_mastodon":{"url":"https:\/\/pubeurope.com\/@no\/115572544867581747","error":""},"_links":{"self":[{"href":"https:\/\/www.europesays.com\/no\/wp-json\/wp\/v2\/posts\/90395","targetHints":{"allow":["GET"]}}],"collection":[{"href":"https:\/\/www.europesays.com\/no\/wp-json\/wp\/v2\/posts"}],"about":[{"href":"https:\/\/www.europesays.com\/no\/wp-json\/wp\/v2\/types\/post"}],"author":[{"embeddable":true,"href":"https:\/\/www.europesays.com\/no\/wp-json\/wp\/v2\/users\/2"}],"replies":[{"embeddable":true,"href":"https:\/\/www.europesays.com\/no\/wp-json\/wp\/v2\/comments?post=90395"}],"version-history":[{"count":0,"href":"https:\/\/www.europesays.com\/no\/wp-json\/wp\/v2\/posts\/90395\/revisions"}],"wp:featuredmedia":[{"embeddable":true,"href":"https:\/\/www.europesays.com\/no\/wp-json\/wp\/v2\/media\/90396"}],"wp:attachment":[{"href":"https:\/\/www.europesays.com\/no\/wp-json\/wp\/v2\/media?parent=90395"}],"wp:term":[{"taxonomy":"category","embeddable":true,"href":"https:\/\/www.europesays.com\/no\/wp-json\/wp\/v2\/categories?post=90395"},{"taxonomy":"post_tag","embeddable":true,"href":"https:\/\/www.europesays.com\/no\/wp-json\/wp\/v2\/tags?post=90395"}],"curies":[{"name":"wp","href":"https:\/\/api.w.org\/{rel}","templated":true}]}}