{"id":90399,"date":"2025-11-18T20:19:10","date_gmt":"2025-11-18T20:19:10","guid":{"rendered":"https:\/\/www.europesays.com\/no\/90399\/"},"modified":"2025-11-18T20:19:10","modified_gmt":"2025-11-18T20:19:10","slug":"love-island-profil-lexy-thornberry-har-fatt-kreft","status":"publish","type":"post","link":"https:\/\/www.europesays.com\/no\/90399\/","title":{"rendered":"Love Island-profil Lexy Thornberry har f\u00e5tt kreft"},"content":{"rendered":"<p class=\"kicker \" style=\"\">TV-profilens tunge beskjed:<\/p>\n<p>  &#8211; Det var ingenting jeg kunne gjort for \u00e5 forhindre dette, skriver 24-\u00e5ringen i et hjerteskj\u00e6rende innlegg.\u00a0<\/p>\n<p>\n    NEDSL\u00c5ENDE BESKJED: Den 24 \u00e5r gamle TV-profilen er rammet av kreftsykdom. Foto: Skjermbilde: @lextythornberry \/ Instagram\n  <\/p>\n<p>TV-profil Lexy Thornberry (24), kjent fra \u00abLove Island Australia\u00bb, deler en t\u00f8ff beskjed med sine 64 000 f\u00f8lgere p\u00e5 Instagram.\u00a0<\/p>\n<p>    <a itemprop=\"url\" href=\"https:\/\/www.seher.no\/kjendis\/avslorer-kreftkamp\/83861541\" rel=\"nofollow noopener\" target=\"_blank\"><\/p>\n<p>      <img loading=\"lazy\" decoding=\"async\" src=\"https:\/\/www.europesays.com\/no\/wp-content\/uploads\/2025\/11\/1763497148_685_83862951.webp\" width=\"980\" height=\"441\" title=\"Avsl\u00f8rer kreftkamp\" alt=\"\" class=\"lazyload\" style=\"--aspect-ratio-image: 2.22; \"\/><\/p>\n<p>        Avsl\u00f8rer kreftkamp<\/p>\n<p>    <\/a><\/p>\n<p>I Instagram-innlegget, publisert 17. november, avsl\u00f8rer TV-profilen at hun har f\u00e5tt kreft. <a href=\"https:\/\/www.eonline.com\/news\/1425186\/lexy-thornberry-of-love-island-australia-shares-cancer-diagnosis\" rel=\"nofollow noopener\" target=\"_blank\">E! News<\/a> er blant mediene som omtaler saken.\u00a0<\/p>\n<p class=\"font-weight-bold m-font-weight-bold\" data-lab-font_weight=\"font-weight-bold\">\u00abJeg er 24 \u00e5r gammel, og jeg har f\u00e5tt kreft\u00bb, skriver hun i innlegget.<\/p>\n<p>Til innlegget har Lexy lagt ved flere bilder fra sykehuset, blant annet et bilde av seg selv i sykehuskjole.<\/p>\n<p>\u00abNei, dessverre, jeg tuller ikke. P\u00e5 det andre bildet jeg la ut kunne jeg ikke slutte \u00e5 le av at de ga meg en sykehuskjole til r\u00f8ntgenunders\u00f8kelsen. Jeg syntes det var s\u00e5 dramatisk. Noen dager senere fikk jeg vite at jeg har kreft i hodet og nakken\u00bb, fortsetter hun.<\/p>\n<p>          <img loading=\"lazy\" decoding=\"async\" src=\"https:\/\/www.europesays.com\/no\/wp-content\/uploads\/2025\/11\/83870893.webp\" width=\"686\" height=\"762\" title=\"INGEN ANELSE: P\u00e5 dette bildet hadde \u00abLove Island\u00bb-stjernen ingen anelse om at hun var kreftsyk. Den t\u00f8ffe beskjeden kom et par dager senere. Foto: Skjermbilde: @lextythornberry \/ Instagram\" alt=\"\" class=\"\" style=\"--aspect-ratio-image: 0.90; \"\/><\/p>\n<p>\n          INGEN ANELSE: P\u00e5 dette bildet hadde \u00abLove Island\u00bb-stjernen ingen anelse om at hun var kreftsyk. Den t\u00f8ffe beskjeden kom et par dager senere. Foto: Skjermbilde: @lextythornberry \/ Instagram\n      <\/p>\n<p>Har alltid v\u00e6rt frisk\t<\/p>\n<p>Lexy, som er pilates-instrukt\u00f8r til daglig, forteller at kreftdiagnosen kom som et sjokk. Hun har alltid v\u00e6rt en aktiv person og levd et sunt liv.<\/p>\n<p>        \u00c5RETS ROMANSE?: De to deltakerne forteller at de har f\u00e5tt en god tone i l\u00f8pet av deltakelsen i \u00abSkal vi danse\u00bb. Video: Nora Skavhaug\/Thea Hope\/R\u00f8d L\u00f8per<\/p>\n<p class=\"font-weight-bold m-font-weight-bold\" data-lab-font_weight=\"font-weight-bold\">\u00abJeg har alltid v\u00e6rt en sunn person, og har v\u00e6rt aktiv ut\u00f8ver hele livet. Jeg er pilates-instrukt\u00f8r og l\u00e6rer folk hvordan de kan leve et sunt liv. Jeg har ikke gjort noe galt, og det var ingenting jeg kunne gjort for \u00e5 forhindre dette. Det er bare uflaks\u00bb, skriver hun.\u00a0<\/p>\n<p>Til tross for den t\u00f8ffe beskjeden, er realitystjernen fast bestemt p\u00e5 \u00e5 kjempe mot sykdommen.<\/p>\n<p>          <img loading=\"lazy\" decoding=\"async\" src=\"https:\/\/www.europesays.com\/no\/wp-content\/uploads\/2025\/11\/83870895.webp\" width=\"686\" height=\"755\" title=\"KAMPKLAR: Lexy er klar for \u00e5 kjempe med nebb og kl\u00f8r mot kreftsykdommen. Foto: Skjermbilde: @lextythornberry \/ Instagram\" alt=\"\" class=\"\" style=\"--aspect-ratio-image: 0.91; \"\/><\/p>\n<p>\n          KAMPKLAR: Lexy er klar for \u00e5 kjempe med nebb og kl\u00f8r mot kreftsykdommen. Foto: Skjermbilde: @lextythornberry \/ Instagram\n      <\/p>\n<p>I innlegget deler hun ogs\u00e5 en video av seg selv der hun viser frem h\u00e5ret sitt f\u00f8r hun starter cellegiftbehandling.<\/p>\n<p>&#8211; Dette er h\u00e5ret mitt, det er det sunneste det noensinne har v\u00e6rt. Det er s\u00e5 pent og jeg har aldri satt pris p\u00e5 det. La oss se hvordan det overlever, sier 24-\u00e5ringen i videoen.<\/p>\n<p>          <img loading=\"lazy\" decoding=\"async\" src=\"https:\/\/www.europesays.com\/no\/wp-content\/uploads\/2025\/11\/83870929.webp\" width=\"686\" height=\"988\" title=\"- S\u00c5 VAKKERT: TV-profilen innr\u00f8mmer at det er trist at hun aldri har satt pris p\u00e5 h\u00e5ret sitt n\u00e5 som hun skal gjennomf\u00f8re cellegiftbehandling. Foto: Skjermbilde: @lextythornberry \/ Instagram\" alt=\"\" class=\"\" style=\"--aspect-ratio-image: 0.69; \"\/><\/p>\n<p>\n          &#8211; S\u00c5 VAKKERT: TV-profilen innr\u00f8mmer at det er trist at hun aldri har satt pris p\u00e5 h\u00e5ret sitt n\u00e5 som hun skal gjennomf\u00f8re cellegiftbehandling. Foto: Skjermbilde: @lextythornberry \/ Instagram\n      <\/p>\n<p>Ber om respekt for privatlivet\t<\/p>\n<p>Lexy, som er forlovet med den profesjonelle bokseren David Nyika, ber om at folk respekterer privatlivet hennes i denne vanskelige tiden.<\/p>\n<p>\u00abDette er alt jeg er villig til \u00e5 dele akkurat n\u00e5, og jeg ber alle om \u00e5 holde sp\u00f8rsm\u00e5lene sine for seg selv\u00bb, skriver hun.\u00a0<\/p>\n<p>          <img loading=\"lazy\" decoding=\"async\" src=\"https:\/\/www.europesays.com\/no\/wp-content\/uploads\/2025\/11\/83870906.webp\" width=\"686\" height=\"865\" title=\"FORLOVET: I januar kom nyheten om at David og Lexy hadde forlovet seg. Frieriet fant sted under en solnedgang i Mexico. Foto: Skjermbilde: @lextythornberry \/ Instagram\" alt=\"\" class=\"\" style=\"--aspect-ratio-image: 0.79; \"\/><\/p>\n<p>\n          FORLOVET: I januar kom nyheten om at David og Lexy hadde forlovet seg. Frieriet fant sted under en solnedgang i Mexico. Foto: Skjermbilde: @lextythornberry \/ Instagram\n      <\/p>\n<p>I Instagram-innlegget legger hun ikke skjul p\u00e5 at de siste ukene har snudd opp ned p\u00e5 livet deres.\u00a0 Lexy deler at hun dagen hun fikk kreftdiagnosen ba forloveden om \u00e5 love at han skulle fortsette \u00e5 bokse, og at kreften ikke skulle ta over livene deres.<\/p>\n<p>    <a itemprop=\"url\" href=\"https:\/\/www.seher.no\/kjendis\/roper-sa-mye-smerter\/83867169\" rel=\"nofollow noopener\" target=\"_blank\"><\/p>\n<p>      <img loading=\"lazy\" decoding=\"async\" src=\"https:\/\/www.europesays.com\/no\/wp-content\/uploads\/2025\/11\/83867408.webp\" width=\"980\" height=\"441\" title=\"R\u00f8per: - S\u00e5 mye smerter\" alt=\"\" class=\"lazyload\" style=\"--aspect-ratio-image: 2.22; \"\/><\/p>\n<p>        R\u00f8per: &#8211; S\u00e5 mye smerter<\/p>\n<p>    <\/a><\/p>\n<p>\u00abDave skal bokse 13. desember og jeg er s\u00e5 stolt av ham. Han vil kjempe for meg, og jeg vil kjempe rett ved hans side\u00bb, skriver hun avslutningsvis.\u00a0<\/p>\n<p>          <img loading=\"lazy\" decoding=\"async\" src=\"https:\/\/www.europesays.com\/no\/wp-content\/uploads\/2025\/11\/83870910.webp\" width=\"686\" height=\"913\" title=\"MOTIVERENDE ORD: Lexy viser en av post-it-lappene hun har hengt p\u00e5 speilet sitt. \u00abJeg skal bekjempe kreften i 2026 og gifte meg med Dave i 2026\u00bb, skriver hun. Datoen for n\u00e5r bryllupet er, har hun derimot valgt \u00e5 skjule. Foto: Skjermbilde: @lextythornberry \/ Instagram\" alt=\"\" class=\"\" style=\"--aspect-ratio-image: 0.75; \"\/><\/p>\n<p>\n          MOTIVERENDE ORD: Lexy viser en av post-it-lappene hun har hengt p\u00e5 speilet sitt. \u00abJeg skal bekjempe kreften i 2026 og gifte meg med Dave i 2026\u00bb, skriver hun. Datoen for n\u00e5r bryllupet er, har hun derimot valgt \u00e5 skjule. Foto: Skjermbilde: @lextythornberry \/ Instagram\n      <\/p>\n<p>Etter at TV-profilen delte kreftnyheten p\u00e5 Instagram har hun f\u00e5tt en str\u00f8m av st\u00f8ttende meldinger fra b\u00e5de fans og venner.<\/p>\n<p>Lexy ble kjent da hun deltok i den australske versjonen av \u00abLove Island\u00bb i 2021. Siden den gang har hun bygget opp en karriere som pilatesinstrukt\u00f8r og influenser med sine over 64 000 f\u00f8lgere.\u00a0<\/p>\n","protected":false},"excerpt":{"rendered":"TV-profilens tunge beskjed: &#8211; Det var ingenting jeg kunne gjort for \u00e5 forhindre dette, skriver 24-\u00e5ringen i et&hellip;\n","protected":false},"author":2,"featured_media":90400,"comment_status":"","ping_status":"","sticky":false,"template":"","format":"standard","meta":{"footnotes":""},"categories":[58],"tags":[4104,71,479,1401,11857,4466,30,28,29,72],"class_list":{"0":"post-90399","1":"post","2":"type-post","3":"status-publish","4":"format-standard","5":"has-post-thumbnail","7":"category-underholdning","8":"tag-eksklusivt","9":"tag-entertainment","10":"tag-kjendis","11":"tag-kreft","12":"tag-lexy-thornberry","13":"tag-love-island","14":"tag-no","15":"tag-norge","16":"tag-norway","17":"tag-underholdning"},"share_on_mastodon":{"url":"https:\/\/pubeurope.com\/@no\/115572557177438482","error":""},"_links":{"self":[{"href":"https:\/\/www.europesays.com\/no\/wp-json\/wp\/v2\/posts\/90399","targetHints":{"allow":["GET"]}}],"collection":[{"href":"https:\/\/www.europesays.com\/no\/wp-json\/wp\/v2\/posts"}],"about":[{"href":"https:\/\/www.europesays.com\/no\/wp-json\/wp\/v2\/types\/post"}],"author":[{"embeddable":true,"href":"https:\/\/www.europesays.com\/no\/wp-json\/wp\/v2\/users\/2"}],"replies":[{"embeddable":true,"href":"https:\/\/www.europesays.com\/no\/wp-json\/wp\/v2\/comments?post=90399"}],"version-history":[{"count":0,"href":"https:\/\/www.europesays.com\/no\/wp-json\/wp\/v2\/posts\/90399\/revisions"}],"wp:featuredmedia":[{"embeddable":true,"href":"https:\/\/www.europesays.com\/no\/wp-json\/wp\/v2\/media\/90400"}],"wp:attachment":[{"href":"https:\/\/www.europesays.com\/no\/wp-json\/wp\/v2\/media?parent=90399"}],"wp:term":[{"taxonomy":"category","embeddable":true,"href":"https:\/\/www.europesays.com\/no\/wp-json\/wp\/v2\/categories?post=90399"},{"taxonomy":"post_tag","embeddable":true,"href":"https:\/\/www.europesays.com\/no\/wp-json\/wp\/v2\/tags?post=90399"}],"curies":[{"name":"wp","href":"https:\/\/api.w.org\/{rel}","templated":true}]}}