{"id":90414,"date":"2025-11-18T20:32:15","date_gmt":"2025-11-18T20:32:15","guid":{"rendered":"https:\/\/www.europesays.com\/no\/90414\/"},"modified":"2025-11-18T20:32:15","modified_gmt":"2025-11-18T20:32:15","slug":"etterlyst-norsk-narkoforbryter-arrestert-pa-gran-canaria","status":"publish","type":"post","link":"https:\/\/www.europesays.com\/no\/90414\/","title":{"rendered":"Etterlyst norsk narkoforbryter arrestert p\u00e5 Gran Canaria"},"content":{"rendered":"<p>Norsk og spansk politi har samarbeidet i fem uker for \u00e5 finne den etterlyste nordmannen.<\/p>\n<p>Han ble arrestert i en bolig han leide i Mog\u00e1n kommune 12. november, kunngj\u00f8r spansk nasjonalpoliti i dag, tirsdag.<\/p>\n<p><strong>D\u00f8mt til ti \u00e5rs fengsel<\/strong><\/p>\n<p>Mannen er d\u00f8mt i Norge til ti \u00e5rs fengsel for smugling av store mengder kokain, MDMA og hasj sj\u00f8veien.<\/p>\n<p>En europeisk arrestordre ble utstedt p\u00e5 nordmannen i 2021.<\/p>\n<p>Saken er en del av operasjon &laquo;Fugitivos 2025 OEDE&raquo;.<\/p>\n<p>Norsk politi ba 1. oktober det spanske nasjonalpolitiet i Las Palmas om et samarbeid for \u00e5 finne mannen.<\/p>\n<p>Under den fem uker lange etterforskningen p\u00e5 Gran Canaria ble det gjort grundige unders\u00f8kelser av databaser, diskret overv\u00e5king, og konsultasjoner med kilder p\u00e5 gata.<\/p>\n<p><strong>Gjemte seg blant turister<\/strong><\/p>\n<p>Nordmannen etablerte en base s\u00f8r p\u00e5 Gran Canaria, der han kunne gjemme seg blant de mange nordiske turister, opplyser politiet.<\/p>\n<p>Han reiste med falske dokumenter, unngikk \u00e5 bli registrert i offisielle arkiver, og knyttet til seg et nettverk med kontakter som forsynte ham med penger i kontanter og via overf\u00f8ringer for at han ikke skulle kunne spores opp.<\/p>\n<p>Nordmannen ble 13. november fremstilt for en domstol som skal s\u00f8rge for at han blir utlevert til norske myndigheter.<\/p>\n<blockquote class=\"wp-block-quote\">\n<p>Bli privatsponsor du ogs\u00e5! Canariajournalen har valgt \u00e5 ha alt innhold utenfor betalingsmurer, og finansierer driften med annonser og privatsponsorer, uten abonnement eller pressest\u00f8tte. Det koster \u00e5 drive kvalitetsjournalistikk, og du kan hjelpe oss til \u00e5 bli enda bedre: Bli sponsor, Vipps eller Swish en valgfri slant med penger:\u00a0Vipps: 95 74 94 69. Swish: 070 2314 263. P\u00e5 forh\u00e5nd takk for din st\u00f8tte!<\/p>\n<\/blockquote>\n","protected":false},"excerpt":{"rendered":"Norsk og spansk politi har samarbeidet i fem uker for \u00e5 finne den etterlyste nordmannen. Han ble arrestert&hellip;\n","protected":false},"author":2,"featured_media":90415,"comment_status":"","ping_status":"","sticky":false,"template":"","format":"standard","meta":{"footnotes":""},"categories":[5],"tags":[20,21,24,25,15,19,5600,148,22,23,17,18,13,30,28,29,14,16,26,27],"class_list":{"0":"post-90414","1":"post","2":"type-post","3":"status-publish","4":"format-standard","5":"has-post-thumbnail","7":"category-overskrifter","8":"tag-breaking-news","9":"tag-breakingnews","10":"tag-featured-news","11":"tag-featurednews","12":"tag-headlines","13":"tag-hovedoppslag","14":"tag-kanarioyene","15":"tag-kriminalitet","16":"tag-latest-news","17":"tag-latestnews","18":"tag-main-news","19":"tag-mainnews","20":"tag-news","21":"tag-no","22":"tag-norge","23":"tag-norway","24":"tag-nyheter","25":"tag-overskrifter","26":"tag-top-stories","27":"tag-topstories"},"share_on_mastodon":{"url":"https:\/\/pubeurope.com\/@no\/115572607830335617","error":""},"_links":{"self":[{"href":"https:\/\/www.europesays.com\/no\/wp-json\/wp\/v2\/posts\/90414","targetHints":{"allow":["GET"]}}],"collection":[{"href":"https:\/\/www.europesays.com\/no\/wp-json\/wp\/v2\/posts"}],"about":[{"href":"https:\/\/www.europesays.com\/no\/wp-json\/wp\/v2\/types\/post"}],"author":[{"embeddable":true,"href":"https:\/\/www.europesays.com\/no\/wp-json\/wp\/v2\/users\/2"}],"replies":[{"embeddable":true,"href":"https:\/\/www.europesays.com\/no\/wp-json\/wp\/v2\/comments?post=90414"}],"version-history":[{"count":0,"href":"https:\/\/www.europesays.com\/no\/wp-json\/wp\/v2\/posts\/90414\/revisions"}],"wp:featuredmedia":[{"embeddable":true,"href":"https:\/\/www.europesays.com\/no\/wp-json\/wp\/v2\/media\/90415"}],"wp:attachment":[{"href":"https:\/\/www.europesays.com\/no\/wp-json\/wp\/v2\/media?parent=90414"}],"wp:term":[{"taxonomy":"category","embeddable":true,"href":"https:\/\/www.europesays.com\/no\/wp-json\/wp\/v2\/categories?post=90414"},{"taxonomy":"post_tag","embeddable":true,"href":"https:\/\/www.europesays.com\/no\/wp-json\/wp\/v2\/tags?post=90414"}],"curies":[{"name":"wp","href":"https:\/\/api.w.org\/{rel}","templated":true}]}}