{"id":90427,"date":"2025-11-18T20:47:09","date_gmt":"2025-11-18T20:47:09","guid":{"rendered":"https:\/\/www.europesays.com\/no\/90427\/"},"modified":"2025-11-18T20:47:09","modified_gmt":"2025-11-18T20:47:09","slug":"elleve-drept-i-israelsk-angrep-mot-palestinsk-flyktningleir","status":"publish","type":"post","link":"https:\/\/www.europesays.com\/no\/90427\/","title":{"rendered":"Elleve drept i israelsk angrep mot pales\u00adtinsk flyktning\u00adleir"},"content":{"rendered":"\n<p class=\"_lead_o9xde_2 _lead_xtcu6_50 layout-component text-serif-m layout-normal text-serif-l layout-component layout-wide layout-padded _wide_17hqh_1 layout-padded\">Elleve mennesker er drept og fire er s\u00e5ret i et israelsk droneangrep mot flyktningleiren Ein el-Hilweh i S\u00f8r-Libanon, if\u00f8lge Libanons helsedepartement.<\/p>\n<ul aria-hidden=\"true\" class=\"_images_18f0k_111\">\n<li><a class=\"_link_18f0k_116\" href=\"https:\/\/www.vg.no\/forfatter\/ntb\" style=\"z-index:1\" title=\"NTB\" rel=\"nofollow noopener\" target=\"_blank\"><img alt=\"Bilde av NTB\" class=\"_image_18f0k_93\" fetchpriority=\"low\" loading=\"lazy\" decoding=\"async\" itemprop=\"image\"  src=\"https:\/\/www.europesays.com\/no\/wp-content\/uploads\/2025\/11\/1763498829_298_c33980b0-5d07-4027-84a1-813f90a7c8d6\"  width=\"480\"\/><\/a><\/li>\n<\/ul>\n<p> Oppdatert tirsdag 18. november kl. 21:35     <\/p>\n<p class=\"_paragraph_o9xde_4 _paragraph_xtcu6_10 layout-component text-serif-m layout-normal text-serif-m layout-padded\">If\u00f8lge departementet ble det benyttet droner i angrepet mot leiren, som ligger s\u00f8r for kystbyen Saida.<\/p>\n<p class=\"_paragraph_o9xde_4 _paragraph_xtcu6_10 layout-component text-serif-m layout-normal text-serif-m layout-padded\">Den israelske h\u00e6ren bekrefter \u00e5 ha gjennomf\u00f8rt et angrep og sier at det var rettet mot en \u00abmilit\u00e6rforlegning\u00bb der Hamas-medlemmer trente \u00abfor \u00e5 planlegge og gjennomf\u00f8re terroristangrep mot israelske soldater og den israelske stat\u00bb, if\u00f8lge\u00a0<a href=\"https:\/\/www.timesofisrael.com\/liveblog-november-18-2025\/\" class=\"_link_o9xde_39\" rel=\"nofollow noopener\" target=\"_blank\">The Times of Israel<\/a>.<\/p>\n<p class=\"_paragraph_o9xde_4 _paragraph_xtcu6_10 layout-component text-serif-m layout-normal text-serif-m layout-padded\">If\u00f8lge den israelske h\u00e6ren ble det benyttet \u00abpresisjonsammunisjon\u00bb for \u00e5 unng\u00e5 tap av sivile liv.<\/p>\n<p class=\"_paragraph_o9xde_4 _paragraph_xtcu6_10 layout-component text-serif-m layout-normal text-serif-m layout-padded\">If\u00f8lge det statlige libanesiske nyhetsbyr\u00e5et NNA var angrepet rettet mot en bil som befant seg n\u00e6r Khalid bin al-Walid-moskeen.<\/p>\n<p class=\"_paragraph_o9xde_4 _paragraph_xtcu6_10 layout-component text-serif-m layout-normal text-serif-m layout-padded\">If\u00f8lge nyhetsbyr\u00e5et ble ogs\u00e5 moskeen og en tilst\u00f8tende bygning deretter angrepet.<\/p>\n<p class=\"_paragraph_o9xde_4 _paragraph_xtcu6_10 layout-component text-serif-m layout-normal text-serif-m layout-padded\">Ein el-Hilweh er den st\u00f8rste palestinske flyktningleiren i Libanon og huser rundt 70.000 flyktninger.<\/p>\n","protected":false},"excerpt":{"rendered":"Elleve mennesker er drept og fire er s\u00e5ret i et israelsk droneangrep mot flyktningleiren Ein el-Hilweh i S\u00f8r-Libanon,&hellip;\n","protected":false},"author":2,"featured_media":90428,"comment_status":"","ping_status":"","sticky":false,"template":"","format":"standard","meta":{"footnotes":""},"categories":[12],"tags":[20,21,24,25,15,1243,22,23,13,30,28,29,14,16,26,27,42,43,44,45],"class_list":{"0":"post-90427","1":"post","2":"type-post","3":"status-publish","4":"format-standard","5":"has-post-thumbnail","7":"category-verden","8":"tag-breaking-news","9":"tag-breakingnews","10":"tag-featured-news","11":"tag-featurednews","12":"tag-headlines","13":"tag-israel-palestina","14":"tag-latest-news","15":"tag-latestnews","16":"tag-news","17":"tag-no","18":"tag-norge","19":"tag-norway","20":"tag-nyheter","21":"tag-overskrifter","22":"tag-top-stories","23":"tag-topstories","24":"tag-verden","25":"tag-world","26":"tag-world-news","27":"tag-worldnews"},"share_on_mastodon":{"url":"https:\/\/pubeurope.com\/@no\/115572667610204124","error":""},"_links":{"self":[{"href":"https:\/\/www.europesays.com\/no\/wp-json\/wp\/v2\/posts\/90427","targetHints":{"allow":["GET"]}}],"collection":[{"href":"https:\/\/www.europesays.com\/no\/wp-json\/wp\/v2\/posts"}],"about":[{"href":"https:\/\/www.europesays.com\/no\/wp-json\/wp\/v2\/types\/post"}],"author":[{"embeddable":true,"href":"https:\/\/www.europesays.com\/no\/wp-json\/wp\/v2\/users\/2"}],"replies":[{"embeddable":true,"href":"https:\/\/www.europesays.com\/no\/wp-json\/wp\/v2\/comments?post=90427"}],"version-history":[{"count":0,"href":"https:\/\/www.europesays.com\/no\/wp-json\/wp\/v2\/posts\/90427\/revisions"}],"wp:featuredmedia":[{"embeddable":true,"href":"https:\/\/www.europesays.com\/no\/wp-json\/wp\/v2\/media\/90428"}],"wp:attachment":[{"href":"https:\/\/www.europesays.com\/no\/wp-json\/wp\/v2\/media?parent=90427"}],"wp:term":[{"taxonomy":"category","embeddable":true,"href":"https:\/\/www.europesays.com\/no\/wp-json\/wp\/v2\/categories?post=90427"},{"taxonomy":"post_tag","embeddable":true,"href":"https:\/\/www.europesays.com\/no\/wp-json\/wp\/v2\/tags?post=90427"}],"curies":[{"name":"wp","href":"https:\/\/api.w.org\/{rel}","templated":true}]}}