{"id":90473,"date":"2025-11-18T21:59:31","date_gmt":"2025-11-18T21:59:31","guid":{"rendered":"https:\/\/www.europesays.com\/no\/90473\/"},"modified":"2025-11-18T21:59:31","modified_gmt":"2025-11-18T21:59:31","slug":"sintef-ocean-ma-kvitte-seg-med-forskere-teknikere-og-ledere","status":"publish","type":"post","link":"https:\/\/www.europesays.com\/no\/90473\/","title":{"rendered":"Sintef Ocean m\u00e5 kvitte seg med forskere, teknikere og ledere"},"content":{"rendered":"<p class=\"kicker t14 tm15 align-left mobile_text_align_align-left\" style=\"\">Nedbemanning<\/p>\n<p>    Usikre tider i sj\u00f8matn\u00e6ringen gj\u00f8r at Sintef Ocean m\u00e5 nedbemanne. Direkt\u00f8ren ettersp\u00f8r mer st\u00f8tte til samarbeidsprosjekter mellom universiteter, n\u00e6ringslivet og instituttsektoren.\u00a0<\/p>\n<p>\n        Sintef Ocean-direkt\u00f8r Vegar Johansen peker p\u00e5 usikre tider i sj\u00f8matn\u00e6ringen som noe av grunnen til at de n\u00e5 m\u00e5 nedbemanne.<br \/>\n        Thor Nielsen\n    <\/p>\n<p>\u2014 Vi er midt oppe i nedbemanningen n\u00e5, s\u00e5 vi vet ikke helt sikkert hvor mange som m\u00e5 g\u00e5. Det vi har sagt, er at det kan bli s\u00e5 mange som 14 ansatte, sier Vegar Johansen, administrerende direkt\u00f8r i Sintef Ocean AS.<\/p>\n<p>Datterselskapet i Sintef-konsernet driver med alt som flyter p\u00e5 og i havet, det v\u00e6re seg for eksempel fiske, havvind, sj\u00f8mat og maritim transport. De 399 ansatte dro i 2024 inn til sammen 664 millioner kroner i driftsinntekter og leverte et driftsresultat p\u00e5 3,6 millioner. \u00c5rsresultatet ble p\u00e5 13,4 millioner kroner.<\/p>\n<p>Nedbemanningen n\u00e5 skjer hovedsakelig innen den delen av virksomheten som er rettet mot sj\u00f8matsektoren, forteller direkt\u00f8ren. Det er der de har utfordringer med \u00e5 holde volumet p\u00e5 forskningsprosjekter. P\u00e5 andre omr\u00e5der er utsiktene bedre, if\u00f8lge Johansen.<\/p>\n<p>        <a itemprop=\"url\" class=\"\" href=\"https:\/\/www.khrono.no\/naeringslivet-langt-unna-bnp-malet-for-forskning-fra-082-til-089-prosent-pa-21-ar\/1009260\" data-k5a-url=\"https:\/\/www.khrono.no\/a\/1009260\" rel=\"nofollow noopener\" target=\"_blank\"><\/p>\n<p>\nForskning\n<\/p>\n<p>            N\u00e6ringslivet langt unna BNP-m\u00e5let for forskning<\/p>\n<p>        <\/a><\/p>\n<p>\u2014 Et paradoks<\/p>\n<p>Sj\u00f8matn\u00e6ringen har st\u00e5tt overfor en voldsom usikkerhet og kvotenedgang de siste \u00e5rene, noe som gj\u00f8r at de naturlig nok holder litt tilbake p\u00e5 investeringene i forskning.<\/p>\n<p>\u2014Sj\u00f8matn\u00e6ringen er et omr\u00e5de der Norge er i verdenstoppen med ressursgrunnlag, teknologi og innovasjonsmilj\u00f8er. Da er det et paradoks at alle de store forskningsakt\u00f8rene m\u00e5 ta ned \u00e5rsverk.\u00a0<\/p>\n<p>Havforskningsinstituttet varslet i v\u00e5r at de\u00a0<a href=\"https:\/\/www.khrono.no\/mot-ny-runde-med-sluttpakkar-for-havforskarane\/947103\" target=\"_blank\" rel=\"nofollow noopener\">p\u00e5 nytt vurderte sluttpakker<\/a>\u00a0etter at nedbemanningen i 2024 ikke hadde kommet i m\u00e5l, Nofima ga i september beskjed om at de\u00a0<a href=\"https:\/\/www.khrono.no\/nofima-nedbemanner-skal-kvitte-seg-med-hver-tiende-ansatt\/995407\" target=\"_blank\" rel=\"nofollow noopener\">m\u00e5 kvitte seg med hver tiende ansatt<\/a>, og Norce har nylig gitt beskjed om at de m\u00e5\u00a0<a href=\"https:\/\/www.khrono.no\/norce-skal-fjerne-30-prosent-av-administrasjonen\/1014643\" target=\"_blank\" rel=\"nofollow noopener\">kutte 80 \u00e5rsverk<\/a>.<\/p>\n<p>\u2014 Vi st\u00e5r i en tid med geopolitiske utfordringer der en sikker matforsyning er viktig. En ting er den nasjonale beredskapen, men p\u00e5 samme m\u00e5te som at vi skal v\u00e6re en stabil og p\u00e5litelig gassleverand\u00f8r til Europa, s\u00e5 m\u00e5 vi ogs\u00e5 v\u00e6re en stabil og p\u00e5litelig matleverand\u00f8r til Europa og resten av verden, sier Johansen.<\/p>\n<p>        <a itemprop=\"url\" class=\"\" href=\"https:\/\/www.khrono.no\/de-storste-henger-etter\/1013619\" data-k5a-url=\"https:\/\/www.khrono.no\/a\/1013619\" rel=\"nofollow noopener\" target=\"_blank\"><\/p>\n<p>\nDebatt \u25cf Bram Timmermanns\n<\/p>\n<p>            De st\u00f8rste henger etter<\/p>\n<p>        <\/a><\/p>\n<p>Kutter forskere<\/p>\n<p>For Sintef Ocean sin del har de i mange \u00e5r jobbet med l\u00f8nnsomheten, kuttet i direktekostnader og str\u00f8mlinjeformet organisasjonen. Ansatte sitter trangere, og det er kuttet i kantinetilbudet.<\/p>\n<p>\u2014 S\u00e5 n\u00e5 er det uunng\u00e5elig \u00e5 redusere antall forskere, ledere og teknikere, sier Johansen.<\/p>\n<p class=\"italic m-italic\" data-lab-italic=\"italic\">\u2014 Er det h\u00f8yere kostnader eller lavere inntekter som tar dere?<\/p>\n<p>\u2014 Det som egentlig tar oss, er at politikerne i realiteten har redusert tildelingene til forskningssamarbeid med n\u00e6ringslivet, noe som betyr at effekten av den totale forskningsinvesteringen blir lavere. Det igjen gj\u00f8r at vi i mindre grad kan utvikle konsepter og l\u00f8sninger for sj\u00f8matsektoren. De m\u00e5 gj\u00f8re innovasjonen lokalt uten bistand fra nasjonale forskningsmilj\u00f8er, noe som f\u00f8rer til mindre kunnskapsoverf\u00f8ring og d\u00e5rligere prosesser.\u00a0<\/p>\n<p>Han viser noe oppgitt til forslaget til statsbudsjett for 2025 som ble lagt fram i fjor h\u00f8st.<\/p>\n<p>\u2014 Der skrev regjeringen at to av tre samarbeidsprosjekter mellom n\u00e6ringsliv, forskningsinstitutter og universiteter som s\u00f8kte st\u00f8tte var st\u00f8tteverdige, men bare halvparten av disse fikk st\u00f8tte.\u00a0<\/p>\n<p>\u2014 Det er disse samarbeidene vi trenger. Det er formelen som virker i Norge, de \u00e5pne utlysningene er selve limet.<\/p>\n","protected":false},"excerpt":{"rendered":"Nedbemanning Usikre tider i sj\u00f8matn\u00e6ringen gj\u00f8r at Sintef Ocean m\u00e5 nedbemanne. Direkt\u00f8ren ettersp\u00f8r mer st\u00f8tte til samarbeidsprosjekter mellom&hellip;\n","protected":false},"author":2,"featured_media":90474,"comment_status":"","ping_status":"","sticky":false,"template":"","format":"standard","meta":{"footnotes":""},"categories":[56],"tags":[60,61,62,30,28,29],"class_list":{"0":"post-90473","1":"post","2":"type-post","3":"status-publish","4":"format-standard","5":"has-post-thumbnail","7":"category-naeringsliv","8":"tag-business","9":"tag-economy","10":"tag-naeringsliv","11":"tag-no","12":"tag-norge","13":"tag-norway"},"share_on_mastodon":{"url":"https:\/\/pubeurope.com\/@no\/115572949958750065","error":""},"_links":{"self":[{"href":"https:\/\/www.europesays.com\/no\/wp-json\/wp\/v2\/posts\/90473","targetHints":{"allow":["GET"]}}],"collection":[{"href":"https:\/\/www.europesays.com\/no\/wp-json\/wp\/v2\/posts"}],"about":[{"href":"https:\/\/www.europesays.com\/no\/wp-json\/wp\/v2\/types\/post"}],"author":[{"embeddable":true,"href":"https:\/\/www.europesays.com\/no\/wp-json\/wp\/v2\/users\/2"}],"replies":[{"embeddable":true,"href":"https:\/\/www.europesays.com\/no\/wp-json\/wp\/v2\/comments?post=90473"}],"version-history":[{"count":0,"href":"https:\/\/www.europesays.com\/no\/wp-json\/wp\/v2\/posts\/90473\/revisions"}],"wp:featuredmedia":[{"embeddable":true,"href":"https:\/\/www.europesays.com\/no\/wp-json\/wp\/v2\/media\/90474"}],"wp:attachment":[{"href":"https:\/\/www.europesays.com\/no\/wp-json\/wp\/v2\/media?parent=90473"}],"wp:term":[{"taxonomy":"category","embeddable":true,"href":"https:\/\/www.europesays.com\/no\/wp-json\/wp\/v2\/categories?post=90473"},{"taxonomy":"post_tag","embeddable":true,"href":"https:\/\/www.europesays.com\/no\/wp-json\/wp\/v2\/tags?post=90473"}],"curies":[{"name":"wp","href":"https:\/\/api.w.org\/{rel}","templated":true}]}}