{"id":90523,"date":"2025-11-18T23:43:10","date_gmt":"2025-11-18T23:43:10","guid":{"rendered":"https:\/\/www.europesays.com\/no\/90523\/"},"modified":"2025-11-18T23:43:10","modified_gmt":"2025-11-18T23:43:10","slug":"turister-kjorte-bil-inn-i-skiloypa-i-tromso","status":"publish","type":"post","link":"https:\/\/www.europesays.com\/no\/90523\/","title":{"rendered":"Turister kj\u00f8rte bil inn i skil\u00f8ypa i Troms\u00f8"},"content":{"rendered":"\n<p class=\"_lead_o9xde_2 _lead_xtcu6_50 layout-component text-serif-m layout-normal text-serif-l layout-component layout-wide layout-padded _wide_17hqh_1 layout-padded\">Bilen sitter fast flere hundre meter inne i l\u00f8ypen.<\/p>\n<p><img alt=\"Hit, men ikke lenger. Turistene havnet p\u00e5 ville veier ved Prestvannet tirsdag kveld.  Foto: Troms politidistrikt\" class=\"_image_qp4xg_65 layout-component layout-wide\" data-fullscreen- data-track-element-type=\"Article image fullscreen\" data-track-name=\"ImageFullscreen\" fetchpriority=\"high\" decoding=\"sync\" loading=\"eager\" height=\"1466\" itemprop=\"image\"  src=\"https:\/\/www.europesays.com\/no\/wp-content\/uploads\/2025\/11\/67c95b4f-c944-4069-9135-0aaf60a28fae\"  style=\"object-position:0% 0%\" width=\"1524\"\/>Hit, men ikke lenger. Turistene havnet p\u00e5 ville veier ved Prestvannet tirsdag kveld.  Foto: Troms politidistrikt<\/p>\n<ul aria-hidden=\"true\" class=\"_images_18f0k_111\">\n<li><a class=\"_link_18f0k_116\" href=\"https:\/\/www.vg.no\/forfatter\/hege-varsi\" style=\"z-index:1\" title=\"Hege Varsi\" rel=\"nofollow noopener\" target=\"_blank\"><img alt=\"Bilde av Hege Varsi\" class=\"_image_18f0k_93\" fetchpriority=\"low\" loading=\"lazy\" decoding=\"async\" itemprop=\"image\"  src=\"https:\/\/www.europesays.com\/no\/wp-content\/uploads\/2025\/11\/1763509390_884_d48c09ee-ae08-4a71-8e5b-8db7c6b4f37d\"  width=\"480\"\/><\/a><\/li>\n<\/ul>\n<p> Oppdatert onsdag 19. november kl. 00:10     <\/p>\n<p class=\"_paragraph_o9xde_4 _paragraph_xtcu6_10 layout-component text-serif-m layout-normal text-serif-m layout-padded\">Politiet rykket tirsdag kveld ut til lysl\u00f8ypa ved <a href=\"https:\/\/www.vg.no\/tag\/prestvannet?utm_source=vg-article&amp;utm_medium=auto-tagger&amp;utm_campaign=j09Pkw\" class=\"_link_o9xde_39\" rel=\"nofollow noopener\" target=\"_blank\">Prestvannet<\/a> i Troms\u00f8 etter melding om at en bil hadde forvillet seg inn i skil\u00f8ypen.<\/p>\n<p class=\"_paragraph_o9xde_4 _paragraph_xtcu6_10 layout-component text-serif-m layout-normal text-serif-m layout-padded\">\u2013 Bilen med turister hadde kj\u00f8rt noen hundre meter inn i l\u00f8ypen f\u00f8r den satte seg fast. Politiet er n\u00e5 p\u00e5 stedet og venter p\u00e5 berging av kj\u00f8ret\u00f8yet, skriver operasjonsleder i Troms politidistrikt, \u00d8yvind Mev\u00e5g. <\/p>\n<p class=\"_paragraph_o9xde_4 _paragraph_xtcu6_10 layout-component text-serif-m layout-normal text-serif-m layout-padded\">Til VG utdyper Mev\u00e5g at turistene var fra Mexico.<\/p>\n<p class=\"_paragraph_o9xde_4 _paragraph_xtcu6_10 layout-component text-serif-m layout-normal text-serif-m layout-padded\">Dette er ikke f\u00f8rste gang skil\u00f8ypa blir \u00f8delagt av biler som forviller seg inn p\u00e5 skisporene. <\/p>\n<p class=\"_paragraph_o9xde_4 _paragraph_xtcu6_10 layout-component text-serif-m layout-normal text-serif-m layout-padded\">\u2013 Det er dessverre ikke f\u00f8rste gang det skjer, men det er vel ikke annet \u00e5 forvente. Jeg regner med at det er den klassiske; \u00abVi kj\u00f8rte etter Google Maps og endte opp her\u00bb, sier Mev\u00e5g. <\/p>\n<p class=\"_paragraph_o9xde_4 _paragraph_xtcu6_10 layout-component text-serif-m layout-normal text-serif-m layout-padded\">\u2013 Hvorfor skjer dette igjen og igjen?<\/p>\n<p class=\"_paragraph_o9xde_4 _paragraph_xtcu6_10 layout-component text-serif-m layout-normal text-serif-m layout-padded\">\u2013 Det er ikke s\u00e5 godt \u00e5 si. Det er lett \u00e5 skylde p\u00e5 at de er turister, men det er klart at det er jo skiltet der, og alle som bor i landet klarer \u00e5 forholde seg til at det er skil\u00f8ype der, sier operasjonslederen lattermildt. <\/p>\n<p class=\"_paragraph_o9xde_4 _paragraph_xtcu6_10 layout-component text-serif-m layout-normal text-serif-m layout-padded\">Politiet opplyser at de avventer berging av bilen som sitter fast i l\u00f8ypen.<\/p>\n","protected":false},"excerpt":{"rendered":"Bilen sitter fast flere hundre meter inne i l\u00f8ypen. Hit, men ikke lenger. Turistene havnet p\u00e5 ville veier&hellip;\n","protected":false},"author":2,"featured_media":90524,"comment_status":"","ping_status":"","sticky":false,"template":"","format":"standard","meta":{"footnotes":""},"categories":[5],"tags":[20,21,24,25,15,19,22,23,17,18,13,30,28,29,14,16,468,11870,26,27,263,46],"class_list":{"0":"post-90523","1":"post","2":"type-post","3":"status-publish","4":"format-standard","5":"has-post-thumbnail","7":"category-overskrifter","8":"tag-breaking-news","9":"tag-breakingnews","10":"tag-featured-news","11":"tag-featurednews","12":"tag-headlines","13":"tag-hovedoppslag","14":"tag-latest-news","15":"tag-latestnews","16":"tag-main-news","17":"tag-mainnews","18":"tag-news","19":"tag-no","20":"tag-norge","21":"tag-norway","22":"tag-nyheter","23":"tag-overskrifter","24":"tag-politiet","25":"tag-prestvannet","26":"tag-top-stories","27":"tag-topstories","28":"tag-tromso","29":"tag-vgai"},"share_on_mastodon":{"url":"https:\/\/pubeurope.com\/@no\/115573359121575482","error":""},"_links":{"self":[{"href":"https:\/\/www.europesays.com\/no\/wp-json\/wp\/v2\/posts\/90523","targetHints":{"allow":["GET"]}}],"collection":[{"href":"https:\/\/www.europesays.com\/no\/wp-json\/wp\/v2\/posts"}],"about":[{"href":"https:\/\/www.europesays.com\/no\/wp-json\/wp\/v2\/types\/post"}],"author":[{"embeddable":true,"href":"https:\/\/www.europesays.com\/no\/wp-json\/wp\/v2\/users\/2"}],"replies":[{"embeddable":true,"href":"https:\/\/www.europesays.com\/no\/wp-json\/wp\/v2\/comments?post=90523"}],"version-history":[{"count":0,"href":"https:\/\/www.europesays.com\/no\/wp-json\/wp\/v2\/posts\/90523\/revisions"}],"wp:featuredmedia":[{"embeddable":true,"href":"https:\/\/www.europesays.com\/no\/wp-json\/wp\/v2\/media\/90524"}],"wp:attachment":[{"href":"https:\/\/www.europesays.com\/no\/wp-json\/wp\/v2\/media?parent=90523"}],"wp:term":[{"taxonomy":"category","embeddable":true,"href":"https:\/\/www.europesays.com\/no\/wp-json\/wp\/v2\/categories?post=90523"},{"taxonomy":"post_tag","embeddable":true,"href":"https:\/\/www.europesays.com\/no\/wp-json\/wp\/v2\/tags?post=90523"}],"curies":[{"name":"wp","href":"https:\/\/api.w.org\/{rel}","templated":true}]}}