{"id":90539,"date":"2025-11-19T01:17:11","date_gmt":"2025-11-19T01:17:11","guid":{"rendered":"https:\/\/www.europesays.com\/no\/90539\/"},"modified":"2025-11-19T01:17:11","modified_gmt":"2025-11-19T01:17:11","slug":"enkas-beskjed-til-trump","status":"publish","type":"post","link":"https:\/\/www.europesays.com\/no\/90539\/","title":{"rendered":"Enkas beskjed til Trump"},"content":{"rendered":"<p>  Khashoggi-drapet skapte br\u00e5k i Det ovale kontor. N\u00e5 reagerer enka p\u00e5 Trumps opptreden.<\/p>\n<p>\n    AMPERT: Trump tok i mot Saudi-Arabias kronprins Muhammed bin Salman i Det hvite hus tirsdag. Foto: Evan Vucci\/AP\/NTB\n  <\/p>\n<p>Drapet p\u00e5 journalisten Jamal Khashoggi var elefanten i rommet i Det ovale kontor da Saudi-Arabias kronprins Muhammed bin Salman var p\u00e5 bes\u00f8k tirsdag kveld.<\/p>\n<p>Trump beskrev kronprinsen som sin venn, og raste da en journalist spurte om drapet og rollen bin Salman spilte \u2013 if\u00f8lge amerikansk etterretning.<\/p>\n<p>Khashoggi gikk inn p\u00e5 Saudi-Arabias konsulat i Istanbul, og der forsvant han. Inne p\u00e5 konsulatet ble journalisten torturert, drept og partert. CIA mener at drapet ble bestilt av bin Salman.<\/p>\n<p>        KHASHOGGI: En reporter fra ABC News stilte Saudi-Arabias prins og statsminister Mohammed bin Salman et kritisk sp\u00f8rsm\u00e5l rundt hans rolle i drapet p\u00e5 journalisten Jamal Khashoggi, under et m\u00f8te med Donald Trump i Det hvite hus. Det satte ikke sistnevnte s\u00e6rlig pris p\u00e5. Reporter: Edward Stenlund. Video: Reuters<\/p>\n<p>Enka reagerer\t<\/p>\n<p>Khashoggis enke, Hanan Elatr Khashoggi, reagerer p\u00e5 tirsdagens seanse i Det hvite hus. Til CNN sier hun at hun ble skuffet av to grunner:\u00a0<\/p>\n<ul>\n<li class=\"lab-bodytext-line\">At Trump fors\u00f8kte \u00e5 stoppe journalistene fra \u00e5 i det hele tatt stille sp\u00f8rsm\u00e5l om saken. Hun sier at det minner henne om noen land i Midt\u00f8sten og en praksis hun ikke \u00f8nsker i USA.\u00a0<\/li>\n<\/ul>\n<ul>\n<li class=\"lab-bodytext-line\">At m\u00e5ten\u00a0Khashoggi ble beskrevet p\u00e5 ikke stemmer overens med virkeligheten og at det framsto som en begrunnelse for drapet.<\/li>\n<\/ul>\n<p>&#8211;\u00a0 At noen ikke liker ham betyr ikke at man kan kidnappe ham, torturere ham og ta livet av ham, sier hun til den amerikanske TV-kanalen.<\/p>\n<p>          <img loading=\"lazy\" decoding=\"async\" src=\"https:\/\/www.europesays.com\/no\/wp-content\/uploads\/2025\/11\/83871394.webp\" width=\"980\" height=\"559\" title=\"Foto: Kevin Fogarty\/Reuters\/NTB\" alt=\"\" class=\"\" style=\"--aspect-ratio-image: 1.75; \"\/><\/p>\n<p>\n          Foto: Kevin Fogarty\/Reuters\/NTB\n      <\/p>\n<p class=\"italic m-italic\" data-lab-italic=\"italic\">&#8211; Hva ville du sagt til Trump dersom han h\u00f8rte p\u00e5 n\u00e5?<\/p>\n<p>&#8211; Jeg ville sagt til ham: \u00abHerr president, jeg ser p\u00e5 deg som en fredens mann, og jeg \u00f8nsker virkelig \u00e5 m\u00f8te deg slik at jeg kan presentere Jamal p\u00e5 en riktig m\u00e5te \u2013 den virkelige m\u00e5ten \u2013 som du ikke kjenner til, sier hun til kanalen.\u00a0<\/p>\n<p>Hun beskriver de siste sju \u00e5ra etter ektemannens drap som et helvete.\u00a0<\/p>\n<p>    <a itemprop=\"url\" href=\"https:\/\/www.dagbladet.no\/nyheter\/raste-etter-sporsmal-om-drept-journalist\/83870573\" rel=\"nofollow noopener\" target=\"_blank\"><\/p>\n<p>      <img loading=\"lazy\" decoding=\"async\" src=\"https:\/\/www.europesays.com\/no\/wp-content\/uploads\/2025\/11\/1763515031_731_83870606.webp\" width=\"980\" height=\"441\" title=\"Raste etter sp\u00f8rsm\u00e5l om drept journalist\" alt=\"\" class=\"lazyload\" style=\"--aspect-ratio-image: 2.22; \"\/><\/p>\n<p>        Raste etter sp\u00f8rsm\u00e5l om drept journalist<\/p>\n<p>    <\/a><\/p>\n<p>&#8211; Det har v\u00e6rt sju \u00e5r i helvete, sir. I praksis er jeg et annet offer. De drepte Jamal, og de drepte meg samme dag som de drepte ham. Jeg har ikke noe normalt liv, sier hun til CNN.<\/p>\n<p>&#8211; Det er galt\t<\/p>\n<p>\u00abBin Salman har nektet for \u00e5 ha bestilt drapet. Tirsdag sa han:<\/p>\n<p>&#8211; N\u00e5r det gjelder journalisten, er det smertefullt at folk mister livet uten mening. Det har v\u00e6rt smertefullt for oss i Saudi-Arabia. Vi har gjort alt det riktige \u2013 etterforskning og s\u00e5 videre.<\/p>\n<p>&#8211; Vi har forbedret v\u00e5rt system for \u00e5 forsikre oss om at slike ting ikke skjer igjen. Det er smertefullt, det var en stor feil, og vi gj\u00f8r v\u00e5rt beste for at det ikke skal skje igjen, sier bin Salman.<\/p>\n<p>En som kjente Jamal Khashoggi var seniorforsker emeritus Sverre Lodgaard. Han utga blant annet boka \u00abIn the wake of the arab sping\u00bb i 2013, hvor Khashoggi bidro.<\/p>\n<p>Han reagerer p\u00e5 Trumps kommentarer tirsdag kveld.<\/p>\n<p>&#8211; Det Trump sier er galt. Det CIA har konkludert med er et hardt faktum. Det er et hardt faktum at han ble torturert og partert p\u00e5 konsulatet i Istanbul, sa Lodgaard til <a href=\"https:\/\/www.dagbladet.no\/nyheter\/raste-etter-sporsmal-om-drept-journalist\/83870573\" rel=\"nofollow noopener\" target=\"_blank\">Dagbladet tirsdag kveld<\/a>.\u00a0<\/p>\n<p>Han reagerer ogs\u00e5 p\u00e5 m\u00e5ten Trump beskriver sin tidligere kollega.<\/p>\n<p>&#8211; Man kan alltid si at folk ikke er tilfreds med en offentlig person, som Khashoggi var. Men han var ikke sv\u00e6rt kontroversiell, som Trump sier. Jeg tror den amerikanske presidenten svarer med en hvit l\u00f8gn for \u00e5 begrense skadevirkningen av journalistens sp\u00f8rsm\u00e5l for \u00e5 unng\u00e5 d\u00e5rlig stemning i presserommet med kronprinsen til stede, sier Lodgaard.<\/p>\n","protected":false},"excerpt":{"rendered":"Khashoggi-drapet skapte br\u00e5k i Det ovale kontor. N\u00e5 reagerer enka p\u00e5 Trumps opptreden. AMPERT: Trump tok i mot&hellip;\n","protected":false},"author":2,"featured_media":90540,"comment_status":"","ping_status":"","sticky":false,"template":"","format":"standard","meta":{"footnotes":""},"categories":[12],"tags":[20,21,24,25,15,11855,22,23,13,30,28,29,14,16,986,26,27,50,412,42,43,44,45],"class_list":{"0":"post-90539","1":"post","2":"type-post","3":"status-publish","4":"format-standard","5":"has-post-thumbnail","7":"category-verden","8":"tag-breaking-news","9":"tag-breakingnews","10":"tag-featured-news","11":"tag-featurednews","12":"tag-headlines","13":"tag-jamal-khashoggi","14":"tag-latest-news","15":"tag-latestnews","16":"tag-news","17":"tag-no","18":"tag-norge","19":"tag-norway","20":"tag-nyheter","21":"tag-overskrifter","22":"tag-saudi-arabia","23":"tag-top-stories","24":"tag-topstories","25":"tag-usa","26":"tag-utenriks","27":"tag-verden","28":"tag-world","29":"tag-world-news","30":"tag-worldnews"},"share_on_mastodon":{"url":"https:\/\/pubeurope.com\/@no\/115573728627064871","error":""},"_links":{"self":[{"href":"https:\/\/www.europesays.com\/no\/wp-json\/wp\/v2\/posts\/90539","targetHints":{"allow":["GET"]}}],"collection":[{"href":"https:\/\/www.europesays.com\/no\/wp-json\/wp\/v2\/posts"}],"about":[{"href":"https:\/\/www.europesays.com\/no\/wp-json\/wp\/v2\/types\/post"}],"author":[{"embeddable":true,"href":"https:\/\/www.europesays.com\/no\/wp-json\/wp\/v2\/users\/2"}],"replies":[{"embeddable":true,"href":"https:\/\/www.europesays.com\/no\/wp-json\/wp\/v2\/comments?post=90539"}],"version-history":[{"count":0,"href":"https:\/\/www.europesays.com\/no\/wp-json\/wp\/v2\/posts\/90539\/revisions"}],"wp:featuredmedia":[{"embeddable":true,"href":"https:\/\/www.europesays.com\/no\/wp-json\/wp\/v2\/media\/90540"}],"wp:attachment":[{"href":"https:\/\/www.europesays.com\/no\/wp-json\/wp\/v2\/media?parent=90539"}],"wp:term":[{"taxonomy":"category","embeddable":true,"href":"https:\/\/www.europesays.com\/no\/wp-json\/wp\/v2\/categories?post=90539"},{"taxonomy":"post_tag","embeddable":true,"href":"https:\/\/www.europesays.com\/no\/wp-json\/wp\/v2\/tags?post=90539"}],"curies":[{"name":"wp","href":"https:\/\/api.w.org\/{rel}","templated":true}]}}