{"id":90551,"date":"2025-11-19T02:38:13","date_gmt":"2025-11-19T02:38:13","guid":{"rendered":"https:\/\/www.europesays.com\/no\/90551\/"},"modified":"2025-11-19T02:38:13","modified_gmt":"2025-11-19T02:38:13","slug":"etterlyst-nordmann-pagrepet-pa-gran-canaria-opplyser-spansk-politi-stor-oslo","status":"publish","type":"post","link":"https:\/\/www.europesays.com\/no\/90551\/","title":{"rendered":"Etterlyst nordmann p\u00e5grepet p\u00e5 Gran Canaria, opplyser spansk politi \u2013 Stor-Oslo"},"content":{"rendered":"<p>En nordmann i 50-\u00e5rene, som har v\u00e6rt etterlyst internasjonalt, ble nylig p\u00e5grepet p\u00e5 Gran Canaria, opplyser spansk politi.<\/p>\n<p>Mannen har v\u00e6rt etterlyst siden 2021 etter \u00e5 ha blitt d\u00f8mt til ti \u00e5rs fengsel i en st\u00f8rre narkosak, skriver spanske Polic\u00eda Nacional i en pressemelding.<\/p>\n<p>Norske Canariajournalen omtalte saken f\u00f8rst.<\/p>\n<p>Mannen ble p\u00e5grepet 12. november i en koordinert aksjon, som var i samarbeid med blant annet norsk politi, if\u00f8lge spansk politi.<\/p>\n<p>Etter en lengre etterforskning avdekket spansk politi at mannen levde i skjul p\u00e5 Gran Canaria, hvor han skjulte seg blant nordiske turister, heter det.<\/p>\n<p>Han skal ha reist med falske dokumenter og slik unng\u00e5tt \u00e5 bli oppdaget. Han skal etter planen utleveres til Norge.<\/p>\n<p>NTB har v\u00e6rt i kontakt med Kripos, som henviser til Oslo politidistrikt. De har forel\u00f8pig ikke besvart NTBs henvendelser.<\/p>\n<p>(NTB)<\/p>\n","protected":false},"excerpt":{"rendered":"En nordmann i 50-\u00e5rene, som har v\u00e6rt etterlyst internasjonalt, ble nylig p\u00e5grepet p\u00e5 Gran Canaria, opplyser spansk politi.&hellip;\n","protected":false},"author":2,"featured_media":90552,"comment_status":"","ping_status":"","sticky":false,"template":"","format":"standard","meta":{"footnotes":""},"categories":[5],"tags":[20,21,24,25,15,19,22,23,17,18,13,30,28,29,14,16,26,27],"class_list":{"0":"post-90551","1":"post","2":"type-post","3":"status-publish","4":"format-standard","5":"has-post-thumbnail","7":"category-overskrifter","8":"tag-breaking-news","9":"tag-breakingnews","10":"tag-featured-news","11":"tag-featurednews","12":"tag-headlines","13":"tag-hovedoppslag","14":"tag-latest-news","15":"tag-latestnews","16":"tag-main-news","17":"tag-mainnews","18":"tag-news","19":"tag-no","20":"tag-norge","21":"tag-norway","22":"tag-nyheter","23":"tag-overskrifter","24":"tag-top-stories","25":"tag-topstories"},"share_on_mastodon":{"url":"https:\/\/pubeurope.com\/@no\/115574046972342936","error":""},"_links":{"self":[{"href":"https:\/\/www.europesays.com\/no\/wp-json\/wp\/v2\/posts\/90551","targetHints":{"allow":["GET"]}}],"collection":[{"href":"https:\/\/www.europesays.com\/no\/wp-json\/wp\/v2\/posts"}],"about":[{"href":"https:\/\/www.europesays.com\/no\/wp-json\/wp\/v2\/types\/post"}],"author":[{"embeddable":true,"href":"https:\/\/www.europesays.com\/no\/wp-json\/wp\/v2\/users\/2"}],"replies":[{"embeddable":true,"href":"https:\/\/www.europesays.com\/no\/wp-json\/wp\/v2\/comments?post=90551"}],"version-history":[{"count":0,"href":"https:\/\/www.europesays.com\/no\/wp-json\/wp\/v2\/posts\/90551\/revisions"}],"wp:featuredmedia":[{"embeddable":true,"href":"https:\/\/www.europesays.com\/no\/wp-json\/wp\/v2\/media\/90552"}],"wp:attachment":[{"href":"https:\/\/www.europesays.com\/no\/wp-json\/wp\/v2\/media?parent=90551"}],"wp:term":[{"taxonomy":"category","embeddable":true,"href":"https:\/\/www.europesays.com\/no\/wp-json\/wp\/v2\/categories?post=90551"},{"taxonomy":"post_tag","embeddable":true,"href":"https:\/\/www.europesays.com\/no\/wp-json\/wp\/v2\/tags?post=90551"}],"curies":[{"name":"wp","href":"https:\/\/api.w.org\/{rel}","templated":true}]}}