{"id":90560,"date":"2025-11-19T03:14:45","date_gmt":"2025-11-19T03:14:45","guid":{"rendered":"https:\/\/www.europesays.com\/no\/90560\/"},"modified":"2025-11-19T03:14:45","modified_gmt":"2025-11-19T03:14:45","slug":"hva-er-norgespris-mn24-no","status":"publish","type":"post","link":"https:\/\/www.europesays.com\/no\/90560\/","title":{"rendered":"hva er norgespris &#8211; mn24.no"},"content":{"rendered":"<p>Tirsdag gikk str\u00f8mprisen i Midt-Norge rett til v\u00e6rs. Ikke siden februar hadde det v\u00e6rt s\u00e5 dyr str\u00f8m i Midt-Norge, som kraftb\u00f8rsene bestemte for tirsdag 17.november.<\/p>\n<p><a href=\"https:\/\/www.mn24.no\/nyheter\/i\/4BnAXg\/ny-stroemkabel-oekte-stroemprisene-i-midt-norge-i-oktober\" rel=\"noopener nofollow\" target=\"_blank\">B\u00e5de en ny monsterkabel p\u00e5 Vestlandet,<\/a> lavere fyllingsgrad i vannmagasiner og generelt \u00f8kt bruk med kaldere v\u00e6r, kan v\u00e6re blant \u00e5rsakene som ligger bak pris\u00f8kningen.<\/p>\n<p>Dette gj\u00f8r at eksperter som tidligere har v\u00e6rt skeptiske til om norgespris l\u00f8nner seg i Midt-Norge, har ombestemt seg. N\u00e5 sier flere at alle ogs\u00e5 i prisomr\u00e5de NO3 (Midt-Norge) b\u00f8r tenke p\u00e5 om de ikke skal ha norgespris, som gj\u00f8r at du f\u00e5r en fast og ganske lav str\u00f8mpris.<\/p>\n<p><a href=\"https:\/\/www.mn24.no\/nyheter\/i\/Ey0O0a\/stroemprisen-gjoer-et-kjempehopp-i-midt-norge-tirsdag\" rel=\"nofollow noopener\" target=\"_blank\"> <img decoding=\"async\" src=\"data:image\/gif;base64,R0lGODlhEAAJAIAAAP\/\/\/wAAACH5BAEAAAAALAAAAAAQAAkAAAIKhI+py+0Po5yUFQA7\" alt=\"\"\/>   Str\u00f8mprisen gj\u00f8r et kjempehopp i Midt-Norge tirsdag: &#8211; N\u00e5 m\u00e5 tr\u00f8nderne v\u00e5kne  <\/a> <\/p>\n<p>S\u00e5; er det lurt \u00e5 vurdere norgespris n\u00e5? Da er det flere ting du skal tenke over f\u00f8rst, selv om det er vanskelig \u00e5 gi noen endelig fasit p\u00e5 om det l\u00f8nner seg, fordi det er vanskelig \u00e5 sp\u00e5 om fremtidas str\u00f8mpriser.<\/p>\n<p>Sp\u00f8r deg selv<\/p>\n<p>F\u00f8r du bestemmer deg om norgespris er noe for deg, s\u00e5 anbefaler Norges vassdrags- og energidirektorat (NVE) at du sp\u00f8r deg selv om f\u00f8lgende:<\/p>\n<ul class=\"List\">\n<li>\n<p>Hvor i Norge boligen\/fritidsboligen befinner seg. Det er fem prisomr\u00e5der (budomr\u00e5der) for str\u00f8m i Norge. Det kan v\u00e6re stor forskjell mellom prisene i de ulike omr\u00e5dene. For eksempel har spotprisen de siste \u00e5rene v\u00e6rt langt h\u00f8yere i NO2 (S\u00f8rlandet) enn i NO3 (Midt-Norge).<\/p>\n<\/li>\n<li>\n<p>Hvordan str\u00f8mforbruket ditt varierer gjennom \u00e5ret. Da b\u00f8r du tenke p\u00e5 n\u00e5r p\u00e5 \u00e5ret du har st\u00f8rst forbruk. Str\u00f8mprisen er typisk h\u00f8yere i vinterhalv\u00e5ret enn i sommerhalv\u00e5ret.<\/p>\n<\/li>\n<li>\n<p>Du kan logge deg inn p\u00e5 \u00a0minside.elhub.no\u00a0for \u00e5 se hvordan norgespris ville p\u00e5virket str\u00f8mregningen din for tidligere \u00e5r.<\/p>\n<\/li>\n<li>\n<p>Str\u00f8mm\u00e5leren l\u00e5ses til norgespris ut bindingstiden som l\u00f8per til 31. desember 2026.<\/p>\n<\/li>\n<li>\n<p>Hvis spotprisen blir lavere enn norgesprisen i bindingstiden, kan du ende opp med \u00e5 betale mer enn uten norgespris.<\/p>\n<\/li>\n<li>\n<p>Om du skal flytte m\u00e5 du v\u00e6re klar over at norgespris er bundet til str\u00f8mm\u00e5leren din og ikke deg som person.<\/p>\n<\/li>\n<li>\n<p>Er det en fritidsbolig kan du ogs\u00e5 f\u00e5 norgespris.\u00a0<a href=\"https:\/\/www.nve.no\/reguleringsmyndigheten\/kunde\/stroem\/dette-er-norgespris\/norgespris-paa-hytta\/\" rel=\"noopener nofollow\" target=\"_blank\">Klikk her for \u00e5 lese mer om hva du b\u00f8r tenke p\u00e5.<\/a><\/p>\n<\/li>\n<\/ul>\n<p>Alt om norgespris<\/p>\n<p>Norgespris er noe annet enn den tradisjonelle str\u00f8mst\u00f8tten, men du kan ikke ha begge deler. Her er norgespris kort oppsummert:<\/p>\n<ul class=\"List\">\n<li>\n<p>Ordningen gir en fast pris p\u00e5\u00a050 \u00f8re per kwh (kilowattime) med mva\u00a0(40 \u00f8re uten mva) for str\u00f8mforbruk hjemme &#8211; og p\u00e5 hytta.<\/p>\n<\/li>\n<li>\n<p>Norgespris har et forbrukstak p\u00e5\u00a05000 kWh per m\u00e5ned for husholdninger\u00a0og\u00a01000 kwh for hytter. For forbruk over det betaler du den prisen du har avtalt med kraftleverand\u00f8ren.<\/p>\n<\/li>\n<li>\n<p>Norgespris har bindingstid fra du bestiller til 31. desember 2026.<\/p>\n<\/li>\n<li>\n<p>Norgespris bestiller du p\u00e5\u00a0<a href=\"https:\/\/minside.elhub.no\/\" rel=\"noopener nofollow\" target=\"_blank\">minside.elhub.no<\/a>.<\/p>\n<\/li>\n<li>\n<p>Du har 14 dagers avbestillingsfrist fra du bestiller.<\/p>\n<\/li>\n<li>\n<p>Du kan ikke f\u00e5 b\u00e5de str\u00f8mst\u00f8tte og norgespris samtidig.<\/p>\n<\/li>\n<li>\n<p>Du m\u00e5 fortsatt ha en str\u00f8mavtale med en str\u00f8mleverand\u00f8r.<\/p>\n<\/li>\n<li>\n<p><a href=\"https:\/\/www.nve.no\/energi\/energisystem\/fjernvarme\/norgespris-og-stroemstoenad-for-fjernvarme\/\" rel=\"noopener nofollow\" target=\"_blank\">Merk at det er en egen ordning for Norgespris for fjernvarme, som du kan lese om her. <\/a>Dette er ekstra aktuelt for folk i Trondheim, da mange der bor i hus eller leiligheter med fjernvarme.<\/p>\n<\/li>\n<\/ul>\n<p><a href=\"https:\/\/www.mn24.no\/adresseavisen\/i\/8qep5r\/fjernvarme-litt-knoting-staar-mellom-deg-og-norgespris\" rel=\"nofollow noopener\" target=\"_blank\"> <img decoding=\"async\" src=\"data:image\/gif;base64,R0lGODlhEAAJAIAAAP\/\/\/wAAACH5BAEAAAAALAAAAAAQAAkAAAIKhI+py+0Po5yUFQA7\" alt=\"\"\/>   Fjern\u00advarme: Litt knoting st\u00e5r mellom deg og Norges\u00adpris  <\/a> De store forskjellene<\/p>\n<p>Som nevnt fins det b\u00e5de norgespris og en mer tradisjonell str\u00f8mst\u00f8tte i Norge. Det er ganske ulikt hvordan de to str\u00f8mst\u00f8tteordningene sl\u00e5r ut. Slik lister NVE selv opp forskjellene:<\/p>\n<p><img decoding=\"async\" src=\"data:image\/gif;base64,R0lGODlhEAAJAIAAAP\/\/\/wAAACH5BAEAAAAALAAAAAAQAAkAAAIKhI+py+0Po5yUFQA7\" alt=\"\"\/><br \/>\n  Sammenligning av str\u00f8mst\u00f8tteordningen og Norgespris.<br \/>\n  <strong>Foto:<\/strong> NVE<\/p>\n<p>Mens det alts\u00e5 har v\u00e6rt slik at de fleste ekspertene tidligere ville at folk i Midt-Norge skulle vente med \u00e5 avtale norgespris, har budskapet n\u00e5 endret seg:<\/p>\n<p><a href=\"https:\/\/www.adressa.no\/okonomi\/i\/rPoR9a\/norgespris-jeg-personlig-vil-vente-og-se\" rel=\"noopener nofollow\" target=\"_blank\">Konsernsjef i nettselskapet Tensio, Audhild Kvam, har tidligere sagt at hun ville vente med norgespris<\/a>, Tirsdag morgen sendte hennes kommunikasjonssjef Bengt Eidem ut f\u00f8lgende beskjed p\u00e5 epost med sitat fra nevnte Kvam:<\/p>\n<p><strong>&#8211; Ja, n\u00e5 har tiden kommet for at ogs\u00e5 vi tr\u00f8nderne (i NO3) m\u00e5 gj\u00f8re en vurdering p\u00e5 om Norgespris er noe for oss.<\/strong><\/p>\n<p>I samme epost opplyses det at veiledningen fra Tensio om norgespris n\u00e5 er g\u00e5tt fra \u00abavvent\u00bb til \u00abvurder\u00bb.<\/p>\n<p>Mandag gikk analysesjef Tor Reier Lilleholt i Volue Insight ut i <a href=\"https:\/\/www.europower.no\/kraftmarked\/far-de-hoyeste-prisene-siden-februar-na-ma-tronderne-vakne\/2-1-1902054\" rel=\"noopener nofollow\" target=\"_blank\">nettavisa Europower og sa at \u00abn\u00e5 m\u00e5 tr\u00f8nderne v\u00e5kne\u00bb<\/a>, kom handelssjef <a href=\"https:\/\/e24.no\/energi-og-klima\/i\/jQVR4b\/norgespris-i-midt-norge-billig-forsikring\" rel=\"noopener nofollow\" target=\"_blank\">Tom Eirik Olsen i Ishavskraft ut i nettavisa E24 tirsdag<\/a>, og sa at utsikter til dyrere str\u00f8m gj\u00f8r at flere i Midt-Norge b\u00f8r vurdere norgespris.<\/p>\n<p>\u2013 Dette handler om \u00e5 unng\u00e5 prissjokk og ha kontroll p\u00e5 kostnadene sine, sa Olsen til E24.<\/p>\n<p>Han mener at de som \u00f8nsker \u00e5 tegne norgespris i prisomr\u00e5de NO3, b\u00f8r gj\u00f8re det n\u00e5. Omr\u00e5det best\u00e5r av M\u00f8re og Romsdal, det meste av Tr\u00f8ndelag og deler av Innlandet og Vestland fylke (se kart lenger nede).<\/p>\n<p>\u2013 Hvis det kommer en lengre periode med veldig h\u00f8ye priser, s\u00e5 er det for sent \u00e5 tegne Norgespris, sier han.<\/p>\n<p>Med det mener han at hvis man f\u00f8rst skal tegne Norgespris, b\u00f8r man f\u00e5 med seg flest mulig m\u00e5neder med h\u00f8y pris for at det skal l\u00f8nne seg.<\/p>\n<p><a href=\"https:\/\/www.mn24.no\/nyheter\/i\/4BnAXg\/ny-stroemkabel-oekte-stroemprisene-i-midt-norge-i-oktober\" rel=\"nofollow noopener\" target=\"_blank\"> <img decoding=\"async\" src=\"data:image\/gif;base64,R0lGODlhEAAJAIAAAP\/\/\/wAAACH5BAEAAAAALAAAAAAQAAkAAAIKhI+py+0Po5yUFQA7\" alt=\"\"\/>   Ny str\u00f8mkabel p\u00e5 Vestlandet sendte str\u00f8mprisene i Midt-Norge oppover   <\/a> <\/p>\n","protected":false},"excerpt":{"rendered":"Tirsdag gikk str\u00f8mprisen i Midt-Norge rett til v\u00e6rs. Ikke siden februar hadde det v\u00e6rt s\u00e5 dyr str\u00f8m i&hellip;\n","protected":false},"author":2,"featured_media":90561,"comment_status":"","ping_status":"","sticky":false,"template":"","format":"standard","meta":{"footnotes":""},"categories":[5],"tags":[20,21,24,25,15,19,22,23,17,18,1647,953,13,30,28,3455,3333,29,954,14,16,1500,26,27,596,270],"class_list":{"0":"post-90560","1":"post","2":"type-post","3":"status-publish","4":"format-standard","5":"has-post-thumbnail","7":"category-overskrifter","8":"tag-breaking-news","9":"tag-breakingnews","10":"tag-featured-news","11":"tag-featurednews","12":"tag-headlines","13":"tag-hovedoppslag","14":"tag-latest-news","15":"tag-latestnews","16":"tag-main-news","17":"tag-mainnews","18":"tag-midt-norge","19":"tag-more-og-romsdal","20":"tag-news","21":"tag-no","22":"tag-norge","23":"tag-norges-vassdrags-og-energidirektorat-nve","24":"tag-norgespris","25":"tag-norway","26":"tag-nve","27":"tag-nyheter","28":"tag-overskrifter","29":"tag-stromstotte","30":"tag-top-stories","31":"tag-topstories","32":"tag-trondheim","33":"tag-trondelag"},"share_on_mastodon":{"url":"https:\/\/pubeurope.com\/@no\/115574188512520511","error":""},"_links":{"self":[{"href":"https:\/\/www.europesays.com\/no\/wp-json\/wp\/v2\/posts\/90560","targetHints":{"allow":["GET"]}}],"collection":[{"href":"https:\/\/www.europesays.com\/no\/wp-json\/wp\/v2\/posts"}],"about":[{"href":"https:\/\/www.europesays.com\/no\/wp-json\/wp\/v2\/types\/post"}],"author":[{"embeddable":true,"href":"https:\/\/www.europesays.com\/no\/wp-json\/wp\/v2\/users\/2"}],"replies":[{"embeddable":true,"href":"https:\/\/www.europesays.com\/no\/wp-json\/wp\/v2\/comments?post=90560"}],"version-history":[{"count":0,"href":"https:\/\/www.europesays.com\/no\/wp-json\/wp\/v2\/posts\/90560\/revisions"}],"wp:featuredmedia":[{"embeddable":true,"href":"https:\/\/www.europesays.com\/no\/wp-json\/wp\/v2\/media\/90561"}],"wp:attachment":[{"href":"https:\/\/www.europesays.com\/no\/wp-json\/wp\/v2\/media?parent=90560"}],"wp:term":[{"taxonomy":"category","embeddable":true,"href":"https:\/\/www.europesays.com\/no\/wp-json\/wp\/v2\/categories?post=90560"},{"taxonomy":"post_tag","embeddable":true,"href":"https:\/\/www.europesays.com\/no\/wp-json\/wp\/v2\/tags?post=90560"}],"curies":[{"name":"wp","href":"https:\/\/api.w.org\/{rel}","templated":true}]}}