{"id":90566,"date":"2025-11-19T03:30:21","date_gmt":"2025-11-19T03:30:21","guid":{"rendered":"https:\/\/www.europesays.com\/no\/90566\/"},"modified":"2025-11-19T03:30:21","modified_gmt":"2025-11-19T03:30:21","slug":"siegfried-mazet-ga-flere-skiskytterstjerner-en-kraftig-oppstrammer-etter-fiaskoen-pa-geilo","status":"publish","type":"post","link":"https:\/\/www.europesays.com\/no\/90566\/","title":{"rendered":"Siegfried Mazet ga flere skiskytterstjerner en kraftig oppstrammer etter fiaskoen p\u00e5 Geilo"},"content":{"rendered":"<p>Den verbale fresingen var signert skytetrener Siegfried Mazet.<\/p>\n<p>\u2013 Den var heftig. Sturla (Holm L\u00e6greid) pr\u00f8vde \u00e5 g\u00e5 inn i en diskusjon, men la seg p\u00e5 rygg ganske fort. Det var h\u00e5pl\u00f8st, sier Vetle Sj\u00e5stad Christiansen til TV 2.<\/p>\n<p>        <img class=\"image__img lazyload\" itemprop=\"image\" title=\"Foto: Geir Olsen \/ NTB\" alt=\"TIL STEDE: Vetle Sj\u00e5stad Christiansen. Foto: Geir Olsen \/ NTB\" width=\"675\" height=\"574\" bad-src=\"https:\/\/www.europesays.com\/no\/wp-content\/uploads\/2025\/11\/18294785.webp\" fetchpriority=\"auto\" \/><\/p>\n<p>      TIL STEDE: Vetle Sj\u00e5stad Christiansen.<br \/>\n         Foto: Geir Olsen \/ NTB<\/p>\n<p>Hjemmefavoritten sikret seg verdenscupplass etter to solide renn i helgen.<\/p>\n<p>\u2013 Siegfried var forbanna. Det tror jeg alle var. En tordentale, sl\u00e5r lagkamerat Endre Str\u00f8msheim fast.<\/p>\n<p>P\u00e5 l\u00f8rdagens sprint var kun Sj\u00e5stad Christiansen (fjerdeplass) fra elitelaget i toppen.\u00a0<\/p>\n<p>Fortvilelsen over en elendig dag p\u00e5 skytebanen, fikk Mazet til \u00e5 ta et oppgj\u00f8r med prestasjonen til flere.<\/p>\n<p>        Elitelandslagets plasseringer p\u00e5 l\u00f8rdagens sprint (skyteresultat i parentes):<\/p>\n<p>4. plass. Vetle Sj\u00e5stad Christiansen (0+2)<\/p>\n<p>17. plass: Sturla Holm L\u00e6greid (2+0)<\/p>\n<p>22. plass: Johannes Dale-Skjevdal: (0+3)<\/p>\n<p>32. plass: Martin Uldal (2+1)<\/p>\n<p>36. plass: Endre Str\u00f8msheim (0+2)<\/p>\n<p>46. plass: Vebj\u00f8rn S\u00f8rum (2+2)<\/p>\n<p>\u2013 Frustrert<\/p>\n<p class=\"italic m-italic\" data-lab-italic=\"italic\">\u2013 Hva ble sagt?<\/p>\n<p>\u2013 Han var fly forbanna, rett og slett. De fleste av oss hadde ikke m\u00f8tt p\u00e5 jobb. Han var veldig skuffet over de som var forh\u00e5ndsuttatt og m\u00e5ten de representerte det som skal v\u00e6re verdens beste lag, sier Sj\u00e5stad Christiansen, og fortsetter:<\/p>\n<p>        <img class=\"image__img lazyload\" itemprop=\"image\" title=\"Foto: Sveinung Kyte \/ TV 2\" alt=\"MOR: Mammaen til Vetle Sj\u00e5stad Christiansen, Randi Sj\u00e5stad, ga s\u00f8nnen et klapp p\u00e5 skuldra etter helgas innsats p\u00e5 hjemmebane. Foto: Sveinung Kyte \/ TV 2\" width=\"675\" height=\"540\" bad-src=\"https:\/\/www.europesays.com\/no\/wp-content\/uploads\/2025\/11\/18295181.webp\" fetchpriority=\"auto\" \/><\/p>\n<p>      MOR: Mammaen til Vetle Sj\u00e5stad Christiansen, Randi Sj\u00e5stad, ga s\u00f8nnen et klapp p\u00e5 skuldra etter helgas innsats p\u00e5 hjemmebane.<br \/>\n         Foto: Sveinung Kyte \/ TV 2<\/p>\n<p>\u2013 Det var en 15 minutters monolog med fransk aggresjon. Vel fortjent. Vi er Ikke vant til det, men jeg har h\u00f8rt det f\u00f8r, dessverre!<\/p>\n<p>Mazet selv toner ned temperaturen i tilbakemeldingen han kom med.<\/p>\n<p>\u2013\u00a0Prestasjonen v\u00e5r var ikke bra. I g\u00e5r kveld sa jeg at vi m\u00e5tte ta et steg til verdenscup\u00e5pningen, forklarer Mazet.<\/p>\n<p class=\"italic m-italic\" data-lab-italic=\"italic\">\u2013 Var du irritert?<\/p>\n<p>\u2013 Ikke irritert, men frustrert. Vi har hatt en kjempegod sn\u00f8samling her. Men p\u00e5 l\u00f8rdag var skyteprosenten under 80. Det er ikke v\u00e5rt niv\u00e5.<\/p>\n<p>Franskmannen var langt mer forn\u00f8yd med elevene s\u00f8ndag.<\/p>\n<p>        <img class=\"image__img lazyload\" itemprop=\"image\" title=\"Foto: Geir Olsen \/ NTB\" alt=\"NUMMER TRE: Martin Uldal gikk fra 32. plass l\u00f8rdag til 3. plass s\u00f8ndag. Foto: Geir Olsen \/ NTB\" width=\"978\" height=\"551\" bad-src=\"https:\/\/www.europesays.com\/no\/wp-content\/uploads\/2025\/11\/18294787.webp\" fetchpriority=\"auto\" \/><\/p>\n<p>      NUMMER TRE: Martin Uldal gikk fra 32. plass l\u00f8rdag til 3. plass s\u00f8ndag.<br \/>\n         Foto: Geir Olsen \/ NTB<\/p>\n<p>\u2013 Det s\u00e5 mye bedre ut<\/p>\n<p>Riktignok ble det fransk dobbeltseier.<\/p>\n<p>\u00c9ric Perrot seiret foran lagkamerat Emilien Jacquelin.\u00a0<\/p>\n<p>N\u00e6rmest fulgte Uldal. Stjernetrioen Johannes Dale-Skjevdal, Sturla Holm L\u00e6greid og Vetle Sj\u00e5stad Christiansen kom topp ti.<\/p>\n<p>\u2013 Det s\u00e5 mye bedre ut i dag enn i g\u00e5r, er dommen til Mazet.\u00a0<\/p>\n<p>\u2013 Det var mange som var skuffet i g\u00e5r og \u2013 litt som meg \u2013 forvirret.\u00a0Noen gikk fortere enn ventet, andre tregere.\u00a0Underlig. Det var noe av det mest kaotiske p\u00e5 en sesongstart jeg har sett, sier Martin Uldal til TV 2.<\/p>\n<p>PS! B\u00e5de Endre Str\u00f8msheim (21. plass) og Vebj\u00f8rn S\u00f8rum (br\u00f8t) var langt nede etter s\u00f8ndagens prestasjoner.<\/p>\n","protected":false},"excerpt":{"rendered":"Den verbale fresingen var signert skytetrener Siegfried Mazet. \u2013 Den var heftig. Sturla (Holm L\u00e6greid) pr\u00f8vde \u00e5 g\u00e5&hellip;\n","protected":false},"author":2,"featured_media":90567,"comment_status":"","ping_status":"","sticky":false,"template":"","format":"standard","meta":{"footnotes":""},"categories":[59],"tags":[30,28,29,83,82],"class_list":{"0":"post-90566","1":"post","2":"type-post","3":"status-publish","4":"format-standard","5":"has-post-thumbnail","7":"category-sport","8":"tag-no","9":"tag-norge","10":"tag-norway","11":"tag-sport","12":"tag-sports"},"share_on_mastodon":{"url":"https:\/\/pubeurope.com\/@no\/115574251323325439","error":""},"_links":{"self":[{"href":"https:\/\/www.europesays.com\/no\/wp-json\/wp\/v2\/posts\/90566","targetHints":{"allow":["GET"]}}],"collection":[{"href":"https:\/\/www.europesays.com\/no\/wp-json\/wp\/v2\/posts"}],"about":[{"href":"https:\/\/www.europesays.com\/no\/wp-json\/wp\/v2\/types\/post"}],"author":[{"embeddable":true,"href":"https:\/\/www.europesays.com\/no\/wp-json\/wp\/v2\/users\/2"}],"replies":[{"embeddable":true,"href":"https:\/\/www.europesays.com\/no\/wp-json\/wp\/v2\/comments?post=90566"}],"version-history":[{"count":0,"href":"https:\/\/www.europesays.com\/no\/wp-json\/wp\/v2\/posts\/90566\/revisions"}],"wp:featuredmedia":[{"embeddable":true,"href":"https:\/\/www.europesays.com\/no\/wp-json\/wp\/v2\/media\/90567"}],"wp:attachment":[{"href":"https:\/\/www.europesays.com\/no\/wp-json\/wp\/v2\/media?parent=90566"}],"wp:term":[{"taxonomy":"category","embeddable":true,"href":"https:\/\/www.europesays.com\/no\/wp-json\/wp\/v2\/categories?post=90566"},{"taxonomy":"post_tag","embeddable":true,"href":"https:\/\/www.europesays.com\/no\/wp-json\/wp\/v2\/tags?post=90566"}],"curies":[{"name":"wp","href":"https:\/\/api.w.org\/{rel}","templated":true}]}}