{"id":90578,"date":"2025-11-19T04:11:10","date_gmt":"2025-11-19T04:11:10","guid":{"rendered":"https:\/\/www.europesays.com\/no\/90578\/"},"modified":"2025-11-19T04:11:10","modified_gmt":"2025-11-19T04:11:10","slug":"danmark-i-sjokk-etter-vm-kollapsen-dansk-avis-brot-sammen","status":"publish","type":"post","link":"https:\/\/www.europesays.com\/no\/90578\/","title":{"rendered":"Danmark i sjokk etter VM-kollapsen: Dansk avis br\u00f8t sammen"},"content":{"rendered":"\n<p class=\"_lead_o9xde_2 _lead_xtcu6_50 layout-component text-serif-m layout-normal text-serif-l layout-component layout-wide layout-padded _wide_17hqh_1 layout-padded\">Danskene sparer ikke p\u00e5 dynamitten etter at VM-plassen r\u00f8k p\u00e5 overtid.<\/p>\n<p><img alt=\" Foto: Bo Amstrup \/ AP \/ NTB\" class=\"_image_qp4xg_65 layout-component layout-wide\" data-fullscreen- data-track-element-type=\"Article image fullscreen\" data-track-name=\"ImageFullscreen\" fetchpriority=\"high\" decoding=\"sync\" loading=\"eager\" height=\"3543\" itemprop=\"image\"  src=\"https:\/\/www.europesays.com\/no\/wp-content\/uploads\/2025\/11\/43cc25d9-3a90-454e-a599-910a1cb5546c\"  style=\"object-position:0% 0%\" width=\"5315\"\/> Foto: Bo Amstrup \/ AP \/ NTB Oppdatert onsdag 19. november kl. 04:37     <\/p>\n<p class=\"_paragraph_o9xde_4 _paragraph_xtcu6_10 layout-component text-serif-m layout-normal text-serif-m layout-padded\">\u2013 Ufattelig dansk sjokk! Det er s\u00e5 sinnssykt at det ikke kan beskrives med ord.<\/p>\n<p class=\"_paragraph_o9xde_4 _paragraph_xtcu6_10 layout-component text-serif-m layout-normal text-serif-m layout-padded\">Det er dommen fra den danske avisen B.T. etter at <a href=\"https:\/\/www.vg.no\/tag\/skottland?utm_source=vg-article&amp;utm_medium=auto-tagger&amp;utm_campaign=Ex4oJP\" class=\"_link_o9xde_39\" rel=\"nofollow noopener\" target=\"_blank\">Skottland<\/a> snappet VM-plassen fra danskene p\u00e5 overtid \u2013 etter en ellevill fotballkamp i Glasgow. <\/p>\n<p class=\"_paragraph_o9xde_4 _paragraph_xtcu6_10 layout-component text-serif-m layout-normal text-serif-m layout-padded\">To ganger tok Skottland ledelsen og dyttet Danmark ned p\u00e5 playoff-plass. Begge gangene utlignet danskene og tok tilbake tabelltoppen. <\/p>\n<p><img alt=\"Foto: Bo Amstrup \/ AP \/ NTB\" class=\"_image_qp4xg_65 layout-component layout-normal\" data-fullscreen- data-track-element-type=\"Article image fullscreen\" data-track-name=\"ImageFullscreen\" decoding=\"async\" loading=\"lazy\" height=\"3543\" itemprop=\"image\"  src=\"https:\/\/www.europesays.com\/no\/wp-content\/uploads\/2025\/11\/2c303c05-c9dd-430b-abbc-f99b50d2f10f\"  style=\"object-position:0% 0%\" width=\"5313\"\/>Foto: Bo Amstrup \/ AP \/ NTBDisse spiller VM-playoff<\/p>\n<ul class=\"_list_o9xde_3 _list_xtcu6_9 _list_16v91_9 _unordered_o9xde_106 layout-component text-serif-m layout-normal text-sans-m layout-padded\">\n<li class=\"_item_o9xde_30\">Pott 1: Italia, Danmark, Tyrkia og Ukraina<\/li>\n<li class=\"_item_o9xde_30\">Pott 2: Polen, Wales, Tsjekkia og Slovakia<\/li>\n<li class=\"_item_o9xde_30\">Pott 3: Irland, Albania, Bosnia og Kosovo<\/li>\n<li class=\"_item_o9xde_30\">Pott 4: Romania, Sverige, Nord-Makedonia og Nord-Irland<\/li>\n<\/ul>\n<p class=\"_paragraph_o9xde_4 _paragraph_xtcu6_10 _paragraph_16v91_10 layout-component text-serif-m layout-normal text-sans-m layout-padded\">Fire lag skal ti VM: Lagene fra pott 1 m\u00f8ter lagene fra pott 4 i den ene semifinalen, mens lagene fra pott 2 og 3 m\u00f8tes i den andre. Deretter m\u00f8tes vinnerne av disse i finale.<\/p>\n<p>Vis mer<\/p>\n<p class=\"_paragraph_o9xde_4 _paragraph_xtcu6_10 layout-component text-serif-m layout-normal text-serif-m layout-padded\">Men p\u00e5 overtid raknet det alts\u00e5 for Danmark, som n\u00e5 m\u00e5 gjennom to kamper for \u00e5 kvalifisere seg til fotball-VM neste sommer.<\/p>\n<p class=\"_paragraph_o9xde_4 _paragraph_xtcu6_10 layout-component text-serif-m layout-normal text-serif-m layout-padded\">Etter kampslutt gikk Danmarks st\u00f8rste avis Ekstra Bladet ned for telling.<\/p>\n<p><img alt=\"Foto: Skjermdump av hjemmesiden til Ekstra Bladet.\" class=\"_image_qp4xg_65 layout-component layout-normal\" data-fullscreen- data-track-element-type=\"Article image fullscreen\" data-track-name=\"ImageFullscreen\" decoding=\"async\" loading=\"lazy\" height=\"108\" itemprop=\"image\"  src=\"https:\/\/www.europesays.com\/no\/wp-content\/uploads\/2025\/11\/b1d16afe-8b22-4b07-8901-ab2eaf792ea2\"  style=\"object-position:0% 0%\" width=\"316\"\/>Foto: Skjermdump av hjemmesiden til Ekstra Bladet.<\/p>\n<p class=\"_paragraph_o9xde_4 _paragraph_xtcu6_10 layout-component text-serif-m layout-normal text-serif-m layout-padded\">Men i minuttene f\u00f8r kollapsen oppsummerte storavisen Danmarks VM-skjebne slik:<\/p>\n<p><img alt=\"Foto: Skjermdump av hjemmesiden til Ekstra Bladet.\" class=\"_image_qp4xg_65 layout-component layout-normal\" data-fullscreen- data-track-element-type=\"Article image fullscreen\" data-track-name=\"ImageFullscreen\" decoding=\"async\" loading=\"lazy\" height=\"1753\" itemprop=\"image\"  src=\"https:\/\/www.europesays.com\/no\/wp-content\/uploads\/2025\/11\/7458df00-8ca3-4bf9-b342-673e16c7f425\"  style=\"object-position:0% 0%\" width=\"1157\"\/>Foto: Skjermdump av hjemmesiden til Ekstra Bladet.<\/p>\n<p class=\"_paragraph_o9xde_4 _paragraph_xtcu6_10 layout-component text-serif-m layout-normal text-serif-m layout-padded\">I den danske avisen B.T. omtalte journalist Jakob Kl\u00f8cker kampens utvikling som \u00abforferdelige scener\u00bb:<\/p>\n<p class=\"_paragraph_o9xde_4 _paragraph_xtcu6_10 layout-component text-serif-m layout-normal text-serif-m layout-padded\">\u2013 Som dansker er det jo motbydelig \u00e5 v\u00e6re vitne til dette. <\/p>\n<p class=\"_paragraph_o9xde_4 _paragraph_xtcu6_10 layout-component text-serif-m layout-normal text-serif-m layout-padded\">Avisen er n\u00e5del\u00f8s i omtalen av landslagssjef Brian Riemer, som de mener har fremst\u00e5tt for selvtilfreds de siste dagene.<\/p>\n<p><img alt=\"Foto: ROBERT PERRY \/ EPA \/ NTB\" class=\"_image_qp4xg_65 layout-component layout-normal\" data-fullscreen- data-track-element-type=\"Article image fullscreen\" data-track-name=\"ImageFullscreen\" decoding=\"async\" loading=\"lazy\" height=\"1053\" itemprop=\"image\"  src=\"https:\/\/www.europesays.com\/no\/wp-content\/uploads\/2025\/11\/bdef36c8-7048-47fd-afcd-1facde3b970b\"  style=\"object-position:0% 0%\" width=\"1579\"\/>Foto: ROBERT PERRY \/ EPA \/ NTB<\/p>\n<p class=\"_paragraph_o9xde_4 _paragraph_xtcu6_10 layout-component text-serif-m layout-normal text-serif-m layout-padded\">Med l\u00f8rdagens 2\u20132-kamp hjemme mot et svakt Belarus inviterte danskene Skottland inn i kampen om direkte plass i VM igjen.<\/p>\n<p class=\"_paragraph_o9xde_4 _paragraph_xtcu6_10 layout-component text-serif-m layout-normal text-serif-m layout-padded\">\u2013 Tok oppgaven for lett p\u00e5 l\u00f8rdag. Og hele kommunikasjonen i forkant av kveldens kamp stinket av at man selvf\u00f8lgelig var et bedre lag enn Skottland. Og selvf\u00f8lgelig kom Danmark helt tannl\u00f8se ut til skjebnekampen. <\/p>\n<p class=\"_paragraph_o9xde_4 _paragraph_xtcu6_10 layout-component text-serif-m layout-normal text-serif-m layout-padded\"><strong class=\"_strong_o9xde_25\">\u2013 Vi stryker deg igjen, Riemer. Presset er n\u00e5 enormt p\u00e5 deg f\u00f8r playoffkampene. Dette er en kjempestor fiasko.<\/strong><\/p>\n<p><img alt=\"Foto: Jane Barlow \/ Pa Photos \/ NTB\" class=\"_image_qp4xg_65 layout-component layout-normal\" data-fullscreen- data-track-element-type=\"Article image fullscreen\" data-track-name=\"ImageFullscreen\" decoding=\"async\" loading=\"lazy\" height=\"3295\" itemprop=\"image\"  src=\"https:\/\/www.europesays.com\/no\/wp-content\/uploads\/2025\/11\/a8ee3bf8-55e8-4f3f-957f-f8badd555645\"  style=\"object-position:0% 0%\" width=\"4847\"\/>Foto: Jane Barlow \/ Pa Photos \/ NTB<\/p>\n<p class=\"_paragraph_o9xde_4 _paragraph_xtcu6_10 layout-component text-serif-m layout-normal text-serif-m layout-padded\">Ogs\u00e5 Rasmus Kristensen, som p\u00e5dro seg to gule kort s\u00e5 Danmark spilte med ti mann den siste halvtimen, f\u00e5r h\u00f8re det.<\/p>\n<p class=\"_paragraph_o9xde_4 _paragraph_xtcu6_10 layout-component text-serif-m layout-normal text-serif-m layout-padded\">\u2013 Var han helt frisk? Nissen virket merkelig slapp og uten energi \u2013 som om det fortsatt var litt mageproblemer i systemet. Det var ikke det vanlige morderblikket i \u00f8ynene til den midtjyske Dolph LundgrenDolph LundgrenSvensk skuespiller, manusforfatter og regiss\u00f8r. Fikk sitt gjennombrudd som den sovjetiske bokseren \u00abIvan Drago\u00bb i filmen Rocky IV fra 1985. , som ogs\u00e5 hadde mange mystiske feilpasninger. To fullstendig utilgivelige gule kort, skriver avisen om Kristensen, som f\u00e5r \u00e9n av seks mulige stjerner p\u00e5 b\u00f8rsen. <\/p>\n<p class=\"_paragraph_o9xde_4 _paragraph_xtcu6_10 layout-component text-serif-m layout-normal text-serif-m layout-padded\">Men danskene kan i hvert fall tr\u00f8ste seg med \u00e9n ting: De slipper \u00e5 <a href=\"https:\/\/www.vg.no\/sport\/i\/nyk31Q\/den-svenske-fotballeksperten-olof-lundh-slakter-norges-vm-feiring-grenser-til-det-patetiske\" data-track-element-type=\"Link\" data-track-id=\"link:nyk31Q\" class=\"_link_o9xde_39\" rel=\"nofollow noopener\" target=\"_blank\">f\u00e5 kritikk fra Sverige<\/a> for \u00e5 feire at VM-plassen er i boks.<\/p>\n","protected":false},"excerpt":{"rendered":"Danskene sparer ikke p\u00e5 dynamitten etter at VM-plassen r\u00f8k p\u00e5 overtid. Foto: Bo Amstrup \/ AP \/ NTB&hellip;\n","protected":false},"author":2,"featured_media":90579,"comment_status":"","ping_status":"","sticky":false,"template":"","format":"standard","meta":{"footnotes":""},"categories":[5],"tags":[20,21,1524,24,25,4472,15,19,22,23,17,18,13,30,28,29,14,16,4682,26,27],"class_list":{"0":"post-90578","1":"post","2":"type-post","3":"status-publish","4":"format-standard","5":"has-post-thumbnail","7":"category-overskrifter","8":"tag-breaking-news","9":"tag-breakingnews","10":"tag-danmark","11":"tag-featured-news","12":"tag-featurednews","13":"tag-fotball-vm","14":"tag-headlines","15":"tag-hovedoppslag","16":"tag-latest-news","17":"tag-latestnews","18":"tag-main-news","19":"tag-mainnews","20":"tag-news","21":"tag-no","22":"tag-norge","23":"tag-norway","24":"tag-nyheter","25":"tag-overskrifter","26":"tag-skottland","27":"tag-top-stories","28":"tag-topstories"},"share_on_mastodon":{"url":"https:\/\/pubeurope.com\/@no\/115574412855985609","error":""},"_links":{"self":[{"href":"https:\/\/www.europesays.com\/no\/wp-json\/wp\/v2\/posts\/90578","targetHints":{"allow":["GET"]}}],"collection":[{"href":"https:\/\/www.europesays.com\/no\/wp-json\/wp\/v2\/posts"}],"about":[{"href":"https:\/\/www.europesays.com\/no\/wp-json\/wp\/v2\/types\/post"}],"author":[{"embeddable":true,"href":"https:\/\/www.europesays.com\/no\/wp-json\/wp\/v2\/users\/2"}],"replies":[{"embeddable":true,"href":"https:\/\/www.europesays.com\/no\/wp-json\/wp\/v2\/comments?post=90578"}],"version-history":[{"count":0,"href":"https:\/\/www.europesays.com\/no\/wp-json\/wp\/v2\/posts\/90578\/revisions"}],"wp:featuredmedia":[{"embeddable":true,"href":"https:\/\/www.europesays.com\/no\/wp-json\/wp\/v2\/media\/90579"}],"wp:attachment":[{"href":"https:\/\/www.europesays.com\/no\/wp-json\/wp\/v2\/media?parent=90578"}],"wp:term":[{"taxonomy":"category","embeddable":true,"href":"https:\/\/www.europesays.com\/no\/wp-json\/wp\/v2\/categories?post=90578"},{"taxonomy":"post_tag","embeddable":true,"href":"https:\/\/www.europesays.com\/no\/wp-json\/wp\/v2\/tags?post=90578"}],"curies":[{"name":"wp","href":"https:\/\/api.w.org\/{rel}","templated":true}]}}