{"id":90600,"date":"2025-11-19T05:23:15","date_gmt":"2025-11-19T05:23:15","guid":{"rendered":"https:\/\/www.europesays.com\/no\/90600\/"},"modified":"2025-11-19T05:23:15","modified_gmt":"2025-11-19T05:23:15","slug":"fem-turister-dode-i-snostorm-i-chile","status":"publish","type":"post","link":"https:\/\/www.europesays.com\/no\/90600\/","title":{"rendered":"Fem turister d\u00f8de i sn\u00f8storm i Chile"},"content":{"rendered":"\n<p class=\"_lead_o9xde_2 _lead_xtcu6_50 layout-component text-serif-m layout-normal text-serif-l layout-component layout-wide layout-padded _wide_17hqh_1 layout-padded\">Fire andre ble funnet i live etter dramatisk redningsaksjon.<\/p>\n<p><img alt=\"Fem turister omkom da de ble overrasket av kraftig uv\u00e6r i Torres del Paine-nasjonalparken i Chile.  Foto: ANA FERNANDEZ \/ AFP \/ NTB\" class=\"_image_qp4xg_65 layout-component layout-wide\" data-fullscreen- data-track-element-type=\"Article image fullscreen\" data-track-name=\"ImageFullscreen\" fetchpriority=\"high\" decoding=\"sync\" loading=\"eager\" height=\"2397\" itemprop=\"image\"  src=\"https:\/\/www.europesays.com\/no\/wp-content\/uploads\/2025\/11\/1c8643dd-bef6-44b1-bc8c-84276f10130f\"  style=\"object-position:0% 0%\" width=\"3908\"\/>Fem turister omkom da de ble overrasket av kraftig uv\u00e6r i Torres del Paine-nasjonalparken i Chile.  Foto: ANA FERNANDEZ \/ AFP \/ NTB<\/p>\n<ul aria-hidden=\"true\" class=\"_images_18f0k_111\">\n<li><a class=\"_link_18f0k_116\" href=\"https:\/\/www.vg.no\/forfatter\/hege-varsi\" style=\"z-index:1\" title=\"Hege Varsi\" rel=\"nofollow noopener\" target=\"_blank\"><img alt=\"Bilde av Hege Varsi\" class=\"_image_18f0k_93\" fetchpriority=\"low\" loading=\"lazy\" decoding=\"async\" itemprop=\"image\"  src=\"https:\/\/www.europesays.com\/no\/wp-content\/uploads\/2025\/11\/1763529793_317_d48c09ee-ae08-4a71-8e5b-8db7c6b4f37d\"  width=\"480\"\/><\/a><\/li>\n<\/ul>\n<p> Oppdatert onsdag 19. november kl. 05:27     <\/p>\n<p class=\"_paragraph_o9xde_4 _paragraph_xtcu6_10 layout-component text-serif-m layout-normal text-serif-m layout-padded\">Minst fem turister har mistet livet i en kraftig sn\u00f8storm i Torres del Paine nasjonalpark i Chiles Patagonia-region. Fire andre som var savnet, ble funnet i live, melder <a href=\"https:\/\/edition.cnn.com\/2025\/11\/18\/americas\/torres-del-paine-snowstorm-five-dead-intl-latam\" class=\"_link_o9xde_39\" rel=\"nofollow noopener\" target=\"_blank\">CNN<\/a>.<\/p>\n<p class=\"_paragraph_o9xde_4 _paragraph_xtcu6_10 layout-component text-serif-m layout-normal text-serif-m layout-padded\">To meksikanere, to tyskere og en brite omkom i uv\u00e6ret. Myndighetene jobber n\u00e5 med \u00e5 hente ut de d\u00f8de.<\/p>\n<p><img alt=\"Letemannskaper s\u00f8ker etter turister som ble rammet av kraftig uv\u00e6r i nasjonalparken Torres del Paine i Patagonia, Chile, tirsdag.  Foto: HANDOUT \/ AFP \/ NTB\" class=\"_image_qp4xg_65 layout-component layout-normal\" data-fullscreen- data-track-element-type=\"Article image fullscreen\" data-track-name=\"ImageFullscreen\" decoding=\"async\" loading=\"lazy\" height=\"2200\" itemprop=\"image\"  src=\"https:\/\/www.europesays.com\/no\/wp-content\/uploads\/2025\/11\/2a58c10a-a93a-4a6d-926b-3faa2cc485a7\"  style=\"object-position:0% 0%\" width=\"1618\"\/>Letemannskaper s\u00f8ker etter turister som ble rammet av kraftig uv\u00e6r i nasjonalparken Torres del Paine i Patagonia, Chile, tirsdag.  Foto: HANDOUT \/ AFP \/ NTB<\/p>\n<p class=\"_paragraph_o9xde_4 _paragraph_xtcu6_10 layout-component text-serif-m layout-normal text-serif-m layout-padded\">Chiles president Gabriel Boric kondolerte de p\u00e5r\u00f8rende og forsikret om at landets myndigheter vil gi full st\u00f8tte i den vanskelige tiden.<\/p>\n<p class=\"_paragraph_o9xde_4 _paragraph_xtcu6_10 layout-component text-serif-m layout-normal text-serif-m layout-padded\">Omr\u00e5det har opplevd ekstreme v\u00e6rforhold med kraftig sn\u00f8fall og vinder p\u00e5 opptil 190 kilometer i timen. Deler av nasjonalparken er stengt som f\u00f8lge av uv\u00e6ret.<\/p>\n<p class=\"_paragraph_o9xde_4 _paragraph_xtcu6_10 layout-component text-serif-m layout-normal text-serif-m layout-padded\">24 redningsmannskaper, inkludert team fra politiet og h\u00e6ren, er satt inn i rednings- og bergingsarbeidet. De harde v\u00e6rforholdene gj\u00f8r arbeidet sv\u00e6rt krevende.<\/p>\n<p><img alt=\"Foto: HANDOUT \/ AFP \/ NTB\" class=\"_image_qp4xg_65 layout-component layout-normal\" data-fullscreen- data-track-element-type=\"Article image fullscreen\" data-track-name=\"ImageFullscreen\" decoding=\"async\" loading=\"lazy\" height=\"2200\" itemprop=\"image\"  src=\"https:\/\/www.europesays.com\/no\/wp-content\/uploads\/2025\/11\/62377b88-790e-4d83-bcaf-5a4a7f9ba51e\"  style=\"object-position:0% 0%\" width=\"1466\"\/>Foto: HANDOUT \/ AFP \/ NTB<\/p>\n<p class=\"_paragraph_o9xde_4 _paragraph_xtcu6_10 layout-component text-serif-m layout-normal text-serif-m layout-padded\">Turistene hadde blitt borte n\u00e6r parkens Los Perros-leir, et omr\u00e5de som kun kan n\u00e5s etter fire til fem timers fotturer fra n\u00e6rmeste tilgjengelige punkt for kj\u00f8ret\u00f8y.<\/p>\n<p class=\"_paragraph_o9xde_4 _paragraph_xtcu6_10 layout-component text-serif-m layout-normal text-serif-m layout-padded\">Borgermester Anah\u00ed C\u00e1rdenas opplyser at turistene bes\u00f8kte parken uten guide. Hun beskriver fjellturen som kompleks, men mener tragedien skyldtes v\u00e6rforholdene.<\/p>\n<p class=\"_paragraph_o9xde_4 _paragraph_xtcu6_10 layout-component text-serif-m layout-normal text-serif-m layout-padded\">Torres del Paine nasjonalpark er kjent for sine kilometerlange isbreer, turkisbl\u00e5 innsj\u00f8er og h\u00f8ye granittopper. Parken trekker turister fra hele verden som kommer for \u00e5 vandre i det spektakul\u00e6re landskapet.<\/p>\n<p><img alt=\"Foto: HANDOUT \/ AFP \/ NTB\" class=\"_image_qp4xg_65 layout-component layout-normal\" data-fullscreen- data-track-element-type=\"Article image fullscreen\" data-track-name=\"ImageFullscreen\" decoding=\"async\" loading=\"lazy\" height=\"1573\" itemprop=\"image\"  src=\"https:\/\/www.europesays.com\/no\/wp-content\/uploads\/2025\/11\/e1e91f1d-d1d7-4540-9674-9009563f7133\"  style=\"object-position:0% 0%\" width=\"2200\"\/>Foto: HANDOUT \/ AFP \/ NTB    <\/p>\n","protected":false},"excerpt":{"rendered":"Fire andre ble funnet i live etter dramatisk redningsaksjon. Fem turister omkom da de ble overrasket av kraftig&hellip;\n","protected":false},"author":2,"featured_media":90601,"comment_status":"","ping_status":"","sticky":false,"template":"","format":"standard","meta":{"footnotes":""},"categories":[12],"tags":[20,21,24,25,15,22,23,13,30,28,29,14,16,26,27,42,46,43,44,45],"class_list":{"0":"post-90600","1":"post","2":"type-post","3":"status-publish","4":"format-standard","5":"has-post-thumbnail","7":"category-verden","8":"tag-breaking-news","9":"tag-breakingnews","10":"tag-featured-news","11":"tag-featurednews","12":"tag-headlines","13":"tag-latest-news","14":"tag-latestnews","15":"tag-news","16":"tag-no","17":"tag-norge","18":"tag-norway","19":"tag-nyheter","20":"tag-overskrifter","21":"tag-top-stories","22":"tag-topstories","23":"tag-verden","24":"tag-vgai","25":"tag-world","26":"tag-world-news","27":"tag-worldnews"},"share_on_mastodon":{"url":"https:\/\/pubeurope.com\/@no\/115574695884676244","error":""},"_links":{"self":[{"href":"https:\/\/www.europesays.com\/no\/wp-json\/wp\/v2\/posts\/90600","targetHints":{"allow":["GET"]}}],"collection":[{"href":"https:\/\/www.europesays.com\/no\/wp-json\/wp\/v2\/posts"}],"about":[{"href":"https:\/\/www.europesays.com\/no\/wp-json\/wp\/v2\/types\/post"}],"author":[{"embeddable":true,"href":"https:\/\/www.europesays.com\/no\/wp-json\/wp\/v2\/users\/2"}],"replies":[{"embeddable":true,"href":"https:\/\/www.europesays.com\/no\/wp-json\/wp\/v2\/comments?post=90600"}],"version-history":[{"count":0,"href":"https:\/\/www.europesays.com\/no\/wp-json\/wp\/v2\/posts\/90600\/revisions"}],"wp:featuredmedia":[{"embeddable":true,"href":"https:\/\/www.europesays.com\/no\/wp-json\/wp\/v2\/media\/90601"}],"wp:attachment":[{"href":"https:\/\/www.europesays.com\/no\/wp-json\/wp\/v2\/media?parent=90600"}],"wp:term":[{"taxonomy":"category","embeddable":true,"href":"https:\/\/www.europesays.com\/no\/wp-json\/wp\/v2\/categories?post=90600"},{"taxonomy":"post_tag","embeddable":true,"href":"https:\/\/www.europesays.com\/no\/wp-json\/wp\/v2\/tags?post=90600"}],"curies":[{"name":"wp","href":"https:\/\/api.w.org\/{rel}","templated":true}]}}