{"id":90714,"date":"2025-11-19T08:11:10","date_gmt":"2025-11-19T08:11:10","guid":{"rendered":"https:\/\/www.europesays.com\/no\/90714\/"},"modified":"2025-11-19T08:11:10","modified_gmt":"2025-11-19T08:11:10","slug":"gasslekkasje-politiet-ammoniakklekkasje-i-tromso-fire-utsatt-for-giftig-gass","status":"publish","type":"post","link":"https:\/\/www.europesays.com\/no\/90714\/","title":{"rendered":"Gasslekkasje, Politiet | Ammoniakklekkasje i Troms\u00f8 \u2013 fire utsatt for giftig gass"},"content":{"rendered":"\n<p>N\u00f8detatene er p\u00e5 vei til Troms\u00f8terminalen p\u00e5 Skatt\u00f8ra etter melding om en gasslekkasje.<\/p>\n<p>Det skal v\u00e6re snakk om en ammoniakklekkasje. Lekkasjen skal komme fra maskinrommet p\u00e5 en b\u00e5t som ligger ved kai.<\/p>\n<p>Meldingen om lekkasjen kom klokken 08.09.<\/p>\n<p>\u2013 Totalt er det fire personer som er ivaretatt av helsevesenet, og de er kj\u00f8rt til UNN, sier politiets innsatsleder Kristoffer Skjelbred til Nordlys.<\/p>\n<p>   <img decoding=\"async\" width=\"2880\" height=\"2160\" fetchpriority=\"low\"  loading=\"lazy\"  src=\"https:\/\/www.europesays.com\/no\/wp-content\/uploads\/2025\/11\/57842f4a-7719-449d-a072-b87c6ca32751.jfif\" alt=\"\" class=\"brick-c-cFOWSL\" style=\"--brick-image-ratio: 2880 \/ 2160;\"\/><\/p>\n<p>      P\u00c5 STEDET: Innsatsleder Kristoffer Skjelbred sier det er for tidlig \u00e5 si noe om \u00e5rsaken til ulykken.<br \/>\n      Foto: \u00d8ystein Barth-Heyerdahl\n    <\/p>\n<p>  P\u00e5virker ikke trafikk<\/p>\n<p>Han kan ikke si noe om skadeomfanget eller \u00e5rsaken.<\/p>\n<p>\u2013 Det er for tidlig \u00e5 si noe om \u00e5rsaken.<\/p>\n<p>De fire skadde skal alle jobbe p\u00e5 skipet, som heter \u00abBreitind\u00bb.<\/p>\n<p>Trafikken langs Stakkevollvegen er ikke p\u00e5virket.<\/p>\n<p>Lekkasjen stanset<\/p>\n<p>Klokken 08.26 melder politiet at lekkasjen er stanset av brannvesenet.<\/p>\n<p>\u2013 Sikkerhetssonen rundt b\u00e5ten er tatt ned og det ansees ikke lengre \u00e5 v\u00e6re en risiko for eksponering, sier operasjonslederen.<\/p>\n<p>Det er til sammen fire personer fra mannskapet p\u00e5 22 som har blitt eksponert for gassen.<\/p>\n<p>\u2013 De blir kj\u00f8rt med ambulanse til UNN for videre behandling, melder Andreassen.<\/p>\n<p>Det p\u00e5g\u00e5r n\u00e5 ventilering av fart\u00f8yet. N\u00e5r forholdene tillater det vil politiet iverksette etterforskning for \u00e5 finne \u00e5rsaken til lekkasjen.<\/p>\n<p>Politiet sier driften p\u00e5 Troms\u00f8terminalen vil fortsette som normalt onsdag.<\/p>\n<p>\u2013 Her vil det v\u00e6re vanlig drift utover dagen. Ikke noe tiltak fra politi eller n\u00f8detater, sier innsatsleder Skjelbred.<\/p>\n<p>   <img decoding=\"async\" width=\"2880\" height=\"2160\" fetchpriority=\"low\"  loading=\"lazy\"  src=\"https:\/\/www.europesays.com\/no\/wp-content\/uploads\/2025\/11\/8f1f669e-7e57-41ec-bf02-83c947e73058.jfif\" alt=\"\" class=\"brick-c-cFOWSL\" style=\"--brick-image-ratio: 2880 \/ 2160;\"\/><\/p>\n<p>      GIFTIG GASS: Tre personer skal ha blitt utsatt for ammoniakk, som er en giftig gass.<br \/>\n      Foto: \u00d8ystein Barth-Heyerdahl\n    <\/p>\n","protected":false},"excerpt":{"rendered":"N\u00f8detatene er p\u00e5 vei til Troms\u00f8terminalen p\u00e5 Skatt\u00f8ra etter melding om en gasslekkasje. Det skal v\u00e6re snakk om&hellip;\n","protected":false},"author":2,"featured_media":90715,"comment_status":"","ping_status":"","sticky":false,"template":"","format":"standard","meta":{"footnotes":""},"categories":[12],"tags":[36,20,21,24,25,7962,15,22,23,13,30,28,29,14,16,468,11881,1510,26,27,42,43,44,45],"class_list":{"0":"post-90714","1":"post","2":"type-post","3":"status-publish","4":"format-standard","5":"has-post-thumbnail","7":"category-verden","8":"tag-art","9":"tag-breaking-news","10":"tag-breakingnews","11":"tag-featured-news","12":"tag-featurednews","13":"tag-gasslekkasje","14":"tag-headlines","15":"tag-latest-news","16":"tag-latestnews","17":"tag-news","18":"tag-no","19":"tag-norge","20":"tag-norway","21":"tag-nyheter","22":"tag-overskrifter","23":"tag-politiet","24":"tag-skattora","25":"tag-story","26":"tag-top-stories","27":"tag-topstories","28":"tag-verden","29":"tag-world","30":"tag-world-news","31":"tag-worldnews"},"share_on_mastodon":{"url":"https:\/\/pubeurope.com\/@no\/115575356582306547","error":""},"_links":{"self":[{"href":"https:\/\/www.europesays.com\/no\/wp-json\/wp\/v2\/posts\/90714","targetHints":{"allow":["GET"]}}],"collection":[{"href":"https:\/\/www.europesays.com\/no\/wp-json\/wp\/v2\/posts"}],"about":[{"href":"https:\/\/www.europesays.com\/no\/wp-json\/wp\/v2\/types\/post"}],"author":[{"embeddable":true,"href":"https:\/\/www.europesays.com\/no\/wp-json\/wp\/v2\/users\/2"}],"replies":[{"embeddable":true,"href":"https:\/\/www.europesays.com\/no\/wp-json\/wp\/v2\/comments?post=90714"}],"version-history":[{"count":0,"href":"https:\/\/www.europesays.com\/no\/wp-json\/wp\/v2\/posts\/90714\/revisions"}],"wp:featuredmedia":[{"embeddable":true,"href":"https:\/\/www.europesays.com\/no\/wp-json\/wp\/v2\/media\/90715"}],"wp:attachment":[{"href":"https:\/\/www.europesays.com\/no\/wp-json\/wp\/v2\/media?parent=90714"}],"wp:term":[{"taxonomy":"category","embeddable":true,"href":"https:\/\/www.europesays.com\/no\/wp-json\/wp\/v2\/categories?post=90714"},{"taxonomy":"post_tag","embeddable":true,"href":"https:\/\/www.europesays.com\/no\/wp-json\/wp\/v2\/tags?post=90714"}],"curies":[{"name":"wp","href":"https:\/\/api.w.org\/{rel}","templated":true}]}}