{"id":90788,"date":"2025-11-19T09:32:11","date_gmt":"2025-11-19T09:32:11","guid":{"rendered":"https:\/\/www.europesays.com\/no\/90788\/"},"modified":"2025-11-19T09:32:11","modified_gmt":"2025-11-19T09:32:11","slug":"sara-khorami-i-ulykke-pa-settet","status":"publish","type":"post","link":"https:\/\/www.europesays.com\/no\/90788\/","title":{"rendered":"Sara Khorami i ulykke p\u00e5 settet:"},"content":{"rendered":"\n<ul class=\"_list_o9xde_3 _list_64s2r_85 _unordered_o9xde_106 text-sans-m\">\n<li class=\"_item_o9xde_30\">Skuespiller Sara Khorami havnet i en dramatisk b\u00e5tulykke under innspillingen av monsterfilmen \u00abKraken\u00bb.<\/li>\n<li class=\"_item_o9xde_30\">Khorami krasjet med en RIB-b\u00e5t i et oppdrettsanlegg og fikk fire sting i pannen.<\/li>\n<li class=\"_item_o9xde_30\">Til tross for ulykken ble hun raskt frisk og fortsatte filmingen.<\/li>\n<li class=\"_item_o9xde_30\">\u00abKraken\u00bb har premiere 6. februar 2026.<\/li>\n<\/ul>\n<p>Vis mer <\/p>\n<p class=\"_paragraph_o9xde_4 _paragraph_xtcu6_10 layout-component text-serif-m layout-normal text-serif-m layout-padded\">\u2013 Det var ganske heftig. Jeg ser litt ut som Harry Potter n\u00e5, sier skuespiller Sara Khorami til VG og peker p\u00e5 konturene av et arr i pannen. <\/p>\n<p class=\"_paragraph_o9xde_4 _paragraph_xtcu6_10 layout-component text-serif-m layout-normal text-serif-m layout-padded\">Det eneste magiske med bakomhistorien er at det gikk s\u00e5 bra som det gjorde. <\/p>\n<p class=\"_paragraph_o9xde_4 _paragraph_xtcu6_10 layout-component text-serif-m layout-normal text-serif-m layout-padded\">Khorami var nemlig involvert i en b\u00e5tulykke p\u00e5 settet til monsterfilmen \u00abKraken\u00bb p\u00e5 Matre, 28. august 2024. <\/p>\n<p class=\"_paragraph_o9xde_4 _paragraph_xtcu6_10 layout-component text-serif-m layout-normal text-serif-m layout-padded\">\u2013 Jeg hadde ikke sett den komme, at jeg skulle krasje inn i et oppdrettsanleggoppdrettsanleggEt oppdrettsanlegg er et sted hvor fisk, som laks, blir avlet og oppdrettet i kontrollerte omgivelser for kommersiell produksjon. med en RIB-b\u00e5tRIB-b\u00e5tEn RIB-b\u00e5t er en type oppbl\u00e5sbar b\u00e5t med stiv bunn, ofte brukt til raske og man\u00f8vrerbare oppgaver p\u00e5 vannet. p\u00e5 dag to av innspillingen, forteller 38-\u00e5ringen. <\/p>\n<p class=\"_paragraph_o9xde_4 _paragraph_xtcu6_10 layout-component text-serif-m layout-normal text-serif-m layout-padded\"><strong class=\"_strong_o9xde_25\">Se klipp fra ulykken:<\/strong><\/p>\n<p>    \u2013 Fossbl\u00f8dde<\/p>\n<p class=\"_paragraph_o9xde_4 _paragraph_xtcu6_10 layout-component text-serif-m layout-normal text-serif-m layout-padded\">Khorami, som styrte b\u00e5ten selv, kj\u00f8rte inn i en merdemerdeEn innhegning i sj\u00f8en for oppdrett av fisk. og smalt hodet rett i frontruten.<\/p>\n<p class=\"_paragraph_o9xde_4 _paragraph_xtcu6_10 layout-component text-serif-m layout-normal text-serif-m layout-padded\">\u2013 Det regnet ikke s\u00e5 mye, s\u00e5 jeg forsto raskt at det var blod som rant nedover ansiktet. Det fossbl\u00f8dde. Herregud&#8230; <\/p>\n<p class=\"_paragraph_o9xde_4 _paragraph_xtcu6_10 layout-component text-serif-m layout-normal text-serif-m layout-padded\">\u00abKraken\u00bb-regiss\u00f8r <a href=\"https:\/\/www.vg.no\/tag\/paal-oeie?utm_source=vg-article&amp;utm_medium=auto-tagger&amp;utm_campaign=JbP9b7\" class=\"_link_o9xde_39\" rel=\"nofollow noopener\" target=\"_blank\">P\u00e5l \u00d8ie<\/a> husker hendelsen som en guffen opplevelse. <\/p>\n<p class=\"_paragraph_o9xde_4 _paragraph_xtcu6_10 layout-component text-serif-m layout-normal text-serif-m layout-padded\">\u2013 P\u00e5 innpust ble b\u00e5ten borte bak en bygning noen sekunder. S\u00e5 kom et ekkelt smell! Det sitter i den dag i dag. F\u00f8rst var jeg lamsl\u00e5tt, men det hadde heldigvis g\u00e5tt bra med Sara, skriver han i en SMS til VG. <\/p>\n<p class=\"_paragraph_o9xde_4 _paragraph_xtcu6_10 layout-component text-serif-m layout-normal text-serif-m layout-padded\">\u00d8ie forteller at sikkerhetsansvarlig og lege p\u00e5 sett var p\u00e5 plass umiddelbart. <\/p>\n<p><img alt=\"Foto: Privat \/ Sara Khorami\" class=\"_image_qp4xg_65 layout-component layout-normal\" data-fullscreen- data-track-element-type=\"Article image fullscreen\" data-track-name=\"ImageFullscreen\" decoding=\"async\" loading=\"lazy\" height=\"4032\" itemprop=\"image\"  src=\"https:\/\/www.europesays.com\/no\/wp-content\/uploads\/2025\/11\/03e74373-ebab-485b-942e-675d954093c9\"  style=\"object-position:0% 0%\" width=\"3024\"\/>Foto: Privat \/ Sara Khorami<\/p>\n<p class=\"_paragraph_o9xde_4 _paragraph_xtcu6_10 layout-component text-serif-m layout-normal text-serif-m layout-padded\">Etter hendelsen bar det rett p\u00e5 legevakten. Det hele endte med fire sting i pannen og \u00e9n dag restitusjon &#8211; ingen varige m\u00e9n. <\/p>\n<p class=\"_paragraph_o9xde_4 _paragraph_xtcu6_10 layout-component text-serif-m layout-normal text-serif-m layout-padded\">\u2013 Hun hadde f\u00e5tt et kraftig kutt i pannen. Ja, jeg f\u00f8lte meg som en Voldemort. Det kunne g\u00e5tt mye verre. Sara er ei skikkelig t\u00f8ff dame! melder \u00d8ie. <\/p>\n<p class=\"_paragraph_o9xde_4 _paragraph_xtcu6_10 layout-component text-serif-m layout-normal text-serif-m layout-padded\">\u2013 Jeg hadde litt skallebank, men har hatt skikkelig flaks, erkjenner Khorami. <\/p>\n<p><img alt=\"SKADET: Khoramis ansikt bar fortsatt preg av b\u00e5tulykken noen uker etter hendelsen.   Foto: Privat\" class=\"_image_qp4xg_65 layout-component layout-normal\" data-fullscreen- data-track-element-type=\"Article image fullscreen\" data-track-name=\"ImageFullscreen\" decoding=\"async\" loading=\"lazy\" height=\"854\" itemprop=\"image\"  src=\"https:\/\/www.europesays.com\/no\/wp-content\/uploads\/2025\/11\/200df278-b04d-4b66-9cbc-172a1648a315\"  style=\"object-position:0% 0%\" width=\"620\"\/>SKADET: Khoramis ansikt bar fortsatt preg av b\u00e5tulykken noen uker etter hendelsen.   Foto: Privat<\/p>\n<p class=\"_paragraph_o9xde_4 _paragraph_xtcu6_10 layout-component text-serif-m layout-normal text-serif-m layout-padded\">38-\u00e5ringen forteller at \u00d8ie og VFX-teamet m\u00e5tte legge til et arr i pannen p\u00e5 karakterens hennes i alle scenene i filmen, for at det ikke skulle oppst\u00e5 en logisk brist. <\/p>\n<p><img decoding=\"async\" alt=\"Bilde av Regiss\u00f8r P\u00e5l \u00d8ie\" class=\"_image_ygndg_42\" height=\"58\" itemprop=\"image\" loading=\"lazy\"  src=\"https:\/\/www.europesays.com\/no\/wp-content\/uploads\/2025\/11\/ef95bfed-3a96-407d-96df-e757c55cdfc9\"  width=\"40\"\/><strong class=\"_name_ygndg_51 title-serif-xs\">Regiss\u00f8r P\u00e5l \u00d8ie<\/strong><\/p>\n<p class=\"_paragraph_o9xde_4 _paragraph_xtcu6_10 layout-component text-serif-m layout-normal text-serif-m layout-padded\">\u2013 Istedenfor \u00e5 fjerne plaster, sting og arret helt med visuelle effekter, tenkte jeg at vi m\u00e5tte bruke det. I mange bilder i filmen ser vi det ekte arret, men det kostet selvsagt produksjonen mange timer i VFX-arbeid for at kabalen skulle g\u00e5 opp, deler \u00d8ie. <\/p>\n<p><img alt=\"SYNLIG ARR: Sara Khorami endte med kutt i pannen under hele filmen.   Foto: Nordisk Film Distribusjon\" class=\"_image_qp4xg_65 layout-component layout-normal\" data-fullscreen- data-track-element-type=\"Article image fullscreen\" data-track-name=\"ImageFullscreen\" decoding=\"async\" loading=\"lazy\" height=\"1668\" itemprop=\"image\"  src=\"https:\/\/www.europesays.com\/no\/wp-content\/uploads\/2025\/11\/d0a3f6ef-8b00-4434-a4cd-48abaf2c4edb\"  style=\"object-position:0% 0%\" width=\"2500\"\/>SYNLIG ARR: Sara Khorami endte med kutt i pannen under hele filmen.   Foto: Nordisk Film Distribusjon\u2013 Faen, jeg ser ingenting<\/p>\n<p class=\"_paragraph_o9xde_4 _paragraph_xtcu6_10 layout-component text-serif-m layout-normal text-serif-m layout-padded\">Khorami hadde \u00f8vd mye p\u00e5 dagtid, men da scenen faktisk skulle filmes var det kveld og bekm\u00f8rkt. Samme dag som ulykke skjedde hadde 38-\u00e5ringen allerede gjort en del actionsekvenser. <\/p>\n<p class=\"_paragraph_o9xde_4 _paragraph_xtcu6_10 layout-component text-serif-m layout-normal text-serif-m layout-padded\">\u2013 Jeg var nok litt pumpet og hadde overtenning etter det. S\u00e5 jeg hev meg i den RIB-en og bare m\u00e5ket p\u00e5, f\u00f8r jeg tenkte: \u00abFaen, jeg ser jo ingenting\u00bb. S\u00e5 kom det et sterkt lys fra en lampe p\u00e5 oppdrettsanlegget som blendet meg, og f\u00f8r jeg rakk \u00e5 tenke noe mer smalt det, forklarer hun. <\/p>\n<p><img alt=\"HULL: Slik s\u00e5 frontpartiet p\u00e5 RIB-en ut etter ulykken.   Foto: Privat\" class=\"_image_qp4xg_65 layout-component layout-normal\" data-fullscreen- data-track-element-type=\"Article image fullscreen\" data-track-name=\"ImageFullscreen\" decoding=\"async\" loading=\"lazy\" height=\"3024\" itemprop=\"image\"  src=\"https:\/\/www.europesays.com\/no\/wp-content\/uploads\/2025\/11\/d10d80a0-615e-4a9f-90e1-932571820218\"  style=\"object-position:0% 0%\" width=\"4032\"\/>HULL: Slik s\u00e5 frontpartiet p\u00e5 RIB-en ut etter ulykken.   Foto: Privat<\/p>\n<p class=\"_paragraph_o9xde_4 _paragraph_xtcu6_10 layout-component text-serif-m layout-normal text-serif-m layout-padded\">P\u00e5 sp\u00f8rsm\u00e5l om det var aktuelt \u00e5 tilpasse manuset slik at ulykken kunne brukes i den ferdige filmen, svarer hun \u00abdessverre ikke\u00bb.<\/p>\n<p class=\"_paragraph_o9xde_4 _paragraph_xtcu6_10 layout-component text-serif-m layout-normal text-serif-m layout-padded\">\u2013 Jeg skulle bare kj\u00f8re ut i fjorden i en b\u00e5t-sekvens som skulle v\u00e6re litt sexy, s\u00e5 det hadde ikke tatt seg ut. Men jeg hadde h\u00e5pet de kunne bruke det, innr\u00f8mmer hun. <\/p>\n<p class=\"_paragraph_o9xde_4 _paragraph_xtcu6_10 layout-component text-serif-m layout-normal text-serif-m layout-padded\">\u2013 \u00abDette m\u00e5 vi bruke i filmen!!\u00bb. Det var det f\u00f8rste Sara, full av adrenalin, sa til de som kom om bord i b\u00e5ten for \u00e5 hjelpe, forteller \u00d8ie. <\/p>\n<p> <img alt=\"VED GODT MOT: Sara Khorami i sykesengen 29. august, noen timer etter ulykken.   Foto: Privat\" class=\"_image_qp4xg_65 layout-component layout-normal\" data-fullscreen- data-track-element-type=\"Article image fullscreen\" data-track-name=\"ImageFullscreen\" decoding=\"async\" loading=\"lazy\" height=\"2982\" itemprop=\"image\"  src=\"https:\/\/www.europesays.com\/no\/wp-content\/uploads\/2025\/11\/17e06395-9be3-4205-b81f-775630bd5ccd\"  style=\"object-position:0% 0%\" width=\"3020\"\/>VED GODT MOT: Sara Khorami i sykesengen 29. august, noen timer etter ulykken.   Foto: Privat\u2013 Kjente litt p\u00e5 klaustrofobien<\/p>\n<p class=\"_paragraph_o9xde_4 _paragraph_xtcu6_10 layout-component text-serif-m layout-normal text-serif-m layout-padded\">I \u00abKraken\u00bb v\u00e5kner et gigantisk sj\u00f8uhyre til live i Sognefjorden. <\/p>\n<p class=\"_paragraph_o9xde_4 _paragraph_xtcu6_10 layout-component text-serif-m layout-normal text-serif-m layout-padded\">Khorami spiller marinbiologen Johanne Berge. Den <a href=\"https:\/\/www.vg.no\/rampelys\/i\/7dXoqw\/prisdryss-til-verdens-verste-menneske\" data-track-element-type=\"Link\" data-track-id=\"link:7dXoqw\" class=\"_link_o9xde_39\" rel=\"nofollow noopener\" target=\"_blank\">prisvinnende skuespilleren<\/a> kanaliserte sin indre Tom Cruise for rollen, ved \u00e5 utf\u00f8re de fleste stuntene selv. <\/p>\n<p class=\"_paragraph_o9xde_4 _paragraph_xtcu6_10 layout-component text-serif-m layout-normal text-serif-m layout-padded\">\u2013 Det bestemte jeg meg for tidlig. Det er jo noe av det kuleste med \u00e5 gj\u00f8re action, \u00e5 faktisk gjennomf\u00f8re det som er moro med det. At man presser noen grenser, sier hun forn\u00f8yd. <\/p>\n<p><img alt=\"Karakteren Johanne Berge i tr\u00f8bbel i \u00abKraken\u00bb. Kanskje til og med mer tr\u00f8bbel enn Sara Khorami i RIB-b\u00e5t?   Foto: Nordisk Filmdistribusjon \/ Nordisk Filmdistribusjon\" class=\"_image_qp4xg_65 layout-component layout-normal\" data-fullscreen- data-track-element-type=\"Article image fullscreen\" data-track-name=\"ImageFullscreen\" decoding=\"async\" loading=\"lazy\" height=\"2812\" itemprop=\"image\"  src=\"https:\/\/www.europesays.com\/no\/wp-content\/uploads\/2025\/11\/997bc276-87cb-4427-ac87-5c4e7fa718c1\"  style=\"object-position:0% 0%\" width=\"5360\"\/>Karakteren Johanne Berge i tr\u00f8bbel i \u00abKraken\u00bb. Kanskje til og med mer tr\u00f8bbel enn Sara Khorami i RIB-b\u00e5t?   Foto: Nordisk Filmdistribusjon \/ Nordisk Filmdistribusjon<\/p>\n<p class=\"_paragraph_o9xde_4 _paragraph_xtcu6_10 layout-component text-serif-m layout-normal text-serif-m layout-padded\">Og der grensene ble flyttet lengst, var da Khorami m\u00e5tte dykke med fullt utstyr.<\/p>\n<p class=\"_paragraph_o9xde_4 _paragraph_xtcu6_10 layout-component text-serif-m layout-normal text-serif-m layout-padded\">\u2013 Da kjente jeg litt p\u00e5 klaustrofobien. Det er noe med at du h\u00f8rer din egen pust og s\u00e5nt. Da er jeg mer en fridykker-type, hvor du heller bare holder pusten selv. Men vi ble jo veldig godt passet p\u00e5 av mange dyktige folk, understreker hun. <\/p>\n<p class=\"_paragraph_o9xde_4 _paragraph_xtcu6_10 layout-component text-serif-m layout-normal text-serif-m layout-padded\">\u2013 Hvor lenge klarte du \u00e5 holde pusten da?<\/p>\n<p class=\"_paragraph_o9xde_4 _paragraph_xtcu6_10 layout-component text-serif-m layout-normal text-serif-m layout-padded\">\u2013 Nei, det er ikke noe \u00e5 skryte av. Tre minutter kanskje. <\/p>\n<p>   \u2013 Det mest absurde<\/p>\n<p class=\"_paragraph_o9xde_4 _paragraph_xtcu6_10 layout-component text-serif-m layout-normal text-serif-m layout-padded\">Khorami er virkelig i vinden om dagen. I tillegg til \u00abKraken\u00bb, som kommer p\u00e5 kino 6. februar 2026, er 38-\u00e5ringen aktuell i julefilmen <a href=\"https:\/\/www.vg.no\/rampelys\/i\/alrlPa\/anmeldelse-hvis-ingen-gaar-i-fella\" data-track-element-type=\"Link\" data-track-id=\"link:alrlPa\" class=\"_link_o9xde_39\" rel=\"nofollow noopener\" target=\"_blank\">\u00abHvis ingen g\u00e5r i fella\u00bb<\/a> og Netflix kommende storsatsing <a href=\"https:\/\/tv.vg.no\/video\/344849\/angriper-norske-landemerker-netflix-troll-2\" class=\"_link_o9xde_39\" rel=\"nofollow noopener\" target=\"_blank\">\u00abTroll 2\u00bb<\/a>. <\/p>\n<p class=\"_paragraph_o9xde_4 _paragraph_xtcu6_10 layout-component text-serif-m layout-normal text-serif-m layout-padded\">\u2013 Hva er vanskeligst \u00e5 spille mot p\u00e5 settet av usynlige sj\u00f8monstre, troll og mus? <\/p>\n<p class=\"_paragraph_o9xde_4 _paragraph_xtcu6_10 layout-component text-serif-m layout-normal text-serif-m layout-padded\">\u2013 Det er faktisk like vanskelig. Jeg vet jo ikke hva jeg har reagert p\u00e5 f\u00f8r jeg f\u00e5r se filmen. Du er n\u00f8dt til \u00e5 forestille deg noe som absolutt ikke er der. Det er det mest absurde jeg har gjort.<\/p>\n","protected":false},"excerpt":{"rendered":"Skuespiller Sara Khorami havnet i en dramatisk b\u00e5tulykke under innspillingen av monsterfilmen \u00abKraken\u00bb. Khorami krasjet med en RIB-b\u00e5t&hellip;\n","protected":false},"author":2,"featured_media":90789,"comment_status":"","ping_status":"","sticky":false,"template":"","format":"standard","meta":{"footnotes":""},"categories":[58],"tags":[71,460,11888,11889,30,28,29,11887,51,72],"class_list":{"0":"post-90788","1":"post","2":"type-post","3":"status-publish","4":"format-standard","5":"has-post-thumbnail","7":"category-underholdning","8":"tag-entertainment","9":"tag-film","10":"tag-kraken","11":"tag-masfjorden","12":"tag-no","13":"tag-norge","14":"tag-norway","15":"tag-pal-oie","16":"tag-ulykke","17":"tag-underholdning"},"share_on_mastodon":{"url":"https:\/\/pubeurope.com\/@no\/115575674999347067","error":""},"_links":{"self":[{"href":"https:\/\/www.europesays.com\/no\/wp-json\/wp\/v2\/posts\/90788","targetHints":{"allow":["GET"]}}],"collection":[{"href":"https:\/\/www.europesays.com\/no\/wp-json\/wp\/v2\/posts"}],"about":[{"href":"https:\/\/www.europesays.com\/no\/wp-json\/wp\/v2\/types\/post"}],"author":[{"embeddable":true,"href":"https:\/\/www.europesays.com\/no\/wp-json\/wp\/v2\/users\/2"}],"replies":[{"embeddable":true,"href":"https:\/\/www.europesays.com\/no\/wp-json\/wp\/v2\/comments?post=90788"}],"version-history":[{"count":0,"href":"https:\/\/www.europesays.com\/no\/wp-json\/wp\/v2\/posts\/90788\/revisions"}],"wp:featuredmedia":[{"embeddable":true,"href":"https:\/\/www.europesays.com\/no\/wp-json\/wp\/v2\/media\/90789"}],"wp:attachment":[{"href":"https:\/\/www.europesays.com\/no\/wp-json\/wp\/v2\/media?parent=90788"}],"wp:term":[{"taxonomy":"category","embeddable":true,"href":"https:\/\/www.europesays.com\/no\/wp-json\/wp\/v2\/categories?post=90788"},{"taxonomy":"post_tag","embeddable":true,"href":"https:\/\/www.europesays.com\/no\/wp-json\/wp\/v2\/tags?post=90788"}],"curies":[{"name":"wp","href":"https:\/\/api.w.org\/{rel}","templated":true}]}}