{"id":90851,"date":"2025-11-19T10:40:18","date_gmt":"2025-11-19T10:40:18","guid":{"rendered":"https:\/\/www.europesays.com\/no\/90851\/"},"modified":"2025-11-19T10:40:18","modified_gmt":"2025-11-19T10:40:18","slug":"sport-andreas-schjelderup-skapte-sterke-reaksjoner-i-danmark-mange-ble-sjokkert","status":"publish","type":"post","link":"https:\/\/www.europesays.com\/no\/90851\/","title":{"rendered":"Sport, Andreas Schjelderup | Skapte sterke reaksjoner i Danmark: \u2013 Mange ble sjokkert"},"content":{"rendered":"\n<p>K\u00d8BENHAVN (<a href=\"https:\/\/www.an.no\/skapte-sterke-reaksjoner-i-danmark-mange-ble-sjokkert\/s\/nettavisen.no\" rel=\"Follow nofollow noopener\" target=\"_blank\">Nettavisen<\/a>): Onsdag ettermiddag m\u00e5 landslagsspilleren m\u00f8te i \u00abK\u00f8benhavns Byret\u00bb etter \u00e5 ha delt en ulovlig video p\u00e5 Snapchat.<\/p>\n<p>Det er satt av 45 minutter til det som omtales som en tilst\u00e5elsessak. Det er flere mulige utfall, men den norske profilen kan potensielt bli d\u00f8mt til ubetinget fengsel eller f\u00e5 en bot.<\/p>\n<p>Lasse V\u00f8ge, sportssjef i Berlingske Tidende, beskriver at Schjelderup var en \u00abkjempeprofil\u00bb da han spilte i dansk fotball og at nyheten fikk mange til \u00e5 sperre opp \u00f8ynene.<\/p>\n<p>Nordmannen har tilbrakt flere perioder i Nordsj\u00e6lland.<\/p>\n<p>\u2013 Han er et navn alle som f\u00f8lger fotballen i Danmark kjenner til. Jeg tror mange ble sjokkert da nyheten kom ut, at han hadde havnet i en s\u00e5nn sak, sier han til Nettavisen og fortsetter:<\/p>\n<p>\u2013 Det fikk mye oppmerksomhet. Mange hadde nok et s\u00e5nt \u00abwhat the fuck-moment\u00bb. Andreas Schjelderup, en fin fyr.<\/p>\n<p>   <img decoding=\"async\" width=\"5712\" height=\"4284\" fetchpriority=\"low\"  loading=\"lazy\"  src=\"https:\/\/www.europesays.com\/no\/wp-content\/uploads\/2025\/11\/AA7F4C36-DE44-4769-949D-61AC77073477_1_201_a_1.jpeg\" alt=\"\" class=\"brick-c-cFOWSL\" style=\"--brick-image-ratio: 5712 \/ 4284;\"\/><\/p>\n<p>  Reagerte p\u00e5 norsk valg<\/p>\n<p>V\u00f8ge peker imidlertid p\u00e5 at spilleren verken er dansk eller spiller i Danmark lenger, noe som gjorde at oppmerksomheten rundt saken raskt ble mindre.<\/p>\n<p>Danske BT er likevel blant mediene som skal dekke rettssaken l\u00f8pende onsdag.<\/p>\n<p>I Danmark som i Norge er det de respektive landslagene som har v\u00e6rt snakkisen blant fotballsupportere den siste tiden. I K\u00f8benhavn har flere lurt p\u00e5 hvorvidt Schjelderup ville f\u00e5 innpass i den norske troppen med tanke p\u00e5 tiltalen mot ham.<\/p>\n<p>\u2013 Vi var spente p\u00e5 reaksjonen i Norge. Vi visste om dette f\u00f8r han gikk ut p\u00e5 Instagram, s\u00e5 vi var litt nysgjerrig p\u00e5 om han fikk v\u00e6re med i landslagstroppen.<\/p>\n<p>V\u00f8ge forteller at han trodde at det mest sannsynlige utfallet var at Schjelderup ble \u00abskadet\u00bb og dermed m\u00e5tte trekke seg.<\/p>\n<p>\u2013 Veldig dumt<\/p>\n<p>St\u00e5le Solbakken og den norske troppen har imidlertid st\u00e5tt bak Benfica-profilen.<\/p>\n<p>I forkant av kampen mot Estland forrige uke uttalte landslagstreneren at han \u00abikke var i tvil om\u00bb at det var riktig \u00e5 ha 21-\u00e5ringen i troppen.<\/p>\n<p>\u2013 Han har gjort noe veldig dumt. Det vet Andreas veldig godt selv. Han har hatt en dialog med politiet fra dag \u00e9n, har lagt seg paddeflat og gitt opplysningene han skal gi.<\/p>\n<p>Schjelderup fikk noen minutter mot Estland, men var ikke p\u00e5 banen da Norge sikret VM-billetten mot Italia.<\/p>\n<p>Mandag var han p\u00e5 plass p\u00e5 R\u00e5dhusplassen i Oslo for \u00e5 feire plassen og f\u00e5 sin hyllest foran titusenvis av nordmenn.<\/p>\n<p>   <img decoding=\"async\" width=\"5712\" height=\"4284\" fetchpriority=\"low\"  loading=\"lazy\"  src=\"https:\/\/www.europesays.com\/no\/wp-content\/uploads\/2025\/11\/95107A0D-012F-4542-B498-2F66503C9617_1_201_a.jpeg\" alt=\"\" class=\"brick-c-cFOWSL\" style=\"--brick-image-ratio: 5712 \/ 4284;\"\/><\/p>\n<p>  \u2013 Ligner ikke ham<\/p>\n<p>Til tross for at nordmannen ikke lenger har tilknytning til Danmark, er det likevel ventet at flere danske mediehus omtaler rettssaken mot ham onsdag.<\/p>\n<p>V\u00f8ge i danske BT beskriver at det er kjedelig \u00e5 se fotballprofilen i denne situasjonen.<\/p>\n<p>\u2013 Det var veldig oppsiktsvekkende. Han er en behagelig og veloppdragen ung mann, han virker \u00e5 komme fra en god familie, s\u00e5 har han gjort noe dumt.<\/p>\n<p>\u2013 Dette var en enkel dumhet, det er jeg helt sikker p\u00e5. Det ligner ikke ham \u00e5 gj\u00f8re noe s\u00e5nt.<\/p>\n<p>Sportssjefen i den danske avisen beskriver flere utfall av onsdagens rettssak, men mener spilleren \u00abi verste fall\u00bb st\u00e5r overfor et potensielt innreiseforbud.<\/p>\n<p>\u2013 Det f\u00e5r selvf\u00f8lgelig ikke den st\u00f8rste betydningen for Schjelderup, da han spiller i Portugal og har familie i Norge, men likevel, den symbolske verdien av denne straffen, den er voldsom.<\/p>\n<p>Schjelderup spiller i dag i Benfica, p\u00e5 en langtidskontrakt, men tilbrakte store deler av ten\u00e5rene i Danmark. Der gikk han gradene i Nordsj\u00e6lland.<\/p>\n","protected":false},"excerpt":{"rendered":"K\u00d8BENHAVN (Nettavisen): Onsdag ettermiddag m\u00e5 landslagsspilleren m\u00f8te i \u00abK\u00f8benhavns Byret\u00bb etter \u00e5 ha delt en ulovlig video p\u00e5&hellip;\n","protected":false},"author":2,"featured_media":90852,"comment_status":"","ping_status":"","sticky":false,"template":"","format":"standard","meta":{"footnotes":""},"categories":[59],"tags":[4761,36,30,28,29,14,254,83,82,1510],"class_list":{"0":"post-90851","1":"post","2":"type-post","3":"status-publish","4":"format-standard","5":"has-post-thumbnail","7":"category-sport","8":"tag-andreas-schjelderup","9":"tag-art","10":"tag-no","11":"tag-norge","12":"tag-norway","13":"tag-nyheter","14":"tag-politi","15":"tag-sport","16":"tag-sports","17":"tag-story"},"share_on_mastodon":{"url":"https:\/\/pubeurope.com\/@no\/115575942327473871","error":""},"_links":{"self":[{"href":"https:\/\/www.europesays.com\/no\/wp-json\/wp\/v2\/posts\/90851","targetHints":{"allow":["GET"]}}],"collection":[{"href":"https:\/\/www.europesays.com\/no\/wp-json\/wp\/v2\/posts"}],"about":[{"href":"https:\/\/www.europesays.com\/no\/wp-json\/wp\/v2\/types\/post"}],"author":[{"embeddable":true,"href":"https:\/\/www.europesays.com\/no\/wp-json\/wp\/v2\/users\/2"}],"replies":[{"embeddable":true,"href":"https:\/\/www.europesays.com\/no\/wp-json\/wp\/v2\/comments?post=90851"}],"version-history":[{"count":0,"href":"https:\/\/www.europesays.com\/no\/wp-json\/wp\/v2\/posts\/90851\/revisions"}],"wp:featuredmedia":[{"embeddable":true,"href":"https:\/\/www.europesays.com\/no\/wp-json\/wp\/v2\/media\/90852"}],"wp:attachment":[{"href":"https:\/\/www.europesays.com\/no\/wp-json\/wp\/v2\/media?parent=90851"}],"wp:term":[{"taxonomy":"category","embeddable":true,"href":"https:\/\/www.europesays.com\/no\/wp-json\/wp\/v2\/categories?post=90851"},{"taxonomy":"post_tag","embeddable":true,"href":"https:\/\/www.europesays.com\/no\/wp-json\/wp\/v2\/tags?post=90851"}],"curies":[{"name":"wp","href":"https:\/\/api.w.org\/{rel}","templated":true}]}}