{"id":90855,"date":"2025-11-19T10:46:37","date_gmt":"2025-11-19T10:46:37","guid":{"rendered":"https:\/\/www.europesays.com\/no\/90855\/"},"modified":"2025-11-19T10:46:37","modified_gmt":"2025-11-19T10:46:37","slug":"harald-bilberg-71-i-basketak-med-mistenkt-tyv","status":"publish","type":"post","link":"https:\/\/www.europesays.com\/no\/90855\/","title":{"rendered":"Harald Bilberg (71) i basketak med mistenkt tyv"},"content":{"rendered":"\n<ul class=\"_list_o9xde_3 _list_64s2r_85 _unordered_o9xde_106 text-sans-m\">\n<li class=\"_item_o9xde_30\">Harald Bilberg (71) og kona hans oppdaget en mann som tuklet med overv\u00e5kningskameraet ved garasjen<\/li>\n<li class=\"_item_o9xde_30\">Ekteparet konfronterte mannen og det endte i et basketak f\u00f8r politiet ankom<\/li>\n<li class=\"_item_o9xde_30\">Bilberg er skadet, men i fin form<\/li>\n<li class=\"_item_o9xde_30\">Politiet oppfordrer til \u00e5 prioritere egen sikkerhet over \u00e5 gripe inn<\/li>\n<\/ul>\n<p>Vis mer <\/p>\n<p class=\"_paragraph_o9xde_4 _paragraph_xtcu6_10 layout-component text-serif-m layout-normal text-serif-m layout-padded\">\u2013 Jeg kjente at vi ikke kom til \u00e5 klare det s\u00e5 veldig lenge, sier Harald Bilberg (71) til VG. <\/p>\n<p class=\"_paragraph_o9xde_4 _paragraph_xtcu6_10 layout-component text-serif-m layout-normal text-serif-m layout-padded\">Han er kraftig forsl\u00e5tt, og har tydelige arr i ansiktet. For halvannen uke siden havnet han nemlig i basketak utenfor sin egen bolig.  <\/p>\n<p class=\"_paragraph_o9xde_4 _paragraph_xtcu6_10 layout-component text-serif-m layout-normal text-serif-m layout-padded\"><strong class=\"_strong_o9xde_25\">Dramaet utspilte seg etter at kona (66) plutselig fikk teften av at noe ikke helt var som det skulle ved garasjen.<\/strong><\/p>\n<p class=\"_paragraph_o9xde_4 _paragraph_xtcu6_10 layout-component text-serif-m layout-normal text-serif-m layout-padded\">\u2013 Kona mi sier at det er en mann som st\u00e5r der nede og tukler med overv\u00e5kningskameraet, forklarer Bilberg og fortsetter:<\/p>\n<p class=\"_paragraph_o9xde_4 _paragraph_xtcu6_10 layout-component text-serif-m layout-normal text-serif-m layout-padded\">\u2013 Og vi har hatt innbrudd f\u00f8r, s\u00e5 begge l\u00f8p ned.<\/p>\n<p class=\"_paragraph_o9xde_4 _paragraph_xtcu6_10 layout-component text-serif-m layout-normal text-serif-m layout-padded\">At ekteparet reagerte raskt, er kanskje ikke s\u00e5 rart. <\/p>\n<p class=\"_paragraph_o9xde_4 _paragraph_xtcu6_10 layout-component text-serif-m layout-normal text-serif-m layout-padded\">71-\u00e5ringen er nemlig langt fra hvem som helst: Bilberg har 35 \u00e5r bak seg som politiadvokatpolitiadvokatEn advokat som jobber for politiet og er involvert i etterforskning og rettsforf\u00f8lgelse av straffesaker. og har v\u00e6rt borti kjeltringer f\u00f8r.<\/p>\n<p class=\"_paragraph_o9xde_4 _paragraph_xtcu6_10 layout-component text-serif-m layout-normal text-serif-m layout-padded\">Han var blant annet ansvarlig i saken om <a href=\"https:\/\/www.vg.no\/rampelys\/i\/WLLRXg\/otto-slipper-bot\" data-track-element-type=\"Link\" data-track-id=\"link:WLLRXg\" class=\"_link_o9xde_39\" rel=\"nofollow noopener\" target=\"_blank\">Otto Jespersens flaggbrenning<\/a>.<\/p>\n<p><img decoding=\"async\" alt=\"Bilde av Harald Bilberg\" class=\"_image_ygndg_42\" height=\"29\" itemprop=\"image\" loading=\"lazy\"  src=\"https:\/\/www.europesays.com\/no\/wp-content\/uploads\/2025\/11\/2c2367aa-c259-4e41-a3a3-c302f2d67e8d\"  width=\"40\"\/><strong class=\"_name_ygndg_51 title-serif-xs\">Harald Bilberg<\/strong><\/p>\n<p class=\"_paragraph_o9xde_4 text-sans-m _description_ygndg_56\">Her i forbindelse med en fengsling i 2015. <\/p>\n<p class=\"_paragraph_o9xde_4 _paragraph_xtcu6_10 layout-component text-serif-m layout-normal text-serif-m layout-padded\">Denne gangen hadde Bilbergs kone helt rett. <\/p>\n<p class=\"_paragraph_o9xde_4 _paragraph_xtcu6_10 layout-component text-serif-m layout-normal text-serif-m layout-padded\">Nede ved garasjen sto en mann og demonterte overv\u00e5kningskameraet:<\/p>\n<p><img alt=\"Foto: Webkamera\" class=\"_image_qp4xg_65 layout-component layout-normal\" data-fullscreen- data-track-element-type=\"Article image fullscreen\" data-track-name=\"ImageFullscreen\" decoding=\"async\" loading=\"lazy\" height=\"502\" itemprop=\"image\"  src=\"https:\/\/www.europesays.com\/no\/wp-content\/uploads\/2025\/11\/8565f75a-a378-4306-bd54-0f28ee99a727\"  style=\"object-position:0% 0%\" width=\"884\"\/>Foto: Webkamera<\/p>\n<ul class=\"_list_o9xde_3 _list_xtcu6_9 _unordered_o9xde_106 layout-component text-serif-m layout-normal text-serif-m layout-padded\">\n<li class=\"_item_o9xde_30\">Se video fra hendelsen \u00f8verst i saken!<\/li>\n<\/ul>\n<p class=\"_paragraph_o9xde_4 _paragraph_xtcu6_10 layout-component text-serif-m layout-normal text-serif-m layout-padded\"><a href=\"https:\/\/www.ba.no\/politiet-tyveri-fra-privat-bolig-i-sandviken\/s\/5-8-3215960\" class=\"_link_o9xde_39\" rel=\"nofollow noopener\" target=\"_blank\">Bergensavisen<\/a> omtalte saken f\u00f8rst. <\/p>\n<p> \u2013 Kastet oss over fyren <\/p>\n<p class=\"_paragraph_o9xde_4 _paragraph_xtcu6_10 layout-component text-serif-m layout-normal text-serif-m layout-padded\">Da ekteparet kom ned til garasjen, holdt mannen p\u00e5 med \u00e5 legge kameret i en bag, if\u00f8lge Bilberg. <\/p>\n<p class=\"_paragraph_o9xde_4 _paragraph_xtcu6_10 layout-component text-serif-m layout-normal text-serif-m layout-padded\">\u2013 Vi kastet oss over fyren for \u00e5 holde han nede. <\/p>\n<p class=\"_paragraph_o9xde_4 _paragraph_xtcu6_10 layout-component text-serif-m layout-normal text-serif-m layout-padded\">Den tidligere politiadvokaten ansl\u00e5r at det gikk mellom fem og ti minutter til en politipatrulje var p\u00e5 plass. <\/p>\n<p class=\"_paragraph_o9xde_4 _paragraph_xtcu6_10 layout-component text-serif-m layout-normal text-serif-m layout-padded\">\u2013 Vi hadde de p\u00e5 \u00f8ret mens vi kjempet. Han ville jo opp og vekk. <\/p>\n<p class=\"_paragraph_o9xde_4 _paragraph_xtcu6_10 layout-component text-serif-m layout-normal text-serif-m layout-padded\">I l\u00f8pet av kort tid rakk de to \u00e5 havne i et skikkelig basketak:<\/p>\n<p class=\"_paragraph_o9xde_4 _paragraph_xtcu6_10 layout-component text-serif-m layout-normal text-serif-m layout-padded\">\u2013 Jeg innkasserte noen slag, og han klarte \u00e5 f\u00e5 tak rundt hodet mitt. S\u00e5 kjente jeg at han begynte \u00e5 klemme p\u00e5 begge \u00f8ynene mine. Da fikk jeg panikk. <\/p>\n<ul class=\"_gallery_1qa3s_23\" tabindex=\"0\">\n<li class=\"_item_1qa3s_37\" data-index=\"0\"><img decoding=\"async\" class=\"_image_foru8_23 _articleGallery_foru8_39\" data-fullscreen- width=\"4032\" height=\"3024\" itemprop=\"image\" loading=\"lazy\"  src=\"https:\/\/www.europesays.com\/no\/wp-content\/uploads\/2025\/11\/88fb91c9-ad4c-4b25-a53b-9685ad55f98c\"  style=\"object-position:50% 50%;aspect-ratio:var(--gallery-aspect-ratio, 16 \/ 9)\"\/>Foto: Privat<\/li>\n<li class=\"_item_1qa3s_37\" data-index=\"1\"><img decoding=\"async\" class=\"_image_foru8_23 _articleGallery_foru8_39\" data-fullscreen- width=\"4032\" height=\"3024\" itemprop=\"image\" loading=\"lazy\"  src=\"https:\/\/www.europesays.com\/no\/wp-content\/uploads\/2025\/11\/67f6c8ab-5775-4125-9d92-a7d9df99cc1c\"  style=\"object-position:50% 50%;aspect-ratio:var(--gallery-aspect-ratio, 16 \/ 9)\"\/>Foto: Privat<\/li>\n<\/ul>\n<p class=\"_paragraph_o9xde_4 _paragraph_xtcu6_10 layout-component text-serif-m layout-normal text-serif-m layout-padded\">71-\u00e5ringen klarte \u00e5 frigj\u00f8re seg, og fant en jekk som naboen hadde st\u00e5ende: <\/p>\n<p class=\"_paragraph_o9xde_4 _paragraph_xtcu6_10 layout-component text-serif-m layout-normal text-serif-m layout-padded\"><strong class=\"_strong_o9xde_25\">\u2013 Et lite hult jernr\u00f8r, som jeg brukte til \u00e5 sl\u00e5 han i leggene. Men det gjorde han jo bare mer hissig.<\/strong><\/p>\n<p class=\"_paragraph_o9xde_4 _paragraph_xtcu6_10 layout-component text-serif-m layout-normal text-serif-m layout-padded\">\u2013 Du er jo tidligere politimann. Er det ikke som regel tryggest \u00e5 gi fra seg eiendeler og vente til politiet kommer?<\/p>\n<p class=\"_paragraph_o9xde_4 _paragraph_xtcu6_10 layout-component text-serif-m layout-normal text-serif-m layout-padded\">\u2013 Ja, jeg ser jo at rent profesjonelt, s\u00e5 var ikke dette s\u00e5 lurt, innr\u00f8mmer han. <\/p>\n<p class=\"_paragraph_o9xde_4 _paragraph_xtcu6_10 layout-component text-serif-m layout-normal text-serif-m layout-padded\">\u2013 Jeg vet jo godt etter over 30 \u00e5r i politiet at det ikke er uvanlig at folk for eksempel har p\u00e5 seg kniv. Og det er klart at det er amat\u00f8rmessig \u00e5 kaste seg inne i en sl\u00e5sskamp med en vi ikke kjenner i det hele tatt. S\u00e5nn sett utsatte jeg oss begge for risiko. <\/p>\n<p><img alt=\"Foto: Privat\" class=\"_image_qp4xg_65 layout-component layout-normal\" data-fullscreen- data-track-element-type=\"Article image fullscreen\" data-track-name=\"ImageFullscreen\" decoding=\"async\" loading=\"lazy\" height=\"1691\" itemprop=\"image\"  src=\"https:\/\/www.europesays.com\/no\/wp-content\/uploads\/2025\/11\/c2347130-3b82-4ed7-8a14-d451f4b28414\"  style=\"object-position:0% 0%\" width=\"2284\"\/>Foto: Privat \u2013 Prioriter egen sikkerhet<\/p>\n<p class=\"_paragraph_o9xde_4 _paragraph_xtcu6_10 layout-component text-serif-m layout-normal text-serif-m layout-padded\">P\u00e5taleansvarligP\u00e5taleansvarligEn person i politiet eller p\u00e5talemyndigheten som har ansvar for \u00e5 lede etterforskningen og avgj\u00f8re om en sak skal tas til retten. i saken, Anna Seline Sygnabere, forteller til VG at patruljen som ankom stedet opprettet en sak &#8211; som n\u00e5 er under etterforskning. <\/p>\n<p class=\"_paragraph_o9xde_4 _paragraph_xtcu6_10 layout-component text-serif-m layout-normal text-serif-m layout-padded\">\u2013 Det som skjer videre er avh\u00f8r av de involverte, sier Sygnabere.<\/p>\n<p class=\"_paragraph_o9xde_4 _paragraph_xtcu6_10 layout-component text-serif-m layout-normal text-serif-m layout-padded\">Mannen som ble tatt p\u00e5 fersk gjerning ble etter en vurdering p\u00e5 stedet bortvist fra omr\u00e5det, men ikke p\u00e5grepet. <\/p>\n<p class=\"_paragraph_o9xde_4 _paragraph_xtcu6_10 layout-component text-serif-m layout-normal text-serif-m layout-padded\">\u2013 Hva tenker dere i politiet om at folk tar saker i egne hender, f\u00f8r politiet har ankommet?<\/p>\n<p class=\"_paragraph_o9xde_4 _paragraph_xtcu6_10 layout-component text-serif-m layout-normal text-serif-m layout-padded\">\u2013 Det er jo s\u00e5nn at straffeprosesslovenstraffeprosesslovenEn lov som regulerer hvordan straffesaker skal behandles i rettssystemet, inkludert rettighetene til de involverte partene. \u00e5pner for at den enkelte kan gripe inn i tilfeller hvor en gjerningsperson treffes mens vedkommende utf\u00f8rer handlingen, men: <\/p>\n<p class=\"_paragraph_o9xde_4 _paragraph_xtcu6_10 layout-component text-serif-m layout-normal text-serif-m layout-padded\">\u2013 Her er det viktig \u00e5 alltid tenke og prioritere egen sikkerhet f\u00f8rst. <\/p>\n<p class=\"_paragraph_o9xde_4 _paragraph_xtcu6_10 layout-component text-serif-m layout-normal text-serif-m layout-padded\">Hun oppforderer publikum som oppdager straffbare forhold til \u00e5 f\u00f8rst ringe politiet, og vente p\u00e5 patruljen om det er mulig. <\/p>\n<p class=\"_paragraph_o9xde_4 _paragraph_xtcu6_10 layout-component text-serif-m layout-normal text-serif-m layout-padded\">N\u00e5r VG snakker med Bilberg ti dager etter hendelsen, har han fortsatt s\u00e5r ved \u00f8yet og p\u00e5 halsen. <\/p>\n<p class=\"_paragraph_o9xde_4 _paragraph_xtcu6_10 layout-component text-serif-m layout-normal text-serif-m layout-padded\">\u2013 Det m\u00e5 en mann t\u00e5le, sier han. <\/p>\n<p class=\"_paragraph_o9xde_4 _paragraph_xtcu6_10 layout-component text-serif-m layout-normal text-serif-m layout-padded\">\u2013 Og kona di, da?<\/p>\n<p class=\"_paragraph_o9xde_4 _paragraph_xtcu6_10 layout-component text-serif-m layout-normal text-serif-m layout-padded\">\u2013 Hun kom heldig fra det. <\/p>\n","protected":false},"excerpt":{"rendered":"Harald Bilberg (71) og kona hans oppdaget en mann som tuklet med overv\u00e5kningskameraet ved garasjen Ekteparet konfronterte mannen&hellip;\n","protected":false},"author":2,"featured_media":90856,"comment_status":"","ping_status":"","sticky":false,"template":"","format":"standard","meta":{"footnotes":""},"categories":[5],"tags":[444,20,21,24,25,15,19,8028,22,23,17,18,13,30,28,29,14,16,26,27,1063,6981],"class_list":{"0":"post-90855","1":"post","2":"type-post","3":"status-publish","4":"format-standard","5":"has-post-thumbnail","7":"category-overskrifter","8":"tag-bergen","9":"tag-breaking-news","10":"tag-breakingnews","11":"tag-featured-news","12":"tag-featurednews","13":"tag-headlines","14":"tag-hovedoppslag","15":"tag-kamera","16":"tag-latest-news","17":"tag-latestnews","18":"tag-main-news","19":"tag-mainnews","20":"tag-news","21":"tag-no","22":"tag-norge","23":"tag-norway","24":"tag-nyheter","25":"tag-overskrifter","26":"tag-top-stories","27":"tag-topstories","28":"tag-tyveri","29":"tag-tyveri-og-innbrudd"},"share_on_mastodon":{"url":"https:\/\/pubeurope.com\/@no\/115575966185362848","error":""},"_links":{"self":[{"href":"https:\/\/www.europesays.com\/no\/wp-json\/wp\/v2\/posts\/90855","targetHints":{"allow":["GET"]}}],"collection":[{"href":"https:\/\/www.europesays.com\/no\/wp-json\/wp\/v2\/posts"}],"about":[{"href":"https:\/\/www.europesays.com\/no\/wp-json\/wp\/v2\/types\/post"}],"author":[{"embeddable":true,"href":"https:\/\/www.europesays.com\/no\/wp-json\/wp\/v2\/users\/2"}],"replies":[{"embeddable":true,"href":"https:\/\/www.europesays.com\/no\/wp-json\/wp\/v2\/comments?post=90855"}],"version-history":[{"count":0,"href":"https:\/\/www.europesays.com\/no\/wp-json\/wp\/v2\/posts\/90855\/revisions"}],"wp:featuredmedia":[{"embeddable":true,"href":"https:\/\/www.europesays.com\/no\/wp-json\/wp\/v2\/media\/90856"}],"wp:attachment":[{"href":"https:\/\/www.europesays.com\/no\/wp-json\/wp\/v2\/media?parent=90855"}],"wp:term":[{"taxonomy":"category","embeddable":true,"href":"https:\/\/www.europesays.com\/no\/wp-json\/wp\/v2\/categories?post=90855"},{"taxonomy":"post_tag","embeddable":true,"href":"https:\/\/www.europesays.com\/no\/wp-json\/wp\/v2\/tags?post=90855"}],"curies":[{"name":"wp","href":"https:\/\/api.w.org\/{rel}","templated":true}]}}