{"id":90869,"date":"2025-11-19T11:05:10","date_gmt":"2025-11-19T11:05:10","guid":{"rendered":"https:\/\/www.europesays.com\/no\/90869\/"},"modified":"2025-11-19T11:05:10","modified_gmt":"2025-11-19T11:05:10","slug":"ekskona-sophie-bryter-stillheten-om-romanseryktene","status":"publish","type":"post","link":"https:\/\/www.europesays.com\/no\/90869\/","title":{"rendered":"Ekskona Sophie bryter stillheten om romanseryktene"},"content":{"rendered":"<p class=\"kicker \" style=\"\">Katy Perry &amp; Justin Trudeau:<\/p>\n<p>  Etter flere uker med spekulasjoner rundt romanseryktene, tar n\u00e5 ekskona bladet fra munnen.<\/p>\n<p>\n    KJ\u00c6RLIGHET I LUFTA: Den kanadiske politikeren og den amerikanske popstjernen har flere ganger blitt sett i romantiske settinger de siste m\u00e5nedene. Foto: NTB\n  <\/p>\n<p> I sommer var superstjernen Katy Perry (41) p\u00e5 verdensturn\u00e9. Da hun turnerte Canada, var hun imidlertid ikke bare \u00e5 se p\u00e5 scenen. <\/p>\n<p>    <a itemprop=\"url\" href=\"https:\/\/www.seher.no\/kjendis\/svarer-pa-ryktene\/83864882\" rel=\"nofollow noopener\" target=\"_blank\"><\/p>\n<p>      <img loading=\"lazy\" decoding=\"async\" src=\"https:\/\/www.europesays.com\/no\/wp-content\/uploads\/2025\/11\/83865006.webp\" width=\"980\" height=\"441\" title=\"Svarer p\u00e5 ryktene\" alt=\"\" class=\"lazyload\" style=\"--aspect-ratio-image: 2.22; \"\/><\/p>\n<p>        Svarer p\u00e5 ryktene<\/p>\n<p>    <\/a><\/p>\n<p> Kjendisnettstedet\u00a0<a href=\"https:\/\/www.tmz.com\/2025\/07\/29\/katy-perry-justin-trudeau-dinner-date-montreal\/\" rel=\"nofollow noopener\" target=\"_blank\">TMZ<\/a>\u00a0fikk da tak i bilder og videoer som viste\u00a0<a href=\"https:\/\/www.seher.no\/kjendis\/sett-med-tidligere-statsleder\/83395946\" rel=\"nofollow noopener\" target=\"_blank\">Perry p\u00e5 date med ingen ringere enn Justin Trudeau (53)<\/a>. <\/p>\n<p class=\"font-weight-bold m-font-weight-bold\" data-lab-font_weight=\"font-weight-bold\">Alt tyder n\u00e5 p\u00e5 at den tidligere statsministeren og popstjernen har funnet tonen.\u00a0<\/p>\n<p>Forrige m\u00e5ned ble paret sett omfavne hverandre p\u00e5 en yacht utenfor Santa Barbara i California.<\/p>\n<p>          <img loading=\"lazy\" decoding=\"async\" src=\"https:\/\/www.europesays.com\/no\/wp-content\/uploads\/2025\/11\/83863717.webp\" width=\"686\" height=\"632\" title=\"ROMANTIKK I LUFTA: Duoen har funnet tonen. Her tar han Justin et godt grep om Katy Foto: SWNS\/ NTB\" alt=\"\" class=\"\" style=\"--aspect-ratio-image: 1.09; \"\/><\/p>\n<p>\n          ROMANTIKK I LUFTA: Duoen har funnet tonen. Her tar han Justin et godt grep om Katy Foto: SWNS\/ NTB\n      <\/p>\n<p>Verken Katy Perry eller Justin Trudeau har selv kommentert forholdet, men n\u00e5 bryter sistnevntes ekskone, Sophie Gr\u00e9goire Trudeau (51), stillheten.\u00a0<\/p>\n<p>    <a itemprop=\"url\" href=\"https:\/\/www.seher.no\/kjendis\/kjell-kaspersen-er-dod\/83863024\" rel=\"nofollow noopener\" target=\"_blank\"><\/p>\n<p>      <img loading=\"lazy\" decoding=\"async\" src=\"https:\/\/www.europesays.com\/no\/wp-content\/uploads\/2025\/11\/1763550309_812_83863050.webp\" width=\"980\" height=\"441\" title=\"Kjell Kaspersen er d\u00f8d\" alt=\"\" class=\"lazyload\" style=\"--aspect-ratio-image: 2.22; \"\/><\/p>\n<p>        Kjell Kaspersen er d\u00f8d<\/p>\n<p>    <\/a><\/p>\n<p>I podkasten\u00a0 \u00ab<a href=\"https:\/\/www.youtube.com\/@ArleneIsAlone\" rel=\"nofollow noopener\" target=\"_blank\">Arlene is Alone<\/a>\u00bb forteller hun hvordan hun opplever situasjonen, etter at hun og den tidligere statsminsteren gikk fra hverandre i 2023 etter 18 \u00e5rs ekteskap.<\/p>\n<p>          <img loading=\"lazy\" decoding=\"async\" src=\"https:\/\/www.europesays.com\/no\/wp-content\/uploads\/2025\/11\/1763550310_770_83863765.webp\" width=\"980\" height=\"559\" title=\"EKSKONE: Sophie Gr\u00e9goire Trudeau var gift med Justin Trudeau i 23 \u00e5r. Sammen har de tre barn. Her fra en middag i Det hvite hus i 2016. Foto: Olivier Douliery\/UPI\/Shutterstock \/ NTB\" alt=\"\" class=\"\" style=\"--aspect-ratio-image: 1.75; \"\/><\/p>\n<p>\n          EKSKONE: Sophie Gr\u00e9goire Trudeau var gift med Justin Trudeau i 23 \u00e5r. Sammen har de tre barn. Her fra en middag i Det hvite hus i 2016. Foto: Olivier Douliery\/UPI\/Shutterstock \/ NTB\n      <\/p>\n<p>&#8211; Jeg er klar over at alt som kommer ut i offentligheten kan v\u00e6re en trigger for meg, fordi jeg er et menneske. Men hvordan jeg reagerer p\u00e5 det, er mitt valg, sier Sophie i podcasten.<\/p>\n<p>        Kronprins Haakon hyller det norske landslaget etter at de slo Italia 4-1.Video: B\u00e5rd S\u00f8r\u00f8 Olsen<\/p>\n<p>Hun legger til at hun fors\u00f8ker \u00e5 holde hodet kaldt og opptre respektfullt, selv om eksmannens forhold til popstjernen ber\u00f8rer henne.<\/p>\n<p>&#8211; Det betyr ikke at jeg ikke har f\u00f8lelser. At jeg ikke gr\u00e5ter, skriker eller ler, forteller hun.\u00a0<\/p>\n<p>          <img loading=\"lazy\" decoding=\"async\" src=\"https:\/\/www.europesays.com\/no\/wp-content\/uploads\/2025\/11\/1763550310_409_83863817.webp\" width=\"686\" height=\"460\" title=\"BRUDD: Katy Perry og Orlando Bloom br\u00f8t forlovelsen tidligere i \u00e5r. Foto: Splash News\/NTB\" alt=\"\" class=\"\" style=\"--aspect-ratio-image: 1.49; \"\/><\/p>\n<p>\n          BRUDD: Katy Perry og Orlando Bloom br\u00f8t forlovelsen tidligere i \u00e5r. Foto: Splash News\/NTB\n      <\/p>\n<p>For Katy Perry har det ogs\u00e5 v\u00e6rt et krevende \u00e5r. Hun og eksforloveden Orlando Bloom (48) gikk fra hverandre etter ti \u00e5r i sommer, men n\u00e5 opplever hun ny lykke med Justin Trudeau.<\/p>\n","protected":false},"excerpt":{"rendered":"Katy Perry &amp; Justin Trudeau: Etter flere uker med spekulasjoner rundt romanseryktene, tar n\u00e5 ekskona bladet fra munnen.&hellip;\n","protected":false},"author":2,"featured_media":90870,"comment_status":"","ping_status":"","sticky":false,"template":"","format":"standard","meta":{"footnotes":""},"categories":[59],"tags":[8706,3007,479,2543,30,28,29,83,82],"class_list":{"0":"post-90869","1":"post","2":"type-post","3":"status-publish","4":"format-standard","5":"has-post-thumbnail","7":"category-sport","8":"tag-justin-trudeau","9":"tag-katy-perry","10":"tag-kjendis","11":"tag-kjendisdesken","12":"tag-no","13":"tag-norge","14":"tag-norway","15":"tag-sport","16":"tag-sports"},"share_on_mastodon":{"url":"https:\/\/pubeurope.com\/@no\/115576040756335100","error":""},"_links":{"self":[{"href":"https:\/\/www.europesays.com\/no\/wp-json\/wp\/v2\/posts\/90869","targetHints":{"allow":["GET"]}}],"collection":[{"href":"https:\/\/www.europesays.com\/no\/wp-json\/wp\/v2\/posts"}],"about":[{"href":"https:\/\/www.europesays.com\/no\/wp-json\/wp\/v2\/types\/post"}],"author":[{"embeddable":true,"href":"https:\/\/www.europesays.com\/no\/wp-json\/wp\/v2\/users\/2"}],"replies":[{"embeddable":true,"href":"https:\/\/www.europesays.com\/no\/wp-json\/wp\/v2\/comments?post=90869"}],"version-history":[{"count":0,"href":"https:\/\/www.europesays.com\/no\/wp-json\/wp\/v2\/posts\/90869\/revisions"}],"wp:featuredmedia":[{"embeddable":true,"href":"https:\/\/www.europesays.com\/no\/wp-json\/wp\/v2\/media\/90870"}],"wp:attachment":[{"href":"https:\/\/www.europesays.com\/no\/wp-json\/wp\/v2\/media?parent=90869"}],"wp:term":[{"taxonomy":"category","embeddable":true,"href":"https:\/\/www.europesays.com\/no\/wp-json\/wp\/v2\/categories?post=90869"},{"taxonomy":"post_tag","embeddable":true,"href":"https:\/\/www.europesays.com\/no\/wp-json\/wp\/v2\/tags?post=90869"}],"curies":[{"name":"wp","href":"https:\/\/api.w.org\/{rel}","templated":true}]}}