{"id":9090,"date":"2025-08-15T16:50:13","date_gmt":"2025-08-15T16:50:13","guid":{"rendered":"https:\/\/www.europesays.com\/no\/9090\/"},"modified":"2025-08-15T16:50:13","modified_gmt":"2025-08-15T16:50:13","slug":"kultur-son-espen-lind-fra-son-er-klar-for-en-ny-sesong-av-det-populaere-konseptet","status":"publish","type":"post","link":"https:\/\/www.europesays.com\/no\/9090\/","title":{"rendered":"Kultur, Son | Espen Lind fra Son er klar for en ny sesong av det popul\u00e6re konseptet"},"content":{"rendered":"\n<p>\u00abThe Voice\u00bb er snart klar for en ny sesong, og i mentorpanelet, er en lokal Vestby-kar ogs\u00e5 med i \u00e5r, nemlig Espen Lind.<\/p>\n<p>Espen Lind, Jarle Bernhoft, Marion Ravn og Ingebj\u00f8rg Bratland utgj\u00f8r mentorlaget i den kommende sesongen av \u00abThe Voice\u00bb, skriver TV2 i ei pressemelding.<\/p>\n<p>Gleder seg<\/p>\n<p>Veteran og mange\u00e5rig mentor Espen Lind fra Son har ogs\u00e5 stor tro p\u00e5 sesongen:<\/p>\n<p>\u2013 Jeg gleder meg til \u00e5 ta fatt p\u00e5 en ny sesong. Den nye gjengen best\u00e5r av artister jeg kjenner godt, og alle er fantastiske p\u00e5 hvert sitt vis. Alt ligger til rette for en solid sesong, uttaler han i pressemeldinga.<\/p>\n<p>   <img decoding=\"async\" width=\"3521\" height=\"2641\" fetchpriority=\"low\"  loading=\"lazy\"  src=\"https:\/\/www.europesays.com\/no\/wp-content\/uploads\/2025\/08\/5_53_777404_EspenLind.jpg\" alt=\"Espen Lind synes det blir litt spesielt \u00e5 spille p\u00e5 hjemmebane, og gleder seg til \u00e5 invitere til en akustisk og lun aften.  Espen Lind er klar for eksklusiv konsert p\u00e5 hjemmebane i Son i mai.\" class=\"brick-c-cFOWSL\" style=\"--brick-image-ratio: 3521 \/ 2641;\"\/><\/p>\n<p>    Espen Lind, her fotografert i Son, har trua p\u00e5 \u00e5rets sesong, og er Vestbys lokale pokal i satsninga.<br \/>\n    Foto: Caroline Bjurstr\u00f8m Knudsen\n  <\/p>\n<p>Lind har for\u00f8vrig hatt flere ting p\u00e5 gang i det siste. Han er nemlig mannen bak originalmusikken til NRK-serien \u00abRequiem for Selina\u00bb<\/p>\n<p>\u2013 Jeg har aldri gjort noe lignende, men tenkte instinktivt at dette er noe jeg har lyst til \u00e5 gj\u00f8re, uttalteLind tidligere i \u00e5r.<\/p>\n<p>  <a href=\"https:\/\/www.vestbyavis.no\/5-53-965393\" class=\"related-teaser has-image default-story-teaser article--c-eRUmMG article--c-eRUmMG-jKCPdD-design-default\" rel=\"nofollow noopener\" target=\"_blank\"><\/p>\n<p>    <img decoding=\"async\" loading=\"lazy\"  src=\"https:\/\/www.europesays.com\/no\/wp-content\/uploads\/2025\/08\/RFS_Pressebilde_02.jpg\" alt=\"\" class=\"brick-c-cFOWSL\" style=\"\"\/><\/p>\n<p>\n            Les ogs\u00e5<\/p>\n<p>              Espen Lind ble kontaktet av serieskaper: &#8211; Jeg har aldri gjort noe lignende\n        <\/p>\n<p>  <\/a><\/p>\n<p>TV 2s programredakt\u00f8r, Trygve R\u00f8nningen, er sv\u00e6rt forn\u00f8yd med \u00e5rets mentorlag i \u00abThe Voice\u00bb<\/p>\n<p>\u2013 Med Marion, Ingebj\u00f8rg, Jarle og Espen f\u00e5r vi nok en sesong med knallsterke mentorer. Vi \u00f8nsker oss alltid et panel med musikalsk bredde og erfaring, og slik blir det i \u00e5r ogs\u00e5. Disse fire representerer ulike sjangre og tiln\u00e6rminger til musikken \u2013 noe som vil gi deltakerne unike muligheter for utvikling.<\/p>\n<p>Jarle Bernhoft gj\u00f8r comeback etter et fri\u00e5r, og ser frem til \u00e5 returnere, og ikke minst gir han et godord til v\u00e5r lokale helt.<\/p>\n<p>\u2013 Det blir et deilig comeback! Jeg gleder meg til \u00e5 g\u00e5 l\u00f8s p\u00e5 oppgaven med liv og lyst. Det blir fint \u00e5 bli kjent med Marion og Ingebj\u00f8rg \u2013 og ikke minst kose litt med Espen igjen.<\/p>\n<p>Dermed er det bare \u00e5 benke seg ned der du str\u00f8mmer programmet. Opptakene starter i h\u00f8st.<\/p>\n","protected":false},"excerpt":{"rendered":"\u00abThe Voice\u00bb er snart klar for en ny sesong, og i mentorpanelet, er en lokal Vestby-kar ogs\u00e5 med&hellip;\n","protected":false},"author":2,"featured_media":9091,"comment_status":"","ping_status":"","sticky":false,"template":"","format":"standard","meta":{"footnotes":""},"categories":[58],"tags":[36,71,1875,479,410,30,28,29,1535,1510,72,1922],"class_list":{"0":"post-9090","1":"post","2":"type-post","3":"status-publish","4":"format-standard","5":"has-post-thumbnail","7":"category-underholdning","8":"tag-art","9":"tag-entertainment","10":"tag-espen-lind","11":"tag-kjendis","12":"tag-kultur","13":"tag-no","14":"tag-norge","15":"tag-norway","16":"tag-son","17":"tag-story","18":"tag-underholdning","19":"tag-vestby"},"share_on_mastodon":{"url":"","error":""},"_links":{"self":[{"href":"https:\/\/www.europesays.com\/no\/wp-json\/wp\/v2\/posts\/9090","targetHints":{"allow":["GET"]}}],"collection":[{"href":"https:\/\/www.europesays.com\/no\/wp-json\/wp\/v2\/posts"}],"about":[{"href":"https:\/\/www.europesays.com\/no\/wp-json\/wp\/v2\/types\/post"}],"author":[{"embeddable":true,"href":"https:\/\/www.europesays.com\/no\/wp-json\/wp\/v2\/users\/2"}],"replies":[{"embeddable":true,"href":"https:\/\/www.europesays.com\/no\/wp-json\/wp\/v2\/comments?post=9090"}],"version-history":[{"count":0,"href":"https:\/\/www.europesays.com\/no\/wp-json\/wp\/v2\/posts\/9090\/revisions"}],"wp:featuredmedia":[{"embeddable":true,"href":"https:\/\/www.europesays.com\/no\/wp-json\/wp\/v2\/media\/9091"}],"wp:attachment":[{"href":"https:\/\/www.europesays.com\/no\/wp-json\/wp\/v2\/media?parent=9090"}],"wp:term":[{"taxonomy":"category","embeddable":true,"href":"https:\/\/www.europesays.com\/no\/wp-json\/wp\/v2\/categories?post=9090"},{"taxonomy":"post_tag","embeddable":true,"href":"https:\/\/www.europesays.com\/no\/wp-json\/wp\/v2\/tags?post=9090"}],"curies":[{"name":"wp","href":"https:\/\/api.w.org\/{rel}","templated":true}]}}