{"id":90903,"date":"2025-11-19T11:45:01","date_gmt":"2025-11-19T11:45:01","guid":{"rendered":"https:\/\/www.europesays.com\/no\/90903\/"},"modified":"2025-11-19T11:45:01","modified_gmt":"2025-11-19T11:45:01","slug":"stromprisen-gjor-et-kjempehopp-i-midt-norge-tirsdag-na-ma-tronderne-vakne","status":"publish","type":"post","link":"https:\/\/www.europesays.com\/no\/90903\/","title":{"rendered":"Str\u00f8mprisen gj\u00f8r et kjempehopp i Midt-Norge tirsdag: &#8211; N\u00e5 m\u00e5 tr\u00f8nderne v\u00e5kne"},"content":{"rendered":"<p> Tirsdagens snittpris per kWh er 41,4 \u00f8re h\u00f8yere enn mandag og 1,076 kroner h\u00f8yere enn samme dag \u00e5ret f\u00f8r, viser tall <a href=\"https:\/\/www.hvakosterstrommen.no\" rel=\"noopener nofollow\" target=\"_blank\">fra hvakosterstrommen.no<\/a>.<\/p>\n<p>Med en minstepris p\u00e5 43,9 \u00f8re vil det l\u00f8nne seg med norgespris denne dagen. Norgespris er en fastpris p\u00e5 40 \u00f8re per kWh uten mva.<\/p>\n<p>For tre \u00e5r siden var maksprisen 51,4 \u00f8re per kWh og snittprisen var 44,1 \u00f8re.<\/p>\n<p>Maksprisen tirsdag p\u00e5 1,92 kroner per kWh er mellom klokken 18 og 19. Den er 94,9 \u00f8re h\u00f8yere enn mandag og 1,87 kroner h\u00f8yere enn samme dag \u00e5ret f\u00f8r.<\/p>\n<p> Ser man bort fra str\u00f8mst\u00f8tten, men inkluderer moms (25 prosent), forbruksavgift (16,93 \u00f8re per kWh) og avgift til Enova (1 \u00f8re per kWh), ville maksprisen i Midt-Norge v\u00e6rt 2,63 kroner.<\/p>\n<p>90 prosent av prisen over 75 \u00f8re dekkes av str\u00f8mst\u00f8tten, og st\u00f8tten beregnes time for time. Det betyr at i den timen prisen ligger p\u00e5 1,92 kroner, dekkes 1,061 kroner.<\/p>\n<p>Minsteprisen blir p\u00e5 43,9 \u00f8re per kWh mellom klokken 4 og 5 p\u00e5 natten.<\/p>\n<p>Prissmitte<\/p>\n<p>H\u00f8yere str\u00f8mpriser i Midt-Norge denne h\u00f8sten, har blitt knyttet til \u00e5pningen av en ny str\u00f8mkabel p\u00e5 Vestlandet, som har \u00f8kt kapasiteten mellom Midt-Norge og prisomr\u00e5der i s\u00f8r. Dette f\u00f8rer i neste runde til at str\u00f8mprisene i Midt-Norge (prisomr\u00e5de NO3) \u00absmittes\u00bb av str\u00f8mprisene lenger s\u00f8r.<\/p>\n<p>\u2013 En mulig forklaring p\u00e5 hvorfor str\u00f8mprisene steg i Midt-Norge i oktober er at en ny str\u00f8mkabel som g\u00e5r over Sognefjorden, ble \u00e5pnet i starten av m\u00e5neden, sa administrerende direkt\u00f8r B\u00e5rd Vegar Solhjell i Fornybar Norge nylig.<\/p>\n<p>Str\u00f8mkabelen har \u00f8kt overf\u00f8ringskapasiteten mellom Midt-Norge og Vest-Norge betraktelig, og dermed f\u00f8rt til at str\u00f8mprisene i Midt-Norge blir mer p\u00e5virket av prisniv\u00e5et i S\u00f8r-Norge.<\/p>\n<p>Flere av de andre prisomr\u00e5dene i Norge har for \u00f8vrig samme utvikling som Midt-Norge tirsdag. En stor del av grunnen er nok fallende niv\u00e5 i vannmagasiner for landet som helhet og \u00f8kt bruk p\u00e5 grunn av kaldere v\u00e6r, slik det gjerne er p\u00e5 denne tida av \u00e5ret.<\/p>\n<p>Slik er magasinfyllingen i Midt-Norge fra uke 45, i f\u00f8lge NVE, der fyllingsgraden har g\u00e5tt noe ned:<\/p>\n<p><img decoding=\"async\" src=\"data:image\/gif;base64,R0lGODlhEAAJAIAAAP\/\/\/wAAACH5BAEAAAAALAAAAAAQAAkAAAIKhI+py+0Po5yUFQA7\" alt=\"\"\/><br \/>\n  Magasinstatistikk for Midt-Norge.<br \/>\n  <strong>Foto:<\/strong> NVE<a href=\"https:\/\/www.mn24.no\/nyheter\/i\/4BnAXg\/ny-stroemkabel-oekte-stroemprisene-i-midt-norge-i-oktober\" rel=\"nofollow noopener\" target=\"_blank\"> <img decoding=\"async\" src=\"data:image\/gif;base64,R0lGODlhEAAJAIAAAP\/\/\/wAAACH5BAEAAAAALAAAAAAQAAkAAAIKhI+py+0Po5yUFQA7\" alt=\"\"\/>   Ny str\u00f8mkabel p\u00e5 Vestlandet sendte str\u00f8mprisene i Midt-Norge oppover   <\/a> <\/p>\n<p>Enkelte har spekulert i at de vanligvis ganske lave str\u00f8mprisene i Midt-Norge, gj\u00f8r det lite lurt for kundene i \u00e5 avtale norgespris. Med norgespris p\u00e5 str\u00f8m, en statlig st\u00f8tteordning, f\u00e5r du forutsigbare str\u00f8mutgifter gjennom hele \u00e5ret. Da betaler du en fast pris p\u00e5 50 \u00f8re per kilowattime (kwh) inkludert moms.<\/p>\n<p>For mange kan dette l\u00f8nne seg, mens for andre l\u00f8nner det seg \u00e5 beholde den vanlige str\u00f8mst\u00f8tten. 90 prosent\u00a0av prisen over 75 \u00f8re\u00a0(uten\u00a0mva) blir dekket av den tradisjonelle str\u00f8mst\u00f8tten. Du kan ikke ha begge deler samtidig.<\/p>\n<p>\u2013 M\u00e5 v\u00e5kne<\/p>\n<p>For prisomr\u00e5de NO3 (Midt-Norge) og NO4 (Nord-Norge) betyr prisene tirsdag at d\u00f8gnprisen blir den h\u00f8yeste siden henholdsvis 14. februar og 22. januar, <a href=\"https:\/\/www.europower.no\/kraftmarked\/far-de-hoyeste-prisene-siden-februar-na-ma-tronderne-vakne\/2-1-1902054\" rel=\"noopener nofollow\" target=\"_blank\">opplyser nettavisa Europower.<\/a><\/p>\n<p>Samtidig opplever NO3 en kraftpris som er 45 \u00f8re per kwh eller h\u00f8yere hvert eneste kvarter. Dermed kan det for privatkunder n\u00e5 se ut for \u00e5 l\u00f8nne seg med norgespris hele d\u00f8gnet.<\/p>\n<p>\u2013 N\u00e5 m\u00e5 tr\u00f8nderne v\u00e5kne opp n\u00e5r det gjelder Norgespris, <a href=\"https:\/\/www.europower.no\/kraftmarked\/far-de-hoyeste-prisene-siden-februar-na-ma-tronderne-vakne\/2-1-1902054\" rel=\"noopener nofollow\" target=\"_blank\">sier sjefanalytiker i Volue Insight\u00a0Tor Reier Lilleholt\u00a0til Europower.<\/a><\/p>\n<p>For husholdninger i NO3 har det med f\u00e5 unntak ikke l\u00f8nnet seg \u00e5 velge norgespris s\u00e5 langt. Det kan endre seg fremover, sier Lilleholt.<\/p>\n<p>Vente?<\/p>\n<p>S\u00e5 langt er det kun noen hundre som har inng\u00e5tt Norgespris-avtaler i Midt-Norge, og Tensio-sjef Audhild Kvam er blant de som har sagt at hun tror det er lurt \u00e5 vente med \u00e5 avtale norgespris for de som bor i Midt-Norge.<\/p>\n<p><a href=\"https:\/\/www.mn24.no\/bladet\/i\/xmKwyG\/usikker-paa-om-ny-ordning-loenner-seg-jeg-kommer-til-aa-vente\" rel=\"nofollow noopener\" target=\"_blank\"> <img decoding=\"async\" src=\"data:image\/gif;base64,R0lGODlhEAAJAIAAAP\/\/\/wAAACH5BAEAAAAALAAAAAAQAAkAAAIKhI+py+0Po5yUFQA7\" alt=\"\"\/>   Usikker p\u00e5 om Norgespris l\u00f8nner seg: \u2013 Jeg kommer til \u00e5 vente  <\/a> <\/p>\n<p><a href=\"https:\/\/www.adressa.no\/forbruker\/i\/WROQpa\/stroemoversikten\" rel=\"noopener nofollow\" target=\"_blank\">Sjekk Adresseavisens str\u00f8mpris-service her!<\/a><\/p>\n<p>Tirsdag 18.november, dagen etter denne artikkelen ble publisert, varslet nettleverand\u00f8ren Tensio at de har endret sin veiledning for norgespris fra \u00abAvvent\u00bb til \u00abVurder\u00bb.<\/p>\n","protected":false},"excerpt":{"rendered":"Tirsdagens snittpris per kWh er 41,4 \u00f8re h\u00f8yere enn mandag og 1,076 kroner h\u00f8yere enn samme dag \u00e5ret&hellip;\n","protected":false},"author":2,"featured_media":90904,"comment_status":"","ping_status":"","sticky":false,"template":"","format":"standard","meta":{"footnotes":""},"categories":[5],"tags":[20,21,24,25,15,19,22,23,17,18,1647,13,30,28,3333,29,14,16,26,27],"class_list":{"0":"post-90903","1":"post","2":"type-post","3":"status-publish","4":"format-standard","5":"has-post-thumbnail","7":"category-overskrifter","8":"tag-breaking-news","9":"tag-breakingnews","10":"tag-featured-news","11":"tag-featurednews","12":"tag-headlines","13":"tag-hovedoppslag","14":"tag-latest-news","15":"tag-latestnews","16":"tag-main-news","17":"tag-mainnews","18":"tag-midt-norge","19":"tag-news","20":"tag-no","21":"tag-norge","22":"tag-norgespris","23":"tag-norway","24":"tag-nyheter","25":"tag-overskrifter","26":"tag-top-stories","27":"tag-topstories"},"share_on_mastodon":{"url":"https:\/\/pubeurope.com\/@no\/115576197831859410","error":""},"_links":{"self":[{"href":"https:\/\/www.europesays.com\/no\/wp-json\/wp\/v2\/posts\/90903","targetHints":{"allow":["GET"]}}],"collection":[{"href":"https:\/\/www.europesays.com\/no\/wp-json\/wp\/v2\/posts"}],"about":[{"href":"https:\/\/www.europesays.com\/no\/wp-json\/wp\/v2\/types\/post"}],"author":[{"embeddable":true,"href":"https:\/\/www.europesays.com\/no\/wp-json\/wp\/v2\/users\/2"}],"replies":[{"embeddable":true,"href":"https:\/\/www.europesays.com\/no\/wp-json\/wp\/v2\/comments?post=90903"}],"version-history":[{"count":0,"href":"https:\/\/www.europesays.com\/no\/wp-json\/wp\/v2\/posts\/90903\/revisions"}],"wp:featuredmedia":[{"embeddable":true,"href":"https:\/\/www.europesays.com\/no\/wp-json\/wp\/v2\/media\/90904"}],"wp:attachment":[{"href":"https:\/\/www.europesays.com\/no\/wp-json\/wp\/v2\/media?parent=90903"}],"wp:term":[{"taxonomy":"category","embeddable":true,"href":"https:\/\/www.europesays.com\/no\/wp-json\/wp\/v2\/categories?post=90903"},{"taxonomy":"post_tag","embeddable":true,"href":"https:\/\/www.europesays.com\/no\/wp-json\/wp\/v2\/tags?post=90903"}],"curies":[{"name":"wp","href":"https:\/\/api.w.org\/{rel}","templated":true}]}}