{"id":90910,"date":"2025-11-19T11:52:51","date_gmt":"2025-11-19T11:52:51","guid":{"rendered":"https:\/\/www.europesays.com\/no\/90910\/"},"modified":"2025-11-19T11:52:51","modified_gmt":"2025-11-19T11:52:51","slug":"andrew-mountbatten-windsor-sett-for-forste-gang-etter-tap-av-kongelige-titler","status":"publish","type":"post","link":"https:\/\/www.europesays.com\/no\/90910\/","title":{"rendered":"Andrew Mountbatten-Windsor sett for f\u00f8rste gang etter tap av kongelige titler"},"content":{"rendered":"<p class=\"kicker \" style=\"\">Etter Epstein-skandalen:<\/p>\n<p>  Andrew Mountbatten-Windsor (65) lever i et gyllent bur. Her har han skjult seg siden kong Charles fjernet hans rojale titler.<\/p>\n<p>\n    RIDE, RIDE, RANKE: Det har stormet rundt Andrew Mountbatten-Windsor etter at kong Charles tok drastiske grep. N\u00e5 holder han seg inne bak Windsors bevoktede porter. Her p\u00e5 ridetur med en stalljente i oktober. Foto: NTB\n  <\/p>\n<p>Andrew Mountbatten-Windsor (65) har blitt avbildet for f\u00f8rste gang siden hans bror, kong Charles (77), fratok ham alle hans kongelige titler og milit\u00e6re utmerkelser forrige m\u00e5ned.\u00a0<\/p>\n<p>Den tidligere hertugen av York, ble fanget p\u00e5 kamera under en ridetur utenfor Windsor Castle &#8211; men innenfor gitteret &#8211; tidligere denne uken.<\/p>\n<p>    <a itemprop=\"url\" href=\"https:\/\/www.seher.no\/kongelig\/rammet-av-nye-sjokkpastander\/83863003\" rel=\"nofollow noopener\" target=\"_blank\"><\/p>\n<p>      <img loading=\"lazy\" decoding=\"async\" src=\"https:\/\/www.europesays.com\/no\/wp-content\/uploads\/2025\/11\/1763553168_864_83864402.webp\" width=\"980\" height=\"441\" title=\"Rammet av nytt sjokk\" alt=\"\" class=\"lazyload\" style=\"--aspect-ratio-image: 2.22; \"\/><\/p>\n<p>        Rammet av nytt sjokk<\/p>\n<p>    <\/a><\/p>\n<p>65-\u00e5ringen var if\u00f8rt en kakhifrakk med ridebukser og en svart hjelm. Han var sammen med en ukjent kvinne, skriver nettstedet <a href=\"https:\/\/www.hellomagazine.com\/royalty\/867969\/andrew-mountbatten-windsor-pictured-first-time\/\" rel=\"nofollow noopener\" target=\"_blank\">Hello Magazine<\/a>.<\/p>\n<p>Andrew ble sett p\u00e5 toppen av Long Walk, n\u00e6r slottets porter under denne rideturen.<\/p>\n<p>          <img loading=\"lazy\" decoding=\"async\" src=\"https:\/\/www.europesays.com\/no\/wp-content\/uploads\/2025\/11\/1763553168_171_83867709.webp\" width=\"686\" height=\"474\" title=\"NATURENS RO: Andrew har n\u00e6rmest g\u00e5tt under jorden etter at storebror kong Charles strippet ham for sine royale titler. Dette bildet er fra en tidligere anledning. Foto: NTB\" alt=\"\" class=\"\" style=\"--aspect-ratio-image: 1.45; \"\/><\/p>\n<p>\n          NATURENS RO: Andrew har n\u00e6rmest g\u00e5tt under jorden etter at storebror kong Charles strippet ham for sine royale titler. Dette bildet er fra en tidligere anledning. Foto: NTB\n      <\/p>\n<p>P\u00e5 flyttefot\t<\/p>\n<p>Den tidligere hertugen har blitt tvunget til \u00e5 gi fra seg sitt vidstrakte herskapshus, Royal Lodge, og det er forventet at han skal flytte til en eiendom p\u00e5 Sandringham i Norfolk p\u00e5 ny\u00e5ret.<\/p>\n<p>          <img loading=\"lazy\" decoding=\"async\" src=\"https:\/\/www.europesays.com\/no\/wp-content\/uploads\/2025\/11\/83867735.webp\" width=\"980\" height=\"559\" title=\"M\u00c5 FLYTTE: Andrew skal flytte til en ikke-avsl\u00f8rt eiendom p\u00e5 Sandringham i Norfolk. Det vites ikke n\u00e5r han er p\u00e5 plass i sitt nye hjem. Foto: REUTERS\/Chris Radburn\" alt=\"\" class=\"\" style=\"--aspect-ratio-image: 1.75; \"\/><\/p>\n<p>\n          M\u00c5 FLYTTE: Andrew skal flytte til en ikke-avsl\u00f8rt eiendom p\u00e5 Sandringham i Norfolk. Det vites ikke n\u00e5r han er p\u00e5 plass i sitt nye hjem. Foto: REUTERS\/Chris Radburn\n      <\/p>\n<p>Strippingen av titlene &#8211; og utkastelse fra Windsor-hjemmet hans kommer etter en rekke skandaler &#8211; inkludert hans forbindelser til den avd\u00f8de seksualforbryteren Jeffrey Epstein.<\/p>\n<p>          <img loading=\"lazy\" decoding=\"async\" src=\"https:\/\/www.europesays.com\/no\/wp-content\/uploads\/2025\/11\/83863289.webp\" width=\"686\" height=\"625\" title=\"HEMMELIGHETER: De mye omtalte \u00abEpstein-dokumentene\u00bb er forel\u00f8pig ikke offentliggjort. Det spekuleres p\u00e5 hvilke stormakter som skal ha v\u00e6rt en del av seksualforbryterens innerste sirkel. Foto: Reuters\/File Photo\" alt=\"\" class=\"\" style=\"--aspect-ratio-image: 1.10; \"\/><\/p>\n<p>\n          HEMMELIGHETER: De mye omtalte \u00abEpstein-dokumentene\u00bb er forel\u00f8pig ikke offentliggjort. Det spekuleres p\u00e5 hvilke stormakter som skal ha v\u00e6rt en del av seksualforbryterens innerste sirkel. Foto: Reuters\/File Photo\n      <\/p>\n<p>I forbindelse med hans vennskap til Epstein, har det ogs\u00e5 haglet med anklager rundt Andrew &#8211; deriblant p\u00e5stander om at han skal ha misbrukt Virginia Giuffre seksuelt.\u00a0<\/p>\n<p class=\"italic m-italic font-weight-bold m-font-weight-bold\" data-lab-italic=\"italic\" data-lab-font_weight=\"font-weight-bold\">Andrew har p\u00e5 det sterkeste avvist disse anklagene.<\/p>\n<p>          <img loading=\"lazy\" decoding=\"async\" src=\"https:\/\/www.europesays.com\/no\/wp-content\/uploads\/2025\/11\/83867761.webp\" width=\"686\" height=\"714\" title=\"HVA HAR SKJEDD?: Et udatert bilde av Virgina Giuffre og Andrew. Bak ser man ogs\u00e5 Ghislane Maxwell posere for fotografen.Foto: Handout \/ US District Court - Southern District of New York (SDNY) \/ AFP)\" alt=\"\" class=\"\" style=\"--aspect-ratio-image: 0.96; \"\/><\/p>\n<p>\n          HVA HAR SKJEDD?: Et udatert bilde av Virgina Giuffre og Andrew. Bak ser man ogs\u00e5 Ghislane Maxwell posere for fotografen.Foto: Handout \/ US District Court &#8211; Southern District of New York (SDNY) \/ AFP)\n      <\/p>\n<p>          <img loading=\"lazy\" decoding=\"async\" src=\"https:\/\/www.europesays.com\/no\/wp-content\/uploads\/2025\/11\/83867762.webp\" width=\"980\" height=\"559\" title=\"AVSL\u00d8RINGEN: Virgina, som tok sitt eget liv tidligere i \u00e5r, anklaget dav\u00e6rende prins Andrew for seksuelle overgrep. Denne skandalen har n\u00e5 f\u00f8rt til at han ikke lenger har sine kongelige titler. Foto: Steve Parsons and Ben Gabbe \/ various sources \/ AFP)\" alt=\"\" class=\"\" style=\"--aspect-ratio-image: 1.75; \"\/><\/p>\n<p>\n          AVSL\u00d8RINGEN: Virgina, som tok sitt eget liv tidligere i \u00e5r, anklaget dav\u00e6rende prins Andrew for seksuelle overgrep. Denne skandalen har n\u00e5 f\u00f8rt til at han ikke lenger har sine kongelige titler. Foto: Steve Parsons and Ben Gabbe \/ various sources \/ AFP)\n      <\/p>\n<p>Kongens yngre bror trakk seg f\u00f8rst tilbake fra sine offentlige plikter i 2019, etter et intervju med nyhetskanalen BBC Newsnight der han blant annet diskuterte vennskapet med Epstein og forholdet til Giuffre og andre unge jenter.\u00a0<\/p>\n<p>          <img loading=\"lazy\" decoding=\"async\" src=\"https:\/\/www.europesays.com\/no\/wp-content\/uploads\/2025\/11\/83869562.webp\" width=\"686\" height=\"542\" title=\"GYLLENT BUR: Andrew har hittil ikke forlatt slottsomr\u00e5det ved Windsor etter at han mistet titlene sine. Foto: NTB\" alt=\"\" class=\"\" style=\"--aspect-ratio-image: 1.27; \"\/><\/p>\n<p>\n          GYLLENT BUR: Andrew har hittil ikke forlatt slottsomr\u00e5det ved Windsor etter at han mistet titlene sine. Foto: NTB\n      <\/p>\n<p>I dette intervjuet uttalte han at han hadde kuttet all kontakt med den d\u00f8mte seksualforbryteren tilbake i 2010.<\/p>\n<p class=\"font-weight-bold m-font-weight-bold\" data-lab-font_weight=\"font-weight-bold\">E-poster mellom duoen, publisert av de britiske tabloidtidsskriftene Mail on Sunday og Sun on Sunday viste imidlertid at de fortsatt var i kontakt i 2011.<\/p>\n<p>          <img loading=\"lazy\" decoding=\"async\" src=\"https:\/\/www.europesays.com\/no\/wp-content\/uploads\/2025\/11\/83443479.webp\" width=\"980\" height=\"559\" title=\"EN SLAGEN MANN: En gang kongelig og h\u00f8ytst\u00e5ende embetsmann - n\u00e5 anklaget for seksuallovbrudd. Foto: Justin TALLIS \/ AFP\" alt=\"\" class=\"\" style=\"--aspect-ratio-image: 1.75; \"\/><\/p>\n<p>\n          EN SLAGEN MANN: En gang kongelig og h\u00f8ytst\u00e5ende embetsmann &#8211; n\u00e5 anklaget for seksuallovbrudd. Foto: Justin TALLIS \/ AFP\n      <\/p>\n<p>Borte\t<\/p>\n<p>Andrew rir n\u00e5 bak h\u00f8ye smijernsporter i omr\u00e5det rundt Windsor Great Park, men rideturen med den ukjente kvinnen, er f\u00f8rste gang han har blitt observert i omr\u00e5det siden 3. oktober 2025.<\/p>\n<p class=\"font-weight-bold m-font-weight-bold\" data-lab-font_weight=\"font-weight-bold\">Hans forrige offentlige opptreden, var i forbindelse med begravelsen til hertuginnen av Kent i Westminister Cathedral 16. september.<\/p>\n<p>          <img loading=\"lazy\" decoding=\"async\" src=\"https:\/\/www.europesays.com\/no\/wp-content\/uploads\/2025\/11\/83867764.webp\" width=\"980\" height=\"559\" title=\"I SKJUL: Andrew har ikke vist seg offentlig siden begravelsen til hertuginnen av Kent tidligere i h\u00f8st. Foto: NTB\" alt=\"\" class=\"\" style=\"--aspect-ratio-image: 1.75; \"\/><\/p>\n<p>\n          I SKJUL: Andrew har ikke vist seg offentlig siden begravelsen til hertuginnen av Kent tidligere i h\u00f8st. Foto: NTB\n      <\/p>\n<p>Tronefall\t<\/p>\n<p>Det var i en uttalelse utgitt av Buckingham Palace datert 30. oktober at hans majestet kunngjorde at de hadde igangsatt en formell prosess for \u00e5 fjerne prins Andrews titler og \u00e6resbevisninger.\u00a0<\/p>\n<p class=\"font-weight-bold m-font-weight-bold\" data-lab-font_weight=\"font-weight-bold\">\u00abPrins Andrew vil n\u00e5 bli kjent som Andrew Mountbatten Windsor. Leiekontrakten hans p\u00e5 Royal Lodge har til dags dato gitt ham juridisk beskyttelse for \u00e5 fortsette i residensen. Formell varsel har n\u00e5 blitt gitt til alternativet for \u00e5 overgi flyttingen til privat innkvartering, til tross for det faktum at han fortsetter \u00e5 benekte anklagene mot ham. Hans kongelige h\u00f8yhet \u00f8nsker \u00e5 gj\u00f8re det klart at deres tanker og ytterste sympatier har v\u00e6rt, og forblir med, ofrene og de overlevende av alle former for overgrep\u00bb, het det i uttalelsen den gang.<\/p>\n<p>    <a itemprop=\"url\" href=\"https:\/\/www.seher.no\/kongelig\/politiet-bekrefter-besoksforbud-til-rettssaken\/83866009\" rel=\"nofollow noopener\" target=\"_blank\"><\/p>\n<p>      <img loading=\"lazy\" decoding=\"async\" src=\"https:\/\/www.europesays.com\/no\/wp-content\/uploads\/2025\/11\/83798467.webp\" width=\"980\" height=\"441\" title=\"Politiet bekrefter: Bes\u00f8ksforbud til rettssaken\" alt=\"\" class=\"lazyload\" style=\"--aspect-ratio-image: 2.22; \"\/><\/p>\n<p>        Politiet bekrefter: Bes\u00f8ksforbud til rettssaken<\/p>\n<p>    <\/a><\/p>\n<p>Selv om Andrews titler n\u00e5 er borte, er han likevel den \u00e5ttende i rekken av dem som kan arve tronen.<\/p>\n<p>Avj\u00f8relsen tatt av kongen, p\u00e5virker imidlertid ikke Andrews d\u00f8tre, prinsesse Beatrice og prinsesse Eugenie, som forblir prinsesser og beholder sine titler.<\/p>\n<p>          <img loading=\"lazy\" decoding=\"async\" src=\"https:\/\/www.europesays.com\/no\/wp-content\/uploads\/2025\/11\/83867763.webp\" width=\"686\" height=\"467\" title=\"P\u00c5VIRKES IKKE: Selv om pappa Andrew er anklaget for \u00e5 v\u00e6re uskikkelig, p\u00e5virker ikke hans tronefall d\u00f8trenes titler. Foto: JUSTIN TALLIS \/ AFP\" alt=\"\" class=\"\" style=\"--aspect-ratio-image: 1.47; \"\/><\/p>\n<p>\n          P\u00c5VIRKES IKKE: Selv om pappa Andrew er anklaget for \u00e5 v\u00e6re uskikkelig, p\u00e5virker ikke hans tronefall d\u00f8trenes titler. Foto: JUSTIN TALLIS \/ AFP\n      <\/p>\n<p>I mellomtiden vil ikke Andrews ekskone, Sarah Ferguson, lenger f\u00e5 bruke tittelen hun hadde &#8211; hertuginne av York.<\/p>\n<p>          <img loading=\"lazy\" decoding=\"async\" src=\"https:\/\/www.europesays.com\/no\/wp-content\/uploads\/2025\/11\/83759868.webp\" width=\"980\" height=\"559\" title=\"EI EN HERTUGINNE: I kj\u00f8lvannet av tittel-skandalen, skal heller ikke Sarah f\u00e5 benytte seg av sin hertuginne-tittel. Foto: Jordan Pettitt\/WPA Pool\/Shutterstock\" alt=\"\" class=\"\" style=\"--aspect-ratio-image: 1.75; \"\/><\/p>\n<p>\n          EI EN HERTUGINNE: I kj\u00f8lvannet av tittel-skandalen, skal heller ikke Sarah f\u00e5 benytte seg av sin hertuginne-tittel. Foto: Jordan Pettitt\/WPA Pool\/Shutterstock\n      <\/p>\n<p>Andrew vil flytte til en ikke-avsl\u00f8rt eiendom &#8211; i en bolig som privat blir finansiert av kong Charles. Kongen vil ogs\u00e5 s\u00f8rge for de private \u00f8konomiske avsetninger for sin bror.<\/p>\n","protected":false},"excerpt":{"rendered":"Etter Epstein-skandalen: Andrew Mountbatten-Windsor (65) lever i et gyllent bur. Her har han skjult seg siden kong Charles&hellip;\n","protected":false},"author":2,"featured_media":90911,"comment_status":"","ping_status":"","sticky":false,"template":"","format":"standard","meta":{"footnotes":""},"categories":[12],"tags":[10361,20,21,24,25,15,3994,76,22,23,13,30,28,29,14,16,7479,9549,4839,26,27,42,43,44,45],"class_list":{"0":"post-90910","1":"post","2":"type-post","3":"status-publish","4":"format-standard","5":"has-post-thumbnail","7":"category-verden","8":"tag-andrew-mountbatten-windsor","9":"tag-breaking-news","10":"tag-breakingnews","11":"tag-featured-news","12":"tag-featurednews","13":"tag-headlines","14":"tag-kong-charles","15":"tag-kongelig","16":"tag-latest-news","17":"tag-latestnews","18":"tag-news","19":"tag-no","20":"tag-norge","21":"tag-norway","22":"tag-nyheter","23":"tag-overskrifter","24":"tag-prinsesse-beatrice","25":"tag-prinsesse-eugenie","26":"tag-sarah-ferguson","27":"tag-top-stories","28":"tag-topstories","29":"tag-verden","30":"tag-world","31":"tag-world-news","32":"tag-worldnews"},"share_on_mastodon":{"url":"https:\/\/pubeurope.com\/@no\/115576229605276913","error":""},"_links":{"self":[{"href":"https:\/\/www.europesays.com\/no\/wp-json\/wp\/v2\/posts\/90910","targetHints":{"allow":["GET"]}}],"collection":[{"href":"https:\/\/www.europesays.com\/no\/wp-json\/wp\/v2\/posts"}],"about":[{"href":"https:\/\/www.europesays.com\/no\/wp-json\/wp\/v2\/types\/post"}],"author":[{"embeddable":true,"href":"https:\/\/www.europesays.com\/no\/wp-json\/wp\/v2\/users\/2"}],"replies":[{"embeddable":true,"href":"https:\/\/www.europesays.com\/no\/wp-json\/wp\/v2\/comments?post=90910"}],"version-history":[{"count":0,"href":"https:\/\/www.europesays.com\/no\/wp-json\/wp\/v2\/posts\/90910\/revisions"}],"wp:featuredmedia":[{"embeddable":true,"href":"https:\/\/www.europesays.com\/no\/wp-json\/wp\/v2\/media\/90911"}],"wp:attachment":[{"href":"https:\/\/www.europesays.com\/no\/wp-json\/wp\/v2\/media?parent=90910"}],"wp:term":[{"taxonomy":"category","embeddable":true,"href":"https:\/\/www.europesays.com\/no\/wp-json\/wp\/v2\/categories?post=90910"},{"taxonomy":"post_tag","embeddable":true,"href":"https:\/\/www.europesays.com\/no\/wp-json\/wp\/v2\/tags?post=90910"}],"curies":[{"name":"wp","href":"https:\/\/api.w.org\/{rel}","templated":true}]}}