{"id":90912,"date":"2025-11-19T11:53:11","date_gmt":"2025-11-19T11:53:11","guid":{"rendered":"https:\/\/www.europesays.com\/no\/90912\/"},"modified":"2025-11-19T11:53:11","modified_gmt":"2025-11-19T11:53:11","slug":"savnet-kvinne-fra-kristiansand-funnet-dod-ved-shetland","status":"publish","type":"post","link":"https:\/\/www.europesays.com\/no\/90912\/","title":{"rendered":"Savnet kvinne fra Kristiansand funnet d\u00f8d ved Shetland"},"content":{"rendered":"\n<p class=\"_lead_o9xde_2 _lead_xtcu6_50 layout-component text-serif-m layout-normal text-serif-l layout-component layout-wide layout-padded _wide_17hqh_1 layout-padded\">Levningene ble funnet i havet i mai 2024.<\/p>\n<ul aria-hidden=\"true\" class=\"_images_18f0k_111\">\n<li><a class=\"_link_18f0k_116\" href=\"https:\/\/www.vg.no\/forfatter\/intisaar-ali\" style=\"z-index:1\" title=\"Intisaar Ali\" rel=\"nofollow noopener\" target=\"_blank\"><img alt=\"Bilde av Intisaar Ali\" class=\"_image_18f0k_93\" fetchpriority=\"low\" loading=\"lazy\" decoding=\"async\" itemprop=\"image\"  src=\"https:\/\/www.europesays.com\/no\/wp-content\/uploads\/2025\/11\/1763553189_682_31e1a332-7865-4acc-a24e-ae6d6674f722\"  width=\"480\"\/><\/a><\/li>\n<\/ul>\n<p> Oppdatert onsdag 19. november kl. 12:48     <\/p>\n<p class=\"_paragraph_o9xde_4 _paragraph_xtcu6_10 layout-component text-serif-m layout-normal text-serif-m layout-padded\">En kvinne som har v\u00e6rt savnet fra V\u00e5gsbygd i Kristiansand siden april 2024, er funnet d\u00f8d ved \u00f8ygruppen Shetland i Skottland.<\/p>\n<p class=\"_paragraph_o9xde_4 _paragraph_xtcu6_10 layout-component text-serif-m layout-normal text-serif-m layout-padded\">Politiet har f\u00e5tt bekreftet at levninger funnet i havet stemmer overens med DNA fra kvinnen. P\u00e5r\u00f8rende er varslet, men \u00f8nsker ikke at navnet offentliggj\u00f8res.<\/p>\n<p class=\"_paragraph_o9xde_4 _paragraph_xtcu6_10 layout-component text-serif-m layout-normal text-serif-m layout-padded\">Kvinnen ble sist sett 5. april 2024 og meldt savnet tre dager senere. Levningene ble funnet allerede 15. mai 2024, men det tok over ett \u00e5r f\u00f8r DNA-treffet ble gjort.<\/p>\n<p class=\"_paragraph_o9xde_4 _paragraph_xtcu6_10 layout-component text-serif-m layout-normal text-serif-m layout-padded\">\u2013 Vi har stor forst\u00e5else for at det har v\u00e6rt krevende og vondt for de n\u00e6rst\u00e5ende \u00e5 ikke vite hvor hun er, sier politiadvokat Vanja Bruvoll i Agder politidistrikt.<\/p>\n<p class=\"_paragraph_o9xde_4 _paragraph_xtcu6_10 layout-component text-serif-m layout-normal text-serif-m layout-padded\">Obduksjonsrapporten fra skotsk politi viser at det var levninger av en kvinne uten \u00e5penbare tegn p\u00e5 skader.<\/p>\n<p>Svikt i politiet<\/p>\n<p class=\"_paragraph_o9xde_4 _paragraph_xtcu6_10 layout-component text-serif-m layout-normal text-serif-m layout-padded\">Politiet holder alle muligheter \u00e5pne om hva som kan ha skjedd. <\/p>\n<p class=\"_paragraph_o9xde_4 _paragraph_xtcu6_10 layout-component text-serif-m layout-normal text-serif-m layout-padded\">Bruvoll sier at straffbare forhold, ulykke, sykdom eller selvmord alle er aktuelle teorier.<\/p>\n<p class=\"_paragraph_o9xde_4 _paragraph_xtcu6_10 layout-component text-serif-m layout-normal text-serif-m layout-padded\">\u2013 Politiet har ingen teorier om hva som har skjedd som st\u00e5r sterkere enn andre i denne saken, sier hun.<\/p>\n<p class=\"_paragraph_o9xde_4 _paragraph_xtcu6_10 layout-component text-serif-m layout-normal text-serif-m layout-padded\"><strong class=\"_strong_o9xde_25\">En svikt i politiets rutiner gjorde at kvinnen ikke ble etterlyst internasjonalt f\u00f8r 7. november i \u00e5r.<\/strong><\/p>\n<p class=\"_paragraph_o9xde_4 _paragraph_xtcu6_10 layout-component text-serif-m layout-normal text-serif-m layout-padded\">Det var f\u00f8rst da hun ble etterlyst internasjonalt gjennom Interpols database at DNA-treffet ble gjort.<\/p>\n<p class=\"_paragraph_o9xde_4 _paragraph_xtcu6_10 layout-component text-serif-m layout-normal text-serif-m layout-padded\">\u2013 Den savnede skulle v\u00e6rt etterlyst i Schengen-samarbeidet da savnet-meldingen kom inn til politiet. Vi har beklaget overfor de p\u00e5r\u00f8rende at dette ikke er gjort, sier p\u00e5taleleder Terje Kaddeberg Skaar.<\/p>\n<p class=\"_paragraph_o9xde_4 _paragraph_xtcu6_10 layout-component text-serif-m layout-normal text-serif-m layout-padded\">De sier ogs\u00e5 at de har beklaget til de p\u00e5r\u00f8rende at dette ikke ble gjort. <\/p>\n<p class=\"_paragraph_o9xde_4 _paragraph_xtcu6_10 layout-component text-serif-m layout-normal text-serif-m layout-padded\">\u2013 Denne saken viser at vi burde etterlyse personer internasjonalt p\u00e5 et tidligere tidspunkt enn hva som ble gjort i dette tilfellet. Vi gjennomg\u00e5r n\u00e5 v\u00e5re rutiner p\u00e5 systemniv\u00e5 for internasjonal etterlysning. <\/p>\n<p>    <img decoding=\"async\" alt=\"Tips oss illustrasjon\" src=\"https:\/\/www.europesays.com\/no\/wp-content\/uploads\/2025\/10\/pssst-small.webp.webp\"\/>    <\/p>\n<p class=\"title-serif-s\">Har du tips?<\/p>\n<p class=\"text-sans-m\">Send oss informasjon, bilder eller video.<\/p>\n<p>  <a href=\"https:\/\/www.vg.no\/tips-oss\" rel=\"nofollow noopener\" target=\"_blank\"> Tips oss <\/a>      <\/p>\n","protected":false},"excerpt":{"rendered":"Levningene ble funnet i havet i mai 2024. Oppdatert onsdag 19. november kl. 12:48 En kvinne som har&hellip;\n","protected":false},"author":2,"featured_media":90913,"comment_status":"","ping_status":"","sticky":false,"template":"","format":"standard","meta":{"footnotes":""},"categories":[10],"tags":[31,20,21,24,25,15,22,23,13,30,28,29,14,16,26,27],"class_list":{"0":"post-90912","1":"post","2":"type-post","3":"status-publish","4":"format-standard","5":"has-post-thumbnail","7":"category-norge","8":"tag-breaking","9":"tag-breaking-news","10":"tag-breakingnews","11":"tag-featured-news","12":"tag-featurednews","13":"tag-headlines","14":"tag-latest-news","15":"tag-latestnews","16":"tag-news","17":"tag-no","18":"tag-norge","19":"tag-norway","20":"tag-nyheter","21":"tag-overskrifter","22":"tag-top-stories","23":"tag-topstories"},"share_on_mastodon":{"url":"https:\/\/pubeurope.com\/@no\/115576229702186869","error":""},"_links":{"self":[{"href":"https:\/\/www.europesays.com\/no\/wp-json\/wp\/v2\/posts\/90912","targetHints":{"allow":["GET"]}}],"collection":[{"href":"https:\/\/www.europesays.com\/no\/wp-json\/wp\/v2\/posts"}],"about":[{"href":"https:\/\/www.europesays.com\/no\/wp-json\/wp\/v2\/types\/post"}],"author":[{"embeddable":true,"href":"https:\/\/www.europesays.com\/no\/wp-json\/wp\/v2\/users\/2"}],"replies":[{"embeddable":true,"href":"https:\/\/www.europesays.com\/no\/wp-json\/wp\/v2\/comments?post=90912"}],"version-history":[{"count":0,"href":"https:\/\/www.europesays.com\/no\/wp-json\/wp\/v2\/posts\/90912\/revisions"}],"wp:featuredmedia":[{"embeddable":true,"href":"https:\/\/www.europesays.com\/no\/wp-json\/wp\/v2\/media\/90913"}],"wp:attachment":[{"href":"https:\/\/www.europesays.com\/no\/wp-json\/wp\/v2\/media?parent=90912"}],"wp:term":[{"taxonomy":"category","embeddable":true,"href":"https:\/\/www.europesays.com\/no\/wp-json\/wp\/v2\/categories?post=90912"},{"taxonomy":"post_tag","embeddable":true,"href":"https:\/\/www.europesays.com\/no\/wp-json\/wp\/v2\/tags?post=90912"}],"curies":[{"name":"wp","href":"https:\/\/api.w.org\/{rel}","templated":true}]}}