{"id":90915,"date":"2025-11-19T11:57:10","date_gmt":"2025-11-19T11:57:10","guid":{"rendered":"https:\/\/www.europesays.com\/no\/90915\/"},"modified":"2025-11-19T11:57:10","modified_gmt":"2025-11-19T11:57:10","slug":"vendela-kirsebom-deler-aerlig-om-overgangsalderen-og-kvinnehelse","status":"publish","type":"post","link":"https:\/\/www.europesays.com\/no\/90915\/","title":{"rendered":"Vendela Kirsebom deler \u00e6rlig om overgangsalderen og kvinnehelse"},"content":{"rendered":"<p class=\"kicker t20\" style=\"\">Vendela Kirsebom:\u00a0<\/p>\n<p>  Etter et liv preget av glamour og rampelys, \u00e5pner modellen opp om en fase av livet som rammer alle kvinner.<\/p>\n<p>\n    \u00c5PNER OPP: I en ny podkast-episode \u00e5pner den tidligere modellen opp om overgangsalderen. Foto: Andreas Fadum \/ Se og H\u00f8r\n  <\/p>\n<p> Som 13-\u00e5ring ble hun \u00aboppdaget\u00bb p\u00e5 en restaurant hjemme i Sverige.\u00a0<\/p>\n<p>Vendela Kirsebom (58) startet \u00e5 jobbe som modell i ung alder, og p\u00e5 den tiden visste hun lite om hva hun hadde i vente. <\/p>\n<p>    <a itemprop=\"url\" href=\"https:\/\/www.seher.no\/kjendis\/deler-hyllest\/83867490\" rel=\"nofollow noopener\" target=\"_blank\"><\/p>\n<p>      <img loading=\"lazy\" decoding=\"async\" src=\"https:\/\/www.europesays.com\/no\/wp-content\/uploads\/2025\/11\/1763553429_557_83868844.webp\" width=\"980\" height=\"441\" title=\"- Ja, jeg er en dag for sen\" alt=\"\" class=\"lazyload\" style=\"--aspect-ratio-image: 2.22; \"\/><\/p>\n<p>        &#8211; Ja, jeg er en dag for sen<\/p>\n<p>    <\/a><\/p>\n<p> Gjennom flere ti\u00e5r har livet hennes bydd p\u00e5 opplevelser og jobber de fleste av oss bare kan dr\u00f8mme om.\u00a0<\/p>\n<p>Det var i 1993, som covergirl i Sports Illustrated, at modellkarrieren virkelig n\u00e5dde toppen. <\/p>\n<p>          <img loading=\"lazy\" decoding=\"async\" src=\"https:\/\/www.europesays.com\/no\/wp-content\/uploads\/2025\/11\/83869268.webp\" width=\"686\" height=\"1078\" title=\"SPORTS ILLUSTRATED: Det var denne forsiden som virkelig satt fart p\u00e5 modellkrarrieren til Vendela. Foto: NTB\" alt=\"\" class=\"\" style=\"--aspect-ratio-image: 0.64; \"\/><\/p>\n<p>\n          SPORTS ILLUSTRATED: Det var denne forsiden som virkelig satt fart p\u00e5 modellkrarrieren til Vendela. Foto: NTB\n      <\/p>\n<p>Men tiden har g\u00e5tt og Vendela har byttet ut \u00abfine dining\u00bb i New York med leilighet p\u00e5 Frogner sammen med sin ektemann Petter Pilgaard (45).<\/p>\n<p>    <a itemprop=\"url\" href=\"https:\/\/www.seher.no\/kjendis\/roper-sa-mye-smerter\/83867169\" rel=\"nofollow noopener\" target=\"_blank\"><\/p>\n<p>      <img loading=\"lazy\" decoding=\"async\" src=\"https:\/\/www.europesays.com\/no\/wp-content\/uploads\/2025\/11\/1763553430_199_83867408.webp\" width=\"980\" height=\"441\" title=\"R\u00f8per: - S\u00e5 mye smerter\" alt=\"\" class=\"lazyload\" style=\"--aspect-ratio-image: 2.22; \"\/><\/p>\n<p>        R\u00f8per: &#8211; S\u00e5 mye smerter<\/p>\n<p>    <\/a><\/p>\n<p> N\u00e5, etter et liv preget av glamour, reiser og rampelys, \u00e5pner hun opp om en fase av livet som rammer alle kvinner.\u00a0<\/p>\n<p>I en fersk episode av podkasten \u00ab<a href=\"https:\/\/open.spotify.com\/show\/793z8gXYEtNsVs9KKWEhpv\" rel=\"nofollow noopener\" target=\"_blank\">Triana &amp; Julie: Dans p\u00e5 roser<\/a>\u00bb forteller Vendela \u00e6rlig om sin opplevelse med overgangsalderen:\u00a0<\/p>\n<p>          <img loading=\"lazy\" decoding=\"async\" src=\"https:\/\/www.europesays.com\/no\/wp-content\/uploads\/2025\/11\/83869348.webp\" width=\"686\" height=\"968\" title=\"1995: Vendela Kirsebom sammen med filmprodusenten Jon Peters p\u00e5 premieren til filmen \u00abBatman Forever\u00bb. Foto: Rex \/ NTB\" alt=\"\" class=\"\" style=\"--aspect-ratio-image: 0.71; \"\/><\/p>\n<p>\n          1995: Vendela Kirsebom sammen med filmprodusenten Jon Peters p\u00e5 premieren til filmen \u00abBatman Forever\u00bb. Foto: Rex \/ NTB\n      <\/p>\n<p>&#8211; Vi kvinner m\u00e5 prate om det. Og vi m\u00e5 sette ord p\u00e5 hvordan man f\u00f8ler seg. For det er jo s\u00e5 mye greier.\u00a0 Det kan v\u00e6re b\u00e5de s\u00f8vnproblemer,\u00a0 sexproblemer, angst og svettetokter, forteller hun.\u00a0<\/p>\n<p>        OVERSKUDDSPROSJEKT: Jan Thomas har mange baller i luften, men n\u00e5 mener han det er p\u00e5 tide \u00e5 gi tilbake. Video: H\u00e5vard Bj\u00f8rnerem<\/p>\n<p> Hun bruker ogs\u00e5 anledningen til \u00e5 snakke om kvinnehelse, og viktigheten av \u00e5 bli tatt p\u00e5 alvor:<\/p>\n<p>&#8211; Hadde det v\u00e6rt en mann som hadde g\u00e5tt inn der (p\u00e5 legekontoret, journ.anm.) og snakket om sine hormoner, s\u00e5 hadde han jo blitt h\u00f8rt. F\u00e5 hjelp av fastlegen, men kom dere til noen som faktisk tar det seri\u00f8st. Det er mange ting som vi ikke blir opplyst om ang\u00e5ende kvinnehelse, presiserer hun.\u00a0<\/p>\n<p>          <img loading=\"lazy\" decoding=\"async\" src=\"https:\/\/www.europesays.com\/no\/wp-content\/uploads\/2025\/11\/83869392.webp\" width=\"686\" height=\"563\" title=\"GIFT: Vendela Kirsebom giftet seg med sin utk\u00e5rede, Petter Pilgaard, i 2022. Det var p\u00e5 \u00abFarmen\u00bb i 2016 at paret falt for hverandre, og siden har de holdt i lag. Foto: Morten Eik\" alt=\"\" class=\"\" style=\"--aspect-ratio-image: 1.22; filter: saturate(1.2);\"\/><\/p>\n<p>\n          GIFT: Vendela Kirsebom giftet seg med sin utk\u00e5rede, Petter Pilgaard, i 2022. Det var p\u00e5 \u00abFarmen\u00bb i 2016 at paret falt for hverandre, og siden har de holdt i lag. Foto: Morten Eik\n      <\/p>\n<p>For Vendela personlig er det s\u00f8vnen det har g\u00e5tt mest utover.\u00a0<\/p>\n<p>&#8211; Jeg er s\u00e5 tr\u00f8tt, men f\u00e5r ikke sove&#8230; Jeg har jo alltid kunnet sove overalt.\u00a0 Men plutselig s\u00e5 bare ligger jeg v\u00e5ken n\u00e5r klokken er fire p\u00e5 morgenen. Det er jo tortur. Man blir litt gal. Det g\u00e5r utover alt det mentale og fysiske og hele livskvaliteten, avslutter hun.\u00a0<\/p>\n","protected":false},"excerpt":{"rendered":"Vendela Kirsebom:\u00a0 Etter et liv preget av glamour og rampelys, \u00e5pner modellen opp om en fase av livet&hellip;\n","protected":false},"author":2,"featured_media":90916,"comment_status":"","ping_status":"","sticky":false,"template":"","format":"standard","meta":{"footnotes":""},"categories":[58],"tags":[71,479,2543,30,28,29,8079,72,2281],"class_list":{"0":"post-90915","1":"post","2":"type-post","3":"status-publish","4":"format-standard","5":"has-post-thumbnail","7":"category-underholdning","8":"tag-entertainment","9":"tag-kjendis","10":"tag-kjendisdesken","11":"tag-no","12":"tag-norge","13":"tag-norway","14":"tag-petter-pilgaard","15":"tag-underholdning","16":"tag-vendela-kirsebom"},"share_on_mastodon":{"url":"https:\/\/pubeurope.com\/@no\/115576245255156740","error":""},"_links":{"self":[{"href":"https:\/\/www.europesays.com\/no\/wp-json\/wp\/v2\/posts\/90915","targetHints":{"allow":["GET"]}}],"collection":[{"href":"https:\/\/www.europesays.com\/no\/wp-json\/wp\/v2\/posts"}],"about":[{"href":"https:\/\/www.europesays.com\/no\/wp-json\/wp\/v2\/types\/post"}],"author":[{"embeddable":true,"href":"https:\/\/www.europesays.com\/no\/wp-json\/wp\/v2\/users\/2"}],"replies":[{"embeddable":true,"href":"https:\/\/www.europesays.com\/no\/wp-json\/wp\/v2\/comments?post=90915"}],"version-history":[{"count":0,"href":"https:\/\/www.europesays.com\/no\/wp-json\/wp\/v2\/posts\/90915\/revisions"}],"wp:featuredmedia":[{"embeddable":true,"href":"https:\/\/www.europesays.com\/no\/wp-json\/wp\/v2\/media\/90916"}],"wp:attachment":[{"href":"https:\/\/www.europesays.com\/no\/wp-json\/wp\/v2\/media?parent=90915"}],"wp:term":[{"taxonomy":"category","embeddable":true,"href":"https:\/\/www.europesays.com\/no\/wp-json\/wp\/v2\/categories?post=90915"},{"taxonomy":"post_tag","embeddable":true,"href":"https:\/\/www.europesays.com\/no\/wp-json\/wp\/v2\/tags?post=90915"}],"curies":[{"name":"wp","href":"https:\/\/api.w.org\/{rel}","templated":true}]}}