{"id":90921,"date":"2025-11-19T12:01:13","date_gmt":"2025-11-19T12:01:13","guid":{"rendered":"https:\/\/www.europesays.com\/no\/90921\/"},"modified":"2025-11-19T12:01:13","modified_gmt":"2025-11-19T12:01:13","slug":"ulykker-trafikk-trafikkulykke-utenfor-toventunnelen","status":"publish","type":"post","link":"https:\/\/www.europesays.com\/no\/90921\/","title":{"rendered":"Ulykker, Trafikk | Trafikkulykke utenfor Toventunnelen"},"content":{"rendered":"\n<p>N\u00f8detatene rykker ut etter \u00e5 ha mottatt melding om en trafikkulykke utenfor nordsiden av Toventunnelen. <\/p>\n<p>\u2013 En person skal ha kj\u00f8rt i baken p\u00e5 en annen personbil, melder operasjonsleder May Wenche Hansen i politiloggen klokken 11:34. <\/p>\n<p>Alle involverte har kommet seg ut av bilene, og det er ikke meldt om alvorlig personskade. <\/p>\n<p><b>Oppdatert kl. 12:01: <\/b>N\u00f8detatene har n\u00e5 ankommet stedet. Det er tre personer involvert i hendelsen, og veien er stengt. <\/p>\n<p><b>Oppdatert kl. 12:20: <\/b>Politiet foretar avh\u00f8r p\u00e5 stedet, og bevissikring er foretatt. Veien vil snart \u00e5pne igjen, melder operasjonslederen. <\/p>\n<p><b>Oppdatert kl. 12:46:<\/b> Veien er n\u00e5 \u00e5pen for trafikk igjen. Politiet opplyser at det ikke er mistanke om at sj\u00e5f\u00f8ren var rusp\u00e5virket. <\/p>\n<p>\u2013 \u00c5rsaken til ulykken kan v\u00e6re over-ising av frontruten i det de kom inn i tunnelen, melder operasjonsleder Hansen i politiloggen.<\/p>\n<p>Politiet oppretter sak p\u00e5 hendelsen.<\/p>\n","protected":false},"excerpt":{"rendered":"N\u00f8detatene rykker ut etter \u00e5 ha mottatt melding om en trafikkulykke utenfor nordsiden av Toventunnelen. \u2013 En person&hellip;\n","protected":false},"author":2,"featured_media":6042,"comment_status":"","ping_status":"","sticky":false,"template":"","format":"standard","meta":{"footnotes":""},"categories":[10],"tags":[2486,36,20,21,24,25,15,22,23,2688,13,30,28,29,14,16,1510,26,27,224,1204],"class_list":{"0":"post-90921","1":"post","2":"type-post","3":"status-publish","4":"format-standard","5":"has-post-thumbnail","7":"category-norge","8":"tag-alstahaug","9":"tag-art","10":"tag-breaking-news","11":"tag-breakingnews","12":"tag-featured-news","13":"tag-featurednews","14":"tag-headlines","15":"tag-latest-news","16":"tag-latestnews","17":"tag-leirfjord","18":"tag-news","19":"tag-no","20":"tag-norge","21":"tag-norway","22":"tag-nyheter","23":"tag-overskrifter","24":"tag-story","25":"tag-top-stories","26":"tag-topstories","27":"tag-trafikk","28":"tag-ulykker"},"share_on_mastodon":{"url":"https:\/\/pubeurope.com\/@no\/115576260792588639","error":""},"_links":{"self":[{"href":"https:\/\/www.europesays.com\/no\/wp-json\/wp\/v2\/posts\/90921","targetHints":{"allow":["GET"]}}],"collection":[{"href":"https:\/\/www.europesays.com\/no\/wp-json\/wp\/v2\/posts"}],"about":[{"href":"https:\/\/www.europesays.com\/no\/wp-json\/wp\/v2\/types\/post"}],"author":[{"embeddable":true,"href":"https:\/\/www.europesays.com\/no\/wp-json\/wp\/v2\/users\/2"}],"replies":[{"embeddable":true,"href":"https:\/\/www.europesays.com\/no\/wp-json\/wp\/v2\/comments?post=90921"}],"version-history":[{"count":0,"href":"https:\/\/www.europesays.com\/no\/wp-json\/wp\/v2\/posts\/90921\/revisions"}],"wp:featuredmedia":[{"embeddable":true,"href":"https:\/\/www.europesays.com\/no\/wp-json\/wp\/v2\/media\/6042"}],"wp:attachment":[{"href":"https:\/\/www.europesays.com\/no\/wp-json\/wp\/v2\/media?parent=90921"}],"wp:term":[{"taxonomy":"category","embeddable":true,"href":"https:\/\/www.europesays.com\/no\/wp-json\/wp\/v2\/categories?post=90921"},{"taxonomy":"post_tag","embeddable":true,"href":"https:\/\/www.europesays.com\/no\/wp-json\/wp\/v2\/tags?post=90921"}],"curies":[{"name":"wp","href":"https:\/\/api.w.org\/{rel}","templated":true}]}}